{"id":453578,"date":"2025-10-10T22:34:18","date_gmt":"2025-10-10T22:34:18","guid":{"rendered":"https:\/\/www.europesays.com\/fr\/453578\/"},"modified":"2025-10-10T22:34:18","modified_gmt":"2025-10-10T22:34:18","slug":"atelier-quand-le-musee-expose-lacte-createur","status":"publish","type":"post","link":"https:\/\/www.europesays.com\/fr\/453578\/","title":{"rendered":"Atelier : quand le mus\u00e9e expose l&rsquo;acte cr\u00e9ateur"},"content":{"rendered":"<p>Transposer un atelier d\u2019artiste dans un mus\u00e9e n\u2019est pas un geste anodin, autant par son ambition mat\u00e9rielle que narrative. Les ateliers de Francis Bacon, Alberto Giacometti et Constantin Brancusi, trois hommes artistes modernes, sont de rares exemples d\u2019une forme de mus\u00e9ification de la cr\u00e9ation. Visites.<\/p>\n<p>Au sol, des feuilles de papier journal froiss\u00e9es, des pots de peinture vides, des linges souill\u00e9s, des dizaines de revues, un catalogue V\u00e9lasquez ouvert sur le ventre, le portrait photo d\u2019un jeune bell\u00e2tre, les pages d\u2019un carnet coll\u00e9es d\u2019images de l\u00e9sions dermatologiques. Le plafond, lambriss\u00e9 de bois et perc\u00e9 d\u2019un vasistas d\u2019o\u00f9 coule une lumi\u00e8re z\u00e9nithale, est tach\u00e9 de gicl\u00e9es de peinture que l\u2019on retrouve jusque sur la porte d\u2019entr\u00e9e de la pi\u00e8ce, qui mesure \u00e0 peine vingt m\u00e8tres carr\u00e9s. Des pinceaux par centaines, une dizaine de toiles, des chevalets, des photographies, un miroir rond, lui aussi recouvert de peinture. Nous sommes dans l\u2019atelier de Francis Bacon (1909-1992), tel qu\u2019il y travailla, au 7 Reece Mews \u00e0 Londres, pendant 30\u00a0ans. Mais nous ne sommes pas \u00e0 Londres. Nous sommes \u00e0 Dublin, en Irlande, o\u00f9 le peintre est n\u00e9 et ne v\u00e9cut que quelques ann\u00e9es. Plus pr\u00e9cis\u00e9ment \u00e0 la <a href=\"https:\/\/hughlane.ie\" rel=\"nofollow noopener\" target=\"_blank\">Hugh Lane Gallery<\/a>, mus\u00e9e municipal inaugur\u00e9 dans la n\u00e9oclassique Charlemont House en 1933. De 1998 \u00e0 2001, l\u2019atelier londonien de Francis Bacon y a \u00e9t\u00e9 enti\u00e8rement transpos\u00e9, traversant les quelque 460\u00a0kilom\u00e8tres (\u00e0 vol d\u2019oiseau) qui s\u00e9parent les deux capitales. \u00c0 l\u2019initiative de ce projet in\u00e9dit et hors norme, Barbara Dawson, directrice du mus\u00e9e depuis 1991, se souvient\u00a0: \u00ab\u00a0Nous avons transpos\u00e9 jusqu\u2019\u00e0 la poussi\u00e8re du studio\u2026 Il n\u2019y avait pas de pr\u00e9c\u00e9dent, nous n\u2019avions pas de mod\u00e8le.\u00a0\u00bb\u00a0<\/p>\n<p>Ailleurs dans le monde, de tr\u00e8s nombreux ateliers d\u2019artistes, plus ou moins gard\u00e9s dans leur jus, ont ouvert au public apr\u00e8s la mort de leur occupant\u00a0: Casa Azul de Frida Kahlo \u00e0 Coyoac\u00e1n, au Mexique, maison-atelier de Louise Bourgeois \u00e0 New York, maison-atelier d\u2019Henry Moore dans le Hertfordshire, appartement de Carol Rama \u00e0 Turin\u2026 En France, les ateliers-mus\u00e9es sont un vrai enjeu patrimonial\u00a0: ch\u00e2teau de Rosa Bonheur \u00e0 Thomery, mus\u00e9es Bourdelle, Zadkine, Delacroix et Gustave Moreau \u00e0 Paris, mus\u00e9e Rodin \u00e0 Meudon, villa Hartung-Bergman \u00e0 Antibes, maison de Claude Monet \u00e0 Giverny, atelier-appartement de Suzanne Valadon devenu mus\u00e9e de Montmartre, atelier Chana Orloff \u00e0 Montparnasse\u2026 Comme le montre \u00e9galement <a href=\"https:\/\/www.lequotidiendelart.com\/articles\/26498-le-biopic-d-artiste-un-mauvais-genre.html\" rel=\"nofollow noopener\" target=\"_blank\">la vogue des biopics d\u2019artistes au cin\u00e9ma<\/a>, la repr\u00e9sentation plus ou moins r\u00e9aliste de la cr\u00e9ation captive le public.\u00a0<\/p>\n<p>En 2017, la Tate Modern de Londres choisissait de recourir \u00e0 la r\u00e9alit\u00e9 virtuelle pour reconstituer <a href=\"https:\/\/www.tate.org.uk\/whats-on\/tate-modern\/modigliani\/modigliani-vr-ochre-atelier\" rel=\"nofollow noopener\" target=\"_blank\">le dernier atelier parisien qu\u2019occupa Modigliani<\/a>\u00a0en 1919-1920, rue de la Grande-Chaumi\u00e8re. R\u00e9alis\u00e9 \u00e0 partir des objets rep\u00e9r\u00e9s dans les derni\u00e8res \u0153uvres de l\u2019artiste (y compris une bo\u00eete de sardines et un paquet de cigarettes), le r\u00e9sultat aboutissait \u00e0 une artificialit\u00e9 apportant peu \u00e0 la compr\u00e9hension du travail. \u00c0 ce titre, on peut constater que la VR ne surpasse toujours pas la peinture elle-m\u00eame\u00a0: bien que Gustave Courbet ait lui-m\u00eame qualifi\u00e9 son tableau de six m\u00e8tres de large d\u2019\u00ab\u00a0all\u00e9gorie r\u00e9elle\u00a0\u00bb et qu\u2019il comporte de nombreux \u00e9l\u00e9ments imaginaires et anachroniques, L\u2019Atelier du peintre (1854-1855) pr\u00e9sente, par son caract\u00e8re vivant, un plus grand r\u00e9alisme. On se souvient d\u2019ailleurs de l\u2019effet saisissant que produisait sa restauration dans les salles du mus\u00e9e d\u2019Orsay, en 2014-2015, alors que l\u2019\u0153uvre \u00e9tait visible dans une pi\u00e8ce vitr\u00e9e o\u00f9 s\u2019activait une \u00e9quipe de restauratrices\u00a0: l\u2019atelier de l\u2019atelier\u2026<\/p>\n<p>Bac\u2026<\/p>\n","protected":false},"excerpt":{"rendered":"Transposer un atelier d\u2019artiste dans un mus\u00e9e n\u2019est pas un geste anodin, autant par son ambition mat\u00e9rielle que&hellip;\n","protected":false},"author":2,"featured_media":453579,"comment_status":"","ping_status":"","sticky":false,"template":"","format":"standard","meta":{"footnotes":""},"categories":[1358],"tags":[57903,1348,1384,1385,57902,57905,1386,58,59,1011,27,57904,7107],"class_list":{"0":"post-453578","1":"post","2":"type-post","3":"status-publish","4":"format-standard","5":"has-post-thumbnail","7":"category-arts-et-design","8":"tag-alberto-giacometti","9":"tag-arts","10":"tag-arts-and-design","11":"tag-arts-et-design","12":"tag-ateliers-dartiste","13":"tag-constantin-brancusi","14":"tag-design","15":"tag-divertissement","16":"tag-entertainment","17":"tag-fr","18":"tag-france","19":"tag-francis-bacon","20":"tag-musees"},"share_on_mastodon":{"url":"https:\/\/pubeurope.com\/@fr\/115352257471155056","error":""},"_links":{"self":[{"href":"https:\/\/www.europesays.com\/fr\/wp-json\/wp\/v2\/posts\/453578","targetHints":{"allow":["GET"]}}],"collection":[{"href":"https:\/\/www.europesays.com\/fr\/wp-json\/wp\/v2\/posts"}],"about":[{"href":"https:\/\/www.europesays.com\/fr\/wp-json\/wp\/v2\/types\/post"}],"author":[{"embeddable":true,"href":"https:\/\/www.europesays.com\/fr\/wp-json\/wp\/v2\/users\/2"}],"replies":[{"embeddable":true,"href":"https:\/\/www.europesays.com\/fr\/wp-json\/wp\/v2\/comments?post=453578"}],"version-history":[{"count":0,"href":"https:\/\/www.europesays.com\/fr\/wp-json\/wp\/v2\/posts\/453578\/revisions"}],"wp:featuredmedia":[{"embeddable":true,"href":"https:\/\/www.europesays.com\/fr\/wp-json\/wp\/v2\/media\/453579"}],"wp:attachment":[{"href":"https:\/\/www.europesays.com\/fr\/wp-json\/wp\/v2\/media?parent=453578"}],"wp:term":[{"taxonomy":"category","embeddable":true,"href":"https:\/\/www.europesays.com\/fr\/wp-json\/wp\/v2\/categories?post=453578"},{"taxonomy":"post_tag","embeddable":true,"href":"https:\/\/www.europesays.com\/fr\/wp-json\/wp\/v2\/tags?post=453578"}],"curies":[{"name":"wp","href":"https:\/\/api.w.org\/{rel}","templated":true}]}}