{"id":453591,"date":"2025-10-10T22:41:09","date_gmt":"2025-10-10T22:41:09","guid":{"rendered":"https:\/\/www.europesays.com\/fr\/453591\/"},"modified":"2025-10-10T22:41:09","modified_gmt":"2025-10-10T22:41:09","slug":"je-perds-mon-temps-philippe-etchebest-interrompt-definitivement-le-tournage-dun-episode-de-cauchemar-en-cuisine-sur-m6","status":"publish","type":"post","link":"https:\/\/www.europesays.com\/fr\/453591\/","title":{"rendered":"\u00ab\u00a0Je perds mon temps\u00a0\u00bb : Philippe Etchebest interrompt d\u00e9finitivement le tournage d&rsquo;un \u00e9pisode de \u00ab\u00a0Cauchemar en cuisine\u00a0\u00bb sur M6"},"content":{"rendered":"<p>La suite apr\u00e8s la publicit\u00e9<\/p>\n<p>Apr\u00e8s <a href=\"https:\/\/www.ozap.com\/actu\/je-n-ai-jamais-vu-ca-de-ma-vie-philippe-etchebest-perd-ses-nerfs-dans-cauchemar-en-cuisine-et-fait-une-demande-inedite-dans-l-histoire-de-l-emission\/651562\" rel=\"nofollow noopener\" target=\"_blank\">avoir \u00e9t\u00e9 choqu\u00e9 par l&rsquo;\u00e9tat de la cuisine d&rsquo;Amina et fait une demande in\u00e9dite<\/a>, Philippe Etchebest s&rsquo;est encore retrouv\u00e9 face \u00e0 une situation d\u00e9licate dans \u00ab\u00a0Cauchemar en cuisine\u00a0\u00bb, ce vendredi 10 octobre. Dans un extrait d\u00e9voil\u00e9 sur ses r\u00e9seaux sociaux, <a href=\"https:\/\/www.ozap.com\/actu\/il-ma-vu-et-il-est-parti-philippe-etchebest-fait-face-a-une-situation-inedite-dans-lhistoire-de-cauchemar-en-cuisine-sur-m6\/651971\" rel=\"nofollow noopener\" target=\"_blank\">M6 avait d\u00e9j\u00e0 montr\u00e9 le chef compl\u00e8tement abasourdi par ce qu&rsquo;il vit dans le restaurant de Bachir \u00e0 S\u00e8te<\/a>. \u00ab\u00a0Pour la premi\u00e8re fois dans l&rsquo;histoire de Cauchemar en Cuisine, Philippe Etchebest fait face \u00e0 une situation inattendue. Vraiment inattendue\u00a0\u00bb, expliquait la voix off. Le chef se retrouvait alors seul dans le restaurant : \u00ab\u00a0Il y a quelqu&rsquo;un ? Personne. Bonjour ? Il y a personne qui vient me chercher, c&rsquo;est quand m\u00eame incroyable&#8230; Hallucinant !\u00a0\u00bb. Quelques instants plus tard, il a d\u00e9couvert que l&rsquo;un des restaurateurs s&rsquo;\u00e9tait enfui en le voyant arriver : \u00ab\u00a0Ah, parce qu&rsquo;il m&rsquo;a vu ! Oh, c&rsquo;est une blague ! Ah, il m&rsquo;a vu, il est parti !\u00a0\u00bb.<\/p>\n<p>\u00ab\u00a0Je n&rsquo;ai jamais \u00e9t\u00e9 accueilli de cette mani\u00e8re\u00a0\u00bb<\/p>\n<p>Mais que s&rsquo;est-il r\u00e9ellement pass\u00e9 dans ce restaurant ? Dans les premi\u00e8res minutes de l&rsquo;\u00e9pisode, diffus\u00e9 ce vendredi \u00e0 21h10, les t\u00e9l\u00e9spectateurs de M6 ont d\u00e9couvert que Bachir, le g\u00e9rant est absent, et que son fils, Yacine, a pris ses jambes \u00e0 son cou quand le chef est entr\u00e9 dans le restaurant. \u00ab\u00a0Il a pris peur\u00a0\u00bb, assure Dylan, son fr\u00e8re qui aide au restaurant, avant de s&rsquo;inqui\u00e9ter : \u00ab\u00a0Au restaurant, il n&rsquo;y a que moi et ma m\u00e8re. Je me demande ce qu&rsquo;on va faire\u2026\u00a0\u00bb. <a href=\"https:\/\/www.ozap.com\/personnalite\/philippe-etchebest_e189583\" rel=\"nofollow noopener\" target=\"_blank\">Philippe Etchebest<\/a>, lui, n&rsquo;est pas encore au courant de la fuite de l&rsquo;un de ses h\u00f4tes, mais est d\u00e9j\u00e0 surpris par l&rsquo;accueil. En effet, personne ne vient le voir. : \u00ab\u00a0Je n&rsquo;ai jamais \u00e9t\u00e9 accueilli de cette mani\u00e8re dans &lsquo;Cauchemar en cuisine&rsquo;. J&rsquo;ai tout eu, des gens qui pleuraient, d&rsquo;autres qui se sont mis \u00e0 genoux, mais au moins, j&rsquo;avais quelqu&rsquo;un en face de moi\u00a0\u00bb.<\/p>\n<p>Il d\u00e9cide donc d&rsquo;aller directement dans la cuisine et se rend compte qu&rsquo;il y a un probl\u00e8me. Bachir est en Alg\u00e9rie, et Aurora, la serveuse qui l&rsquo;a fait venir, n&rsquo;est pas l\u00e0 non plus. Apr\u00e8s avoir d\u00e9jeun\u00e9, le chef apprend la fuite de Yacine lors de son arriv\u00e9e. \u00ab\u00a0Je suis d\u00e9sol\u00e9. Je ne sais pas si tu te rends compte du nombre de restaurateurs qui font appel \u00e0 moi pour que je vienne les aider. J&rsquo;ai d\u00e9cid\u00e9 de venir ici, chez vous, au d\u00e9triment de plein d&rsquo;autres. Je perds mon temps\u00a0\u00bb, l\u00e2che-t-il \u00e0 Dylan.<\/p>\n<p>\u00ab\u00a0Je ne peux pas intervenir dans votre \u00e9tablissement\u00a0\u00bb<\/p>\n<p>Apr\u00e8s avoir discut\u00e9 avec Aurora, qui lui a expliqu\u00e9 qu&rsquo;elle n&rsquo;est pas venue pour le service du midi, car elle n&rsquo;en peut plus, le c\u00e9l\u00e8bre cuisinier prend une d\u00e9cision lourde de cons\u00e9quences : il arr\u00eate le tournage. Il prend alors son t\u00e9l\u00e9phone pour pr\u00e9venir Bachir : \u00ab\u00a0Je suis dans votre restaurant, et dans l&rsquo;\u00e9tat actuel des choses, je ne peux rien faire. Je ne peux pas intervenir dans votre \u00e9tablissement si vous n&rsquo;\u00eates pas l\u00e0, ni Aurora, ni Yacine. Je ne peux pas rester\u00a0\u00bb.<\/p>\n<p>Avant de partir, <a href=\"https:\/\/www.ozap.com\/actu\/nouveau-jour-larrivee-de-philippe-etchebest-a-t-elle-enfin-booste-les-scores-confidentiels-du-feuilleton-de-m6\/651510\" rel=\"nofollow noopener\" target=\"_blank\">celui qui a jou\u00e9 dans \u00ab\u00a0Nouveau Jour\u00a0\u00bb<\/a> a tout de m\u00eame tenu \u00e0 montrer une recette de salade compos\u00e9 \u00e0 Dylan et sa m\u00e8re. \u00ab\u00a0Malheureusement, aujourd&rsquo;hui, je ne peux pas faire plus pour eux. Mais j&rsquo;esp\u00e8re qu&rsquo;ils vont prendre en compte mes quelques conseils. En tout cas, je sens une famille soud\u00e9e et je suppose que si Yacine a d\u00e9cid\u00e9 de partir, c&rsquo;est qu&rsquo;il a surement de bonnes raisons. J&rsquo;esp\u00e8re revenir bient\u00f4t pour comprendre ce qu&rsquo;il se passe ici\u00a0\u00bb. Face \u00e0 cette situation in\u00e9dite, Philippe Etchebest et son \u00e9quipe improvisent et prennent la d\u00e9cision de se rendre \u00e0 l&rsquo;improviste dans des restaurants dans lesquels le chef est d\u00e9j\u00e0 intervenu.<\/p>\n","protected":false},"excerpt":{"rendered":"La suite apr\u00e8s la publicit\u00e9 Apr\u00e8s avoir \u00e9t\u00e9 choqu\u00e9 par l&rsquo;\u00e9tat de la cuisine d&rsquo;Amina et fait une&hellip;\n","protected":false},"author":2,"featured_media":453592,"comment_status":"","ping_status":"","sticky":false,"template":"","format":"standard","meta":{"footnotes":""},"categories":[8],"tags":[58,59,1011,27],"class_list":{"0":"post-453591","1":"post","2":"type-post","3":"status-publish","4":"format-standard","5":"has-post-thumbnail","7":"category-divertissement","8":"tag-divertissement","9":"tag-entertainment","10":"tag-fr","11":"tag-france"},"share_on_mastodon":{"url":"https:\/\/pubeurope.com\/@fr\/115352285222377526","error":""},"_links":{"self":[{"href":"https:\/\/www.europesays.com\/fr\/wp-json\/wp\/v2\/posts\/453591","targetHints":{"allow":["GET"]}}],"collection":[{"href":"https:\/\/www.europesays.com\/fr\/wp-json\/wp\/v2\/posts"}],"about":[{"href":"https:\/\/www.europesays.com\/fr\/wp-json\/wp\/v2\/types\/post"}],"author":[{"embeddable":true,"href":"https:\/\/www.europesays.com\/fr\/wp-json\/wp\/v2\/users\/2"}],"replies":[{"embeddable":true,"href":"https:\/\/www.europesays.com\/fr\/wp-json\/wp\/v2\/comments?post=453591"}],"version-history":[{"count":0,"href":"https:\/\/www.europesays.com\/fr\/wp-json\/wp\/v2\/posts\/453591\/revisions"}],"wp:featuredmedia":[{"embeddable":true,"href":"https:\/\/www.europesays.com\/fr\/wp-json\/wp\/v2\/media\/453592"}],"wp:attachment":[{"href":"https:\/\/www.europesays.com\/fr\/wp-json\/wp\/v2\/media?parent=453591"}],"wp:term":[{"taxonomy":"category","embeddable":true,"href":"https:\/\/www.europesays.com\/fr\/wp-json\/wp\/v2\/categories?post=453591"},{"taxonomy":"post_tag","embeddable":true,"href":"https:\/\/www.europesays.com\/fr\/wp-json\/wp\/v2\/tags?post=453591"}],"curies":[{"name":"wp","href":"https:\/\/api.w.org\/{rel}","templated":true}]}}