{"id":453599,"date":"2025-10-10T22:45:13","date_gmt":"2025-10-10T22:45:13","guid":{"rendered":"https:\/\/www.europesays.com\/fr\/453599\/"},"modified":"2025-10-10T22:45:13","modified_gmt":"2025-10-10T22:45:13","slug":"village-neuf-trois-pietonnes-fauchees-par-une-voiture","status":"publish","type":"post","link":"https:\/\/www.europesays.com\/fr\/453599\/","title":{"rendered":"Village-Neuf. Trois pi\u00e9tonnes fauch\u00e9es par une voiture"},"content":{"rendered":"<p>Ce vendredi 10\u00a0octobre, un peu avant 19\u00a0h, un terrible accident s\u2019est produit sur la RD 105, sur le ban de Village-Neuf. Un groupe de trois pi\u00e9tonnes a voulu traverser la chauss\u00e9e, \u00e0 la hauteur du pont sur le canal de Huningue, quand il a \u00e9t\u00e9 fauch\u00e9 par une voiture. L\u2019une des victimes, \u00e2g\u00e9e de 73 ans, \u00e9tait en arr\u00eat cardiaque, mais elle a pu \u00eatre ranim\u00e9e par les pompiers arriv\u00e9s tr\u00e8s vite sur place. La deuxi\u00e8me, \u00e2g\u00e9e de 48\u00a0ans, est polytraumatis\u00e9e et est elle aussi en urgence absolue. La troisi\u00e8me victime, 54 ans, \u00e9tait tr\u00e8s choqu\u00e9e\u00a0et \u00e9galement en urgence absolue. Les trois victimes, qui seraient de nationalit\u00e9 allemande, ont \u00e9t\u00e9 transport\u00e9es au centre hospitalier Emile-Muller de Mulhouse. Dans la voiture se trouvait un couple, un homme de 26 ans et une femme de 28\u00a0ans, enceinte. Sur place, d\u2019importants moyens ont \u00e9t\u00e9 d\u00e9ploy\u00e9s\u00a0: les pompiers de Saint-Louis et de Magstatt, ainsi que deux SMUR et l\u2019h\u00e9licopt\u00e8re H\u00e9lismur qui s\u2019est pos\u00e9 \u00e0 la caserne de Saint-Louis. La gendarmerie et les services de la CEA \u00e9taient sur place, tout comme Isabelle Trendel, maire de Village-Neuf. La route a \u00e9t\u00e9 barr\u00e9e le temps des op\u00e9rations de secours.<\/p>\n","protected":false},"excerpt":{"rendered":"Ce vendredi 10\u00a0octobre, un peu avant 19\u00a0h, un terrible accident s\u2019est produit sur la RD 105, sur le&hellip;\n","protected":false},"author":2,"featured_media":453600,"comment_status":"","ping_status":"","sticky":false,"template":"","format":"standard","meta":{"footnotes":""},"categories":[4],"tags":[119,11,2389,13971,274,107,1011,27,1637,12,25,13970,57908],"class_list":{"0":"post-453599","1":"post","2":"type-post","3":"status-publish","4":"format-standard","5":"has-post-thumbnail","7":"category-france","8":"tag-accident","9":"tag-actualites","10":"tag-alsace","11":"tag-edition-sundgau-trois-frontieres","12":"tag-faits-divers-justice","13":"tag-fil-info","14":"tag-fr","15":"tag-france","16":"tag-haut-rhin","17":"tag-news","18":"tag-republique-francaise","19":"tag-trois-frontieres","20":"tag-village-neuf"},"share_on_mastodon":{"url":"https:\/\/pubeurope.com\/@fr\/115352300684193302","error":""},"_links":{"self":[{"href":"https:\/\/www.europesays.com\/fr\/wp-json\/wp\/v2\/posts\/453599","targetHints":{"allow":["GET"]}}],"collection":[{"href":"https:\/\/www.europesays.com\/fr\/wp-json\/wp\/v2\/posts"}],"about":[{"href":"https:\/\/www.europesays.com\/fr\/wp-json\/wp\/v2\/types\/post"}],"author":[{"embeddable":true,"href":"https:\/\/www.europesays.com\/fr\/wp-json\/wp\/v2\/users\/2"}],"replies":[{"embeddable":true,"href":"https:\/\/www.europesays.com\/fr\/wp-json\/wp\/v2\/comments?post=453599"}],"version-history":[{"count":0,"href":"https:\/\/www.europesays.com\/fr\/wp-json\/wp\/v2\/posts\/453599\/revisions"}],"wp:featuredmedia":[{"embeddable":true,"href":"https:\/\/www.europesays.com\/fr\/wp-json\/wp\/v2\/media\/453600"}],"wp:attachment":[{"href":"https:\/\/www.europesays.com\/fr\/wp-json\/wp\/v2\/media?parent=453599"}],"wp:term":[{"taxonomy":"category","embeddable":true,"href":"https:\/\/www.europesays.com\/fr\/wp-json\/wp\/v2\/categories?post=453599"},{"taxonomy":"post_tag","embeddable":true,"href":"https:\/\/www.europesays.com\/fr\/wp-json\/wp\/v2\/tags?post=453599"}],"curies":[{"name":"wp","href":"https:\/\/api.w.org\/{rel}","templated":true}]}}