{"id":453609,"date":"2025-10-10T22:50:41","date_gmt":"2025-10-10T22:50:41","guid":{"rendered":"https:\/\/www.europesays.com\/fr\/453609\/"},"modified":"2025-10-10T22:50:41","modified_gmt":"2025-10-10T22:50:41","slug":"elle-avait-peur-de-son-ex-le-feminicide-de-france-gerard-tuee-dune-balle-dans-le-dos-enfin-juge-a-nancy","status":"publish","type":"post","link":"https:\/\/www.europesays.com\/fr\/453609\/","title":{"rendered":"\u00ab\u00a0Elle avait peur de son ex\u00a0\u00bb : le f\u00e9minicide de France G\u00e9rard, tu\u00e9e d\u2019une balle dans le dos, enfin jug\u00e9 \u00e0 Nancy"},"content":{"rendered":"<p>Une <a href=\"https:\/\/www.femmeactuelle.fr\/actu\/news-actu\/violences-faites-aux-femmes-voici-la-liste-glacante-des-136-victimes-de-feminicides-en-2023-2184619\" target=\"_blank\" rel=\"noopener\">histoire malheureusement trop r\u00e9currente<\/a>. Ce vendredi 10 octobre 2025, un Belge de 72 ans est jug\u00e9 par la cour d\u2019assises de Meurthe-et-Moselle pour avoir assassin\u00e9 France G\u00e9rard, son ex-compagne en 2020. Si les protagonistes sont belges, le meurtre est jug\u00e9 \u00e0 Mont-Saint-Martin, dans le nord de la Lorraine, lieu o\u00f9 s\u2019est d\u00e9roul\u00e9 le drame. Comme le retrace Le Parisien, c\u2019est apr\u00e8s une quinzaine d\u2019ann\u00e9es de relation que France G\u00e9rard a demand\u00e9 \u00e0 Urbain Lef\u00e8vre, son compagnon et p\u00e8re de sa fille, Fany, de quitter le domicile conjugal. L\u2019homme n\u2019accepte alors pas la rupture.<\/p>\n<p>Le 16 novembre 2020, France G\u00e9rard conduit sa fille \u00e0 l\u2019\u00e9cole, mais ne vient pas la chercher comme elle devait le faire. <strong>Introuvable et sans t\u00e9l\u00e9phone ni carte bleue<\/strong>, retrouv\u00e9s chez elle, elle est recherch\u00e9e en France et en Belgique. <strong>Des battues sont m\u00eame organis\u00e9es dans les deux pays<\/strong> et dans l\u2019autre pays frontalier, le Luxembourg. En pleine p\u00e9riode de Covid-19, les recherches sont plus compliqu\u00e9es. Comme l\u2019a not\u00e9 l\u2019avocate belge de Fany, aujourd\u2019hui \u00e2g\u00e9e de 19 ans, Me Doroth\u00e9e Kauten : \u00ab\u00a0France G\u00e9rard a formul\u00e9 des craintes aupr\u00e8s de son entourage, <strong>elle avait peur de son ex<\/strong>, sans pour autant nommer de faits concrets dont elle aurait \u00e9t\u00e9 victime.\u00a0\u00bb Plac\u00e9 en garde \u00e0 vue le lendemain de la disparition de <a href=\"https:\/\/www.femmeactuelle.fr\/actu\/news-actu\/feminicide-la-famille-dines-mecellem-tuee-par-son-ex-a-poitiers-mais-qui-a-tout-bien-fait-s-insurge-dans-c-a-vous-de-linaction-de-la-police-2199233\" target=\"_blank\" rel=\"noopener\">son ex-compagne<\/a>, Urbain Lef\u00e8vre <a href=\"https:\/\/www.femmeactuelle.fr\/actu\/news-actu\/feminicide-un-homme-de-60-ans-place-en-detention-provisoire-pour-le-meurtre-de-sa-femme-a-paris-2198951\" target=\"_blank\" rel=\"noopener\">a fini par avouer l\u2019avoir tu\u00e9e<\/a> d\u2019une balle dans le dos.<\/p>\n<p><strong>Un homme d\u00e9j\u00e0 condamn\u00e9 pour violences conjugales<\/strong><\/p>\n<p>Urbain Lef\u00e8vre s\u2019est d\u00e9fendu depuis le d\u00e9but de l\u2019enqu\u00eate d\u2019avoir pr\u00e9m\u00e9dit\u00e9 son geste. Mais son profil interpelle d\u2019autant qu\u2019il a chang\u00e9 de version plusieurs fois. <strong>Le corps de France G\u00e9rard a fini par \u00eatre retrouv\u00e9 trois jours apr\u00e8s sa disparition. Il \u00e9tait enterr\u00e9 dans un bois<\/strong>, non loin d\u2019Arlon. Son ex-compagnon a reconnu l\u2019avoir enterr\u00e9e, apr\u00e8s avoir \u00ab\u00a0paniqu\u00e9\u00a0\u00bb. Celui qui est aujourd\u2019hui septuag\u00e9naire avait d\u00e9j\u00e0 \u00e9t\u00e9 <strong>condamn\u00e9 en 2003 pour des violences sur une ex-compagne<\/strong>.<\/p>\n<p>\u00c9tudiante en droit, Fany a choisi d\u2019assister au proc\u00e8s de son p\u00e8re. Comme l\u2019a confi\u00e9 son avocate : \u00ab\u00a0Elle attend avec impatience ce proc\u00e8s pour pouvoir ensuite construire son avenir. Elle veut que la v\u00e9rit\u00e9 soit dite.\u00a0\u00bb Et Me Doroth\u00e9e Kauten d\u2019ajouter : \u00ab\u00a0Elle veut savoir aussi dans quelles conditions son p\u00e8re passera sa d\u00e9tention sachant qu\u2019il a plus de 70 ans. [\u2026] <strong>Elle attend de l\u2019honn\u00eatet\u00e9<\/strong>.\u00a0\u00bb Incarc\u00e9r\u00e9 \u00e0 la maison d\u2019arr\u00eat de Nancy depuis son interpellation, Urbain Lef\u00e8vre risque la r\u00e9clusion criminelle \u00e0 perp\u00e9tuit\u00e9. Le verdict de son proc\u00e8s est attendu le 17 octobre 2025.<\/p>\n<p>Source<\/p>\n<p>Le Parisien, 10\/10\/2025 : <a href=\"https:\/\/www.leparisien.fr\/faits-divers\/tuee-dune-balle-dans-le-dos-puis-enterree-dans-un-bois-le-feminicide-glacant-de-france-gerard-juge-a-nancy-10-10-2025-7RZCJEJ35VFXNDRGSVPUW7HHNE.php\" rel=\"nofollow noopener\" target=\"_blank\">Tu\u00e9e d\u2019une balle dans le dos puis enterr\u00e9e dans un bois\u00a0: le f\u00e9minicide gla\u00e7ant de France G\u00e9rard jug\u00e9 \u00e0 Nancy<\/a><\/p>\n","protected":false},"excerpt":{"rendered":"Une histoire malheureusement trop r\u00e9currente. Ce vendredi 10 octobre 2025, un Belge de 72 ans est jug\u00e9 par&hellip;\n","protected":false},"author":2,"featured_media":453610,"comment_status":"","ping_status":"","sticky":false,"template":"","format":"standard","meta":{"footnotes":""},"categories":[9635],"tags":[1111,11,1777,674,118,1011,27,29450,775,303,777,1702,12,5927,25],"class_list":{"0":"post-453609","1":"post","2":"type-post","3":"status-publish","4":"format-standard","5":"has-post-thumbnail","7":"category-nancy","8":"tag-actu","9":"tag-actualites","10":"tag-eu","11":"tag-europe","12":"tag-faits-divers","13":"tag-fr","14":"tag-france","15":"tag-fu00e9minicide","16":"tag-grand-est","17":"tag-justice","18":"tag-meurtre","19":"tag-nancy","20":"tag-news","21":"tag-procu00e8s","22":"tag-republique-francaise"},"share_on_mastodon":{"url":"https:\/\/pubeurope.com\/@fr\/115352320290360658","error":""},"_links":{"self":[{"href":"https:\/\/www.europesays.com\/fr\/wp-json\/wp\/v2\/posts\/453609","targetHints":{"allow":["GET"]}}],"collection":[{"href":"https:\/\/www.europesays.com\/fr\/wp-json\/wp\/v2\/posts"}],"about":[{"href":"https:\/\/www.europesays.com\/fr\/wp-json\/wp\/v2\/types\/post"}],"author":[{"embeddable":true,"href":"https:\/\/www.europesays.com\/fr\/wp-json\/wp\/v2\/users\/2"}],"replies":[{"embeddable":true,"href":"https:\/\/www.europesays.com\/fr\/wp-json\/wp\/v2\/comments?post=453609"}],"version-history":[{"count":0,"href":"https:\/\/www.europesays.com\/fr\/wp-json\/wp\/v2\/posts\/453609\/revisions"}],"wp:featuredmedia":[{"embeddable":true,"href":"https:\/\/www.europesays.com\/fr\/wp-json\/wp\/v2\/media\/453610"}],"wp:attachment":[{"href":"https:\/\/www.europesays.com\/fr\/wp-json\/wp\/v2\/media?parent=453609"}],"wp:term":[{"taxonomy":"category","embeddable":true,"href":"https:\/\/www.europesays.com\/fr\/wp-json\/wp\/v2\/categories?post=453609"},{"taxonomy":"post_tag","embeddable":true,"href":"https:\/\/www.europesays.com\/fr\/wp-json\/wp\/v2\/tags?post=453609"}],"curies":[{"name":"wp","href":"https:\/\/api.w.org\/{rel}","templated":true}]}}