{"id":453611,"date":"2025-10-10T22:52:23","date_gmt":"2025-10-10T22:52:23","guid":{"rendered":"https:\/\/www.europesays.com\/fr\/453611\/"},"modified":"2025-10-10T22:52:23","modified_gmt":"2025-10-10T22:52:23","slug":"top-14-asm-clermont-rc-toulon-les-xv-de-depart-devoiles-pour-le-duel-de-la-6e-journee","status":"publish","type":"post","link":"https:\/\/www.europesays.com\/fr\/453611\/","title":{"rendered":"TOP 14. ASM Clermont \u2013 RC Toulon : les XV de d\u00e9part d\u00e9voil\u00e9s pour le duel de la 6e journ\u00e9e"},"content":{"rendered":"<p>Sixi\u00e8me journ\u00e9e de TOP 14 et d\u00e9j\u00e0 un tournant pour deux clubs en qu\u00eate de points. L\u2019ASM <a href=\"https:\/\/www.lerugbynistere.fr\/clubs\/asm-clermont-auvergne.php\" ui-sref=\"app.team({teamId: 31})\" alt=\"Clermont\" data-route=\"app.team\" data-param=\"teamId\" data-id=\"31\" rel=\"nofollow noopener\" target=\"_blank\">Clermont<\/a>, irr\u00e9guli\u00e8re depuis le d\u00e9but de saison, re\u00e7oit ce samedi soir un RC <a href=\"https:\/\/www.lerugbynistere.fr\/clubs\/rugby-club-toulonnais.php\" ui-sref=\"app.team({teamId: 28})\" alt=\"Toulon\" data-route=\"app.team\" data-param=\"teamId\" data-id=\"28\" rel=\"nofollow noopener\" target=\"_blank\">Toulon<\/a>\u00a0qui veut rester en haut du classement. Deux \u00e9quipes ambitieuses, deux projets\u2026 et une affiche toujours \u00e9lectrique dans l\u2019antre du Michelin.<\/p>\n<p>Raka forfait, Simone aussi\u00a0: l\u2019attaque clermontoise affect\u00e9e<\/p>\n<p class=\"citation\">\u00ab Coup dur pour les Jaunards : <a href=\"https:\/\/www.lerugbynistere.fr\/fiches-joueurs\/alivereti-raka.php\" ui-sref=\"app.player({playerId: 2470})\" alt=\"Alivereti Raka\" data-route=\"app.player\" data-param=\"playerId\" data-id=\"2470\" rel=\"nofollow noopener\" target=\"_blank\">Alivereti Raka<\/a> ne sera pas de la partie. \u00bb<\/p>\n<p>L\u2019ailier fidjien souffre d\u2019une l\u00e9sion musculaire \u00e0 un ischio et doit d\u00e9clarer forfait. <a href=\"https:\/\/www.lerugbynistere.fr\/fiches-joueurs\/irae-simone.php\" ui-sref=\"app.player({playerId: 10335})\" alt=\"Irae Simone\" data-route=\"app.player\" data-param=\"playerId\" data-id=\"10335\" rel=\"nofollow noopener\" target=\"_blank\">Irae Simone<\/a> a lui quitt\u00e9 l\u2019entra\u00eenement mardi, touch\u00e9 au m\u00eame endroit. Les Clermontois devront donc s\u2019appuyer sur la jeunesse, avec Montagne, Massa, Jauneau capitaine, Darricarr\u00e8re, Plummer \u00e0 l\u2019ouverture et Delguy-Jurand pour animer les couloirs.<\/p>\n<p><img decoding=\"async\" src=\"https:\/\/www.europesays.com\/fr\/wp-content\/uploads\/2025\/10\/G26QC3HXYAIdZTj\" alt=\"\" caption=\"false\" class=\"img-responsive\"\/><\/p>\n<p>Toulon sans plusieurs joueurs importants<\/p>\n<p class=\"citation\">\u00ab C\u00f4t\u00e9 varois, la liste des absents s\u2019allonge \u00e9galement. \u00bb<\/p>\n<p><a href=\"https:\/\/www.lerugbynistere.fr\/fiches-joueurs\/charles-ollivon.php\" ui-sref=\"app.player({playerId: 810})\" alt=\"Charles Ollivon\" data-route=\"app.player\" data-param=\"playerId\" data-id=\"810\" rel=\"nofollow noopener\" target=\"_blank\">Charles Ollivon<\/a>, victime d\u2019un coup au tibia, ne s\u2019est pas entra\u00een\u00e9 de la semaine et manquera ce d\u00e9placement. <a href=\"https:\/\/www.lerugbynistere.fr\/fiches-joueurs\/gael-drean.php\" ui-sref=\"app.player({playerId: 12001})\" alt=\"Ga\u00ebl Dr\u00e9an\" data-route=\"app.player\" data-param=\"playerId\" data-id=\"12001\" rel=\"nofollow noopener\" target=\"_blank\">Ga\u00ebl Dr\u00e9an<\/a> (commotion) et <a href=\"https:\/\/www.lerugbynistere.fr\/fiches-joueurs\/gabin-villiere.php\" ui-sref=\"app.player({playerId: 2076})\" alt=\"Gabin Villi\u00e8re\" data-route=\"app.player\" data-param=\"playerId\" data-id=\"2076\" rel=\"nofollow noopener\" target=\"_blank\">Gabin Villi\u00e8re<\/a> (doigt et pubalgie) sont forfaits, tout comme <a href=\"https:\/\/www.lerugbynistere.fr\/fiches-joueurs\/mathias-halagahu.php\" ui-sref=\"app.player({playerId: 12083})\" alt=\"Matthias Halagahu\" data-route=\"app.player\" data-param=\"playerId\" data-id=\"12083\" rel=\"nofollow noopener\" target=\"_blank\">Matthias Halagahu<\/a>, qui tra\u00eene toujours une douleur au gros orteil. <strong>Plusieurs internationaux, dont <a href=\"https:\/\/www.lerugbynistere.fr\/fiches-joueurs\/paolo-garbisi.php\" ui-sref=\"app.player({playerId: 11019})\" alt=\"Paolo Garbisi\" data-route=\"app.player\" data-param=\"playerId\" data-id=\"11019\" rel=\"nofollow noopener\" target=\"_blank\">Paolo Garbisi<\/a> et <a href=\"https:\/\/www.lerugbynistere.fr\/fiches-joueurs\/juan-ignacio-brex.php\" ui-sref=\"app.player({playerId: 7508})\" alt=\"Juan Ignacio Brex\" data-route=\"app.player\" data-param=\"playerId\" data-id=\"7508\" rel=\"nofollow noopener\" target=\"_blank\">Juan Ignacio Brex<\/a>, ont \u00e9t\u00e9 laiss\u00e9s au repos par le staff.<\/strong><\/p>\n<p><strong><img decoding=\"async\" src=\"https:\/\/www.europesays.com\/fr\/wp-content\/uploads\/2025\/10\/G25v_h6W8AA5ULE\" alt=\"\" caption=\"false\" class=\"img-responsive\"\/><\/strong><\/p>\n<p>Deux bancs jeunes, un duel d\u2019ouvreur int\u00e9ressant.<\/p>\n<p class=\"citation\">\u00ab \u00c0 Clermont, Plummer aura l\u2019occasion de confirmer ses bonnes\u00a0performances\u00a0face \u00e0 un Garcia prometteur c\u00f4t\u00e9 toulonnais. \u00bb<\/p>\n<p>Sur le banc, B\u00e9zy et Serin pourraient dynamiter la fin de match. <strong>Malgr\u00e9 les absences, la rencontre promet de belles oppositions<\/strong> : Tolofua vs Mercer, Simmons vs Rebbadj, ou encore Jaminet sous les ballons hauts du Michelin. De quoi r\u00e9galer les puristes ce samedi soir (21h05, Canal+).<\/p>\n","protected":false},"excerpt":{"rendered":"Sixi\u00e8me journ\u00e9e de TOP 14 et d\u00e9j\u00e0 un tournant pour deux clubs en qu\u00eate de points. L\u2019ASM Clermont,&hellip;\n","protected":false},"author":2,"featured_media":453612,"comment_status":"","ping_status":"","sticky":false,"template":"","format":"standard","meta":{"footnotes":""},"categories":[9619],"tags":[1111,11,1777,674,1011,27,12,882,25,2310],"class_list":{"0":"post-453611","1":"post","2":"type-post","3":"status-publish","4":"format-standard","5":"has-post-thumbnail","7":"category-toulon","8":"tag-actu","9":"tag-actualites","10":"tag-eu","11":"tag-europe","12":"tag-fr","13":"tag-france","14":"tag-news","15":"tag-provence-alpes-cote-dazur","16":"tag-republique-francaise","17":"tag-toulon"},"share_on_mastodon":{"url":"https:\/\/pubeurope.com\/@fr\/115352328821463639","error":""},"_links":{"self":[{"href":"https:\/\/www.europesays.com\/fr\/wp-json\/wp\/v2\/posts\/453611","targetHints":{"allow":["GET"]}}],"collection":[{"href":"https:\/\/www.europesays.com\/fr\/wp-json\/wp\/v2\/posts"}],"about":[{"href":"https:\/\/www.europesays.com\/fr\/wp-json\/wp\/v2\/types\/post"}],"author":[{"embeddable":true,"href":"https:\/\/www.europesays.com\/fr\/wp-json\/wp\/v2\/users\/2"}],"replies":[{"embeddable":true,"href":"https:\/\/www.europesays.com\/fr\/wp-json\/wp\/v2\/comments?post=453611"}],"version-history":[{"count":0,"href":"https:\/\/www.europesays.com\/fr\/wp-json\/wp\/v2\/posts\/453611\/revisions"}],"wp:featuredmedia":[{"embeddable":true,"href":"https:\/\/www.europesays.com\/fr\/wp-json\/wp\/v2\/media\/453612"}],"wp:attachment":[{"href":"https:\/\/www.europesays.com\/fr\/wp-json\/wp\/v2\/media?parent=453611"}],"wp:term":[{"taxonomy":"category","embeddable":true,"href":"https:\/\/www.europesays.com\/fr\/wp-json\/wp\/v2\/categories?post=453611"},{"taxonomy":"post_tag","embeddable":true,"href":"https:\/\/www.europesays.com\/fr\/wp-json\/wp\/v2\/tags?post=453611"}],"curies":[{"name":"wp","href":"https:\/\/api.w.org\/{rel}","templated":true}]}}