{"id":453613,"date":"2025-10-10T22:53:18","date_gmt":"2025-10-10T22:53:18","guid":{"rendered":"https:\/\/www.europesays.com\/fr\/453613\/"},"modified":"2025-10-10T22:53:18","modified_gmt":"2025-10-10T22:53:18","slug":"pesticides-perturbateurs-endocriniens-et-pfas-polluants-eternels-dans-lair-les-resultats-dune-premiere-etude-inedite-en-france","status":"publish","type":"post","link":"https:\/\/www.europesays.com\/fr\/453613\/","title":{"rendered":"Pesticides, perturbateurs endocriniens et PFAS (polluants \u00e9ternels) dans l\u2019air : les r\u00e9sultats d\u2019une premi\u00e8re \u00e9tude in\u00e9dite en France"},"content":{"rendered":"<p>A l\u2019occasion de la Journ\u00e9e Nationale de la Qualit\u00e9 de l\u2019Air, Atmo Occitanie d\u00e9voile les r\u00e9sultats du suivi des <strong>pesticides<\/strong> dans l\u2019air sur 10 sites d\u2019Occitanie dont les 2 m\u00e9tropoles r\u00e9gionales.<br \/>In\u00e9dit en France, pour am\u00e9liorer les connaissances sur l\u2019exposition des personnes, Atmo Occitanie a compl\u00e9t\u00e9 son dispositif avec des mesures de compos\u00e9s potentiellement <strong>perturbateurs endocriniens<\/strong> et de <strong>PFAS<\/strong> (polluants \u00e9ternels) sur 5 de ces 10 sites.<br \/>\u00a0<\/p>\n<p>Ce dispositif permettra de suivre la <strong>multi-exposition<\/strong> : pesticides\/mol\u00e9cules potentiellement perturbateurs endocriniens\/PFAS et d\u2019avoir des informations plus compl\u00e8tes des expositions combin\u00e9es.<\/p>\n<p>105 mol\u00e9cules quantifi\u00e9es sur 192 mol\u00e9cules recherch\u00e9es<\/p>\n<p><strong>En 2023-2024<\/strong>, Atmo Occitanie a mis en place la caract\u00e9risation dans l\u2019air de :<\/p>\n<p><img decoding=\"async\" src=\"https:\/\/www.europesays.com\/fr\/wp-content\/uploads\/2025\/10\/image_18.png\" data-entity-uuid=\"e1808846-f0ae-4474-beeb-b24b7aae8d57\" data-entity-type=\"file\" width=\"771\" height=\"347\" class=\"align-center\" loading=\"lazy\"\/><\/p>\n<p>\u00a0<\/p>\n<p>Ces mol\u00e9cules ont \u00e9t\u00e9 recherch\u00e9es sur <strong>10 sites<\/strong> en Occitanie :\u00a0<\/p>\n<p><img decoding=\"async\" src=\"https:\/\/www.europesays.com\/fr\/wp-content\/uploads\/2025\/10\/image_16.png\" data-entity-uuid=\"453ea93a-b9fb-4720-a2cf-9a9587d7c174\" data-entity-type=\"file\" width=\"571\" height=\"401\" class=\"align-center\" loading=\"lazy\"\/><\/p>\n<p>*compos\u00e9s potentiellement perturbateurs endocriniens\u00a0<\/p>\n<p>\u00a0<\/p>\n<p><a href=\"https:\/\/www.atmo-occitanie.org\/occitanie-la-lettre-de-lair-32-pesticides-perturbateurs-endocriniens-et-pfas-polluants-eternels\" rel=\"nofollow noopener\" target=\"_blank\"><img decoding=\"async\" src=\"https:\/\/www.europesays.com\/fr\/wp-content\/uploads\/2025\/10\/image_17.png\" data-entity-uuid=\"93c15e7e-cad1-4932-a24a-901b08ee55a1\" data-entity-type=\"file\" alt=\"lettre de l'air\" width=\"286\" height=\"403\" class=\"align-right\" loading=\"lazy\"\/><\/a><\/p>\n<p><strong>Quelles mol\u00e9cules sont les plus pr\u00e9sentes ? Sont-elles pr\u00e9sentes tout au long de l\u2019ann\u00e9e ? Quels enseignements tirer de cette campagne de mesure ?<\/strong><strong>Consultez la lettre de l&rsquo;air :\u00a0<\/strong><\/p>\n<p>\u00a0<\/p>\n<p>\u00a0<\/p>\n<p>\u00a0<\/p>\n<p>\u00a0<\/p>\n<p>\u00a0<\/p>\n<p>\u00a0<\/p>\n<p>\u00a0<\/p>\n<p>\u00a0<\/p>\n<p>\u00a0<\/p>\n<p>\u00a0<\/p>\n<p>\u00a0<\/p>\n<p>Observez et comparez l&rsquo;\u00e9volution des pesticides dans l&rsquo;air avec <a href=\"https:\/\/www.atmoviz.org\/\" rel=\"nofollow noopener\" target=\"_blank\">ATMOVIZ<\/a><\/p>\n<p><a href=\"https:\/\/www.atmoviz.org\/\" rel=\"nofollow noopener\" target=\"_blank\"><img decoding=\"async\" src=\"https:\/\/www.europesays.com\/fr\/wp-content\/uploads\/2025\/10\/image_19.png\" data-entity-uuid=\"d6a7ae0a-8159-421d-9b3d-c65133c0a3a6\" data-entity-type=\"file\" width=\"961\" height=\"402\" class=\"align-right\" loading=\"lazy\"\/><\/a><\/p>\n","protected":false},"excerpt":{"rendered":"A l\u2019occasion de la Journ\u00e9e Nationale de la Qualit\u00e9 de l\u2019Air, Atmo Occitanie d\u00e9voile les r\u00e9sultats du suivi&hellip;\n","protected":false},"author":2,"featured_media":453614,"comment_status":"","ping_status":"","sticky":false,"template":"","format":"standard","meta":{"footnotes":""},"categories":[9599],"tags":[1111,11,1777,674,1011,27,2208,12,2680,25],"class_list":{"0":"post-453613","1":"post","2":"type-post","3":"status-publish","4":"format-standard","5":"has-post-thumbnail","7":"category-montpellier","8":"tag-actu","9":"tag-actualites","10":"tag-eu","11":"tag-europe","12":"tag-fr","13":"tag-france","14":"tag-montpellier","15":"tag-news","16":"tag-occitanie","17":"tag-republique-francaise"},"share_on_mastodon":{"url":"https:\/\/pubeurope.com\/@fr\/115352332341080953","error":""},"_links":{"self":[{"href":"https:\/\/www.europesays.com\/fr\/wp-json\/wp\/v2\/posts\/453613","targetHints":{"allow":["GET"]}}],"collection":[{"href":"https:\/\/www.europesays.com\/fr\/wp-json\/wp\/v2\/posts"}],"about":[{"href":"https:\/\/www.europesays.com\/fr\/wp-json\/wp\/v2\/types\/post"}],"author":[{"embeddable":true,"href":"https:\/\/www.europesays.com\/fr\/wp-json\/wp\/v2\/users\/2"}],"replies":[{"embeddable":true,"href":"https:\/\/www.europesays.com\/fr\/wp-json\/wp\/v2\/comments?post=453613"}],"version-history":[{"count":0,"href":"https:\/\/www.europesays.com\/fr\/wp-json\/wp\/v2\/posts\/453613\/revisions"}],"wp:featuredmedia":[{"embeddable":true,"href":"https:\/\/www.europesays.com\/fr\/wp-json\/wp\/v2\/media\/453614"}],"wp:attachment":[{"href":"https:\/\/www.europesays.com\/fr\/wp-json\/wp\/v2\/media?parent=453613"}],"wp:term":[{"taxonomy":"category","embeddable":true,"href":"https:\/\/www.europesays.com\/fr\/wp-json\/wp\/v2\/categories?post=453613"},{"taxonomy":"post_tag","embeddable":true,"href":"https:\/\/www.europesays.com\/fr\/wp-json\/wp\/v2\/tags?post=453613"}],"curies":[{"name":"wp","href":"https:\/\/api.w.org\/{rel}","templated":true}]}}