{"id":453615,"date":"2025-10-10T22:54:19","date_gmt":"2025-10-10T22:54:19","guid":{"rendered":"https:\/\/www.europesays.com\/fr\/453615\/"},"modified":"2025-10-10T22:54:19","modified_gmt":"2025-10-10T22:54:19","slug":"top-14-les-compositions-de-racing-92-montpellier-baptemes-du-feu-pour-prisciantelli-et-rates","status":"publish","type":"post","link":"https:\/\/www.europesays.com\/fr\/453615\/","title":{"rendered":"Top 14 &#8211; Les compositions de Racing 92 &#8211; Montpellier : bapt\u00eames du feu pour Prisciantelli et Rates"},"content":{"rendered":"<p>\n                Le Racing 92 fait face \u00e0 Montpellier, ce samedi \u00e0 16h35 \u00e0 Cr\u00e9teil. Et sur les autres pelouses du Top 14, on verra les internationaux sudistes de retour du Rugby Championship. C&rsquo;est le cas de Geronimo Prisciantelli, qui vivra son bapt\u00eame du feu, lui qui est titularis\u00e9 \u00e0 l&rsquo;arri\u00e8re. Le Chilien Diego Escobar est sur le banc. Les visiteurs montpelli\u00e9rains arrivent avec une charni\u00e8re Alexis Bernadet &#8211; Thomas Vincent. L&rsquo;ailier Melvyn Rates d\u00e9couvrira l&rsquo;\u00e9lite.\n            <\/p>\n<p><strong>Le XV de d\u00e9part du Racing 92 : <\/strong>15. Prisciantelli ; 14. Hulleu, 13. Habosi, 12. Tuisova, 11. Spring ; 10. Seunes, 9. Carbonneau ; 7. Tagitagivalu, 8. Hughes, 6. Kpoku ; 5. Lainault, 4. Hill ; 3. Kharaishvili, 2. Tarrit, 1. Gogichashvili.<\/p>\n<p>Rempla\u00e7ants : 16. Escobar, 17. Kolingar, 18. Baudonne, 19. Joseph, 20. Zinzen, 21. Gibert, 22. Manu, 23. Bamba.<\/p>\n<p><strong>Le XV de d\u00e9part de Montpellier :<\/strong> 15. Banks ; 14. D. Taofifenua, 13. A. Vincent, 12. Anyanwu, 11. Rates ; 10. T. Vincent, 9. Bernadet ; 7. Uhila, 8. Masibaka, 6. Camara (cap.) ; 5. Duguid, 4. Verhaeghe ; 3. Hounkpatin, 2. Riccitelli, 1. Abuladze.<\/p>\n<p>Rempla\u00e7ants : 16. Tolofua, 17. Erdocio, 18. Tauleigne, 19. B\u00e9cogn\u00e9e, 20. Nouchi, 21. Reus, 22. Martin, 23. Japaridze.<\/p>\n","protected":false},"excerpt":{"rendered":"Le Racing 92 fait face \u00e0 Montpellier, ce samedi \u00e0 16h35 \u00e0 Cr\u00e9teil. Et sur les autres pelouses&hellip;\n","protected":false},"author":2,"featured_media":453616,"comment_status":"","ping_status":"","sticky":false,"template":"","format":"standard","meta":{"footnotes":""},"categories":[9599],"tags":[1111,11,1777,674,1011,27,2208,12,2680,25],"class_list":{"0":"post-453615","1":"post","2":"type-post","3":"status-publish","4":"format-standard","5":"has-post-thumbnail","7":"category-montpellier","8":"tag-actu","9":"tag-actualites","10":"tag-eu","11":"tag-europe","12":"tag-fr","13":"tag-france","14":"tag-montpellier","15":"tag-news","16":"tag-occitanie","17":"tag-republique-francaise"},"share_on_mastodon":{"url":"https:\/\/pubeurope.com\/@fr\/115352335982703924","error":""},"_links":{"self":[{"href":"https:\/\/www.europesays.com\/fr\/wp-json\/wp\/v2\/posts\/453615","targetHints":{"allow":["GET"]}}],"collection":[{"href":"https:\/\/www.europesays.com\/fr\/wp-json\/wp\/v2\/posts"}],"about":[{"href":"https:\/\/www.europesays.com\/fr\/wp-json\/wp\/v2\/types\/post"}],"author":[{"embeddable":true,"href":"https:\/\/www.europesays.com\/fr\/wp-json\/wp\/v2\/users\/2"}],"replies":[{"embeddable":true,"href":"https:\/\/www.europesays.com\/fr\/wp-json\/wp\/v2\/comments?post=453615"}],"version-history":[{"count":0,"href":"https:\/\/www.europesays.com\/fr\/wp-json\/wp\/v2\/posts\/453615\/revisions"}],"wp:featuredmedia":[{"embeddable":true,"href":"https:\/\/www.europesays.com\/fr\/wp-json\/wp\/v2\/media\/453616"}],"wp:attachment":[{"href":"https:\/\/www.europesays.com\/fr\/wp-json\/wp\/v2\/media?parent=453615"}],"wp:term":[{"taxonomy":"category","embeddable":true,"href":"https:\/\/www.europesays.com\/fr\/wp-json\/wp\/v2\/categories?post=453615"},{"taxonomy":"post_tag","embeddable":true,"href":"https:\/\/www.europesays.com\/fr\/wp-json\/wp\/v2\/tags?post=453615"}],"curies":[{"name":"wp","href":"https:\/\/api.w.org\/{rel}","templated":true}]}}