{"id":453617,"date":"2025-10-10T22:56:25","date_gmt":"2025-10-10T22:56:25","guid":{"rendered":"https:\/\/www.europesays.com\/fr\/453617\/"},"modified":"2025-10-10T22:56:25","modified_gmt":"2025-10-10T22:56:25","slug":"une-plainte-deposee-police-realites","status":"publish","type":"post","link":"https:\/\/www.europesays.com\/fr\/453617\/","title":{"rendered":"une plainte d\u00e9pos\u00e9e \u2013 Police &#038; R\u00e9alit\u00e9s"},"content":{"rendered":"<p>Un drapeau tricolore a \u00e9t\u00e9 d\u00e9couvert hiss\u00e9 au sommet de la cath\u00e9drale de Rouen, \u00e0 150 m\u00e8tres de hauteur. L\u2019origine de cette initiative reste inconnue. Les services de l\u2019\u00c9tat ont d\u00e9pos\u00e9 plainte et la surveillance du monument, d\u00e9j\u00e0 sous travaux, a \u00e9t\u00e9 renforc\u00e9e.<\/p>\n<p><img loading=\"lazy\" data-recalc-dims=\"1\" decoding=\"async\" width=\"640\" height=\"379\" data-attachment-id=\"182312\" data-permalink=\"https:\/\/policeetrealites.com\/drapeau-francais-france\/\" data-orig-file=\"https:\/\/i0.wp.com\/policeetrealites.com\/wp-content\/uploads\/2021\/11\/drapeau-francais-france.jpg?fit=870%2C515&amp;ssl=1\" data-orig-size=\"870,515\" data-comments-opened=\"0\" data-image-meta=\"{&quot;aperture&quot;:&quot;0&quot;,&quot;credit&quot;:&quot;&quot;,&quot;camera&quot;:&quot;&quot;,&quot;caption&quot;:&quot;&quot;,&quot;created_timestamp&quot;:&quot;0&quot;,&quot;copyright&quot;:&quot;&quot;,&quot;focal_length&quot;:&quot;0&quot;,&quot;iso&quot;:&quot;0&quot;,&quot;shutter_speed&quot;:&quot;0&quot;,&quot;title&quot;:&quot;&quot;,&quot;orientation&quot;:&quot;0&quot;}\" data-image-title=\"drapeau-francais-france\" data-image-description=\"\" data-image-caption=\"\" data-medium-file=\"https:\/\/i0.wp.com\/policeetrealites.com\/wp-content\/uploads\/2021\/11\/drapeau-francais-france.jpg?fit=300%2C178&amp;ssl=1\" data-large-file=\"https:\/\/i0.wp.com\/policeetrealites.com\/wp-content\/uploads\/2021\/11\/drapeau-francais-france.jpg?fit=640%2C379&amp;ssl=1\" src=\"https:\/\/www.europesays.com\/fr\/wp-content\/uploads\/2025\/10\/drapeau-francais-france.jpg\" alt=\"\" class=\"wp-image-182312\"\/><\/p>\n<p>Un drapeau aper\u00e7u au sommet de la fl\u00e8che<\/p>\n<p class=\"p3\">La sc\u00e8ne a intrigu\u00e9 de nombreux habitants de Rouen. Selon les informations de <a href=\"https:\/\/www.paris-normandie.fr\/id665429\/article\/2025-10-10\/drapeau-francais-hisse-sur-le-sommet-de-la-cathedrale-de-rouen-une-plainte\" target=\"_blank\" rel=\"noreferrer noopener nofollow\">Paris-Normandie<\/a>, le samedi 4 octobre, un drapeau fran\u00e7ais est apparu au sommet de la c\u00e9l\u00e8bre cath\u00e9drale, culminant \u00e0 pr\u00e8s de 150 m\u00e8tres de hauteur. Plusieurs passants ont immortalis\u00e9 le moment en photo, suscitant de vives interrogations sur l\u2019identit\u00e9 de la personne \u2014 ou des personnes \u2014 \u00e0 l\u2019origine de ce geste.<\/p>\n<p class=\"p3\">Ni le dioc\u00e8se, ni les services de l\u2019\u00c9tat ne sont responsables de cette installation insolite. Selon la pr\u00e9fecture de Seine-Maritime, \u00ab le drapeau a \u00e9t\u00e9 d\u00e9couvert samedi, laissant supposer une pose r\u00e9alis\u00e9e par temps de vent fort \u00bb.<\/p>\n<p class=\"p3\">Le lundi suivant, lorsque les conditions m\u00e9t\u00e9o l\u2019ont permis, le Groupe d\u2019intervention en milieu p\u00e9rilleux (Grimp) du SDIS 76 est intervenu pour retirer le drapeau en d\u00e9but d\u2019apr\u00e8s-midi.<\/p>\n<p>L\u2019\u00c9tat d\u00e9pose plainte et renforce la vigilance<\/p>\n<p class=\"p3\">Face \u00e0 cette intrusion ill\u00e9gale, une plainte a \u00e9t\u00e9 d\u00e9pos\u00e9e par les services de l\u2019\u00c9tat. Les autorit\u00e9s ont \u00e9galement d\u00e9cid\u00e9 de renforcer la surveillance autour de la cath\u00e9drale, afin d\u2019\u00e9viter toute nouvelle tentative d\u2019escalade.<\/p>\n<p class=\"p3\">La fl\u00e8che, actuellement en travaux de restauration depuis 2016, fait l\u2019objet d\u2019une attention particuli\u00e8re. Apr\u00e8s le retrait de l\u2019ancienne peinture au plomb, elle doit retrouver sa teinte vert bleut\u00e9, similaire \u00e0 celle qu\u2019elle arborait en 1914.<\/p>\n<p>Des pr\u00e9c\u00e9dents inqui\u00e9tants sur le monument<\/p>\n<p class=\"p3\">Ce n\u2019est pas la premi\u00e8re fois que la cath\u00e9drale de Rouen attire des intrus. Le 11 juillet 2024, un incendie s\u2019\u00e9tait d\u00e9clar\u00e9 sur la b\u00e2che de protection entourant la fl\u00e8che. Ces derni\u00e8res ann\u00e9es, plusieurs individus ont escalad\u00e9 ill\u00e9galement l\u2019\u00e9difice gothique, diffusant ensuite leurs exploits sur les r\u00e9seaux sociaux.<\/p>\n<p class=\"p3\">En 2022, cinq jeunes \u00e2g\u00e9s de 16 \u00e0 22 ans avaient d\u2019ailleurs \u00e9t\u00e9 interpell\u00e9s apr\u00e8s avoir gravi la structure sans autorisation. Des faits qui interrogent sur la s\u00e9curit\u00e9 du monument et sur la n\u00e9cessit\u00e9 de renforcer les dispositifs de surveillance.<\/p>\n<p>J\u2019aime \u00e7a\u00a0:<\/p>\n<p>J\u2019aime chargement\u2026<\/p>\n<p><a class=\"sd-link-color\"\/><\/p>\n<p>\tEn savoir plus sur Police &amp; R\u00e9alit\u00e9s<\/p>\n<p class=\"has-text-align-center\" style=\"margin-top:10px;margin-bottom:10px;font-size:15px\">Subscribe to get the latest posts sent to your email.<\/p>\n<p>\t\tContinue Reading<\/p>\n","protected":false},"excerpt":{"rendered":"Un drapeau tricolore a \u00e9t\u00e9 d\u00e9couvert hiss\u00e9 au sommet de la cath\u00e9drale de Rouen, \u00e0 150 m\u00e8tres de&hellip;\n","protected":false},"author":2,"featured_media":453618,"comment_status":"","ping_status":"","sticky":false,"template":"","format":"standard","meta":{"footnotes":""},"categories":[9587],"tags":[1111,11,1777,674,1011,27,12,5161,25,9590],"class_list":{"0":"post-453617","1":"post","2":"type-post","3":"status-publish","4":"format-standard","5":"has-post-thumbnail","7":"category-rouen","8":"tag-actu","9":"tag-actualites","10":"tag-eu","11":"tag-europe","12":"tag-fr","13":"tag-france","14":"tag-news","15":"tag-normandie","16":"tag-republique-francaise","17":"tag-rouen"},"share_on_mastodon":{"url":"https:\/\/pubeurope.com\/@fr\/115352344696787005","error":""},"_links":{"self":[{"href":"https:\/\/www.europesays.com\/fr\/wp-json\/wp\/v2\/posts\/453617","targetHints":{"allow":["GET"]}}],"collection":[{"href":"https:\/\/www.europesays.com\/fr\/wp-json\/wp\/v2\/posts"}],"about":[{"href":"https:\/\/www.europesays.com\/fr\/wp-json\/wp\/v2\/types\/post"}],"author":[{"embeddable":true,"href":"https:\/\/www.europesays.com\/fr\/wp-json\/wp\/v2\/users\/2"}],"replies":[{"embeddable":true,"href":"https:\/\/www.europesays.com\/fr\/wp-json\/wp\/v2\/comments?post=453617"}],"version-history":[{"count":0,"href":"https:\/\/www.europesays.com\/fr\/wp-json\/wp\/v2\/posts\/453617\/revisions"}],"wp:featuredmedia":[{"embeddable":true,"href":"https:\/\/www.europesays.com\/fr\/wp-json\/wp\/v2\/media\/453618"}],"wp:attachment":[{"href":"https:\/\/www.europesays.com\/fr\/wp-json\/wp\/v2\/media?parent=453617"}],"wp:term":[{"taxonomy":"category","embeddable":true,"href":"https:\/\/www.europesays.com\/fr\/wp-json\/wp\/v2\/categories?post=453617"},{"taxonomy":"post_tag","embeddable":true,"href":"https:\/\/www.europesays.com\/fr\/wp-json\/wp\/v2\/tags?post=453617"}],"curies":[{"name":"wp","href":"https:\/\/api.w.org\/{rel}","templated":true}]}}