{"id":453619,"date":"2025-10-10T22:57:44","date_gmt":"2025-10-10T22:57:44","guid":{"rendered":"https:\/\/www.europesays.com\/fr\/453619\/"},"modified":"2025-10-10T22:57:44","modified_gmt":"2025-10-10T22:57:44","slug":"lacces-aux-lignes-mreso-sera-gratuit-ce-samedi-apres-midi","status":"publish","type":"post","link":"https:\/\/www.europesays.com\/fr\/453619\/","title":{"rendered":"l\u2019acc\u00e8s aux lignes MReso sera gratuit ce samedi apr\u00e8s-midi"},"content":{"rendered":"<p>Deux jours apr\u00e8s une journ\u00e9e de gal\u00e8re en raison d\u2019une <a href=\"https:\/\/www.ledauphine.com\/transport\/2025\/10\/08\/greve-du-personnel-mtag-aucun-tramway-ne-circulera-ce-jeudi\" target=\"_blank\" rel=\"noopener\">gr\u00e8ve du personnel MTag<\/a> qui a <a href=\"https:\/\/www.ledauphine.com\/social\/2025\/10\/09\/isere-grenoble-aucun-tramway-en-circulation-le-jour-des-50-ans-du-reseau-m-tag\" target=\"_blank\" rel=\"noopener\">paralys\u00e9 le r\u00e9seau de transports en commun<\/a>, c\u2019est une bonne nouvelle pour les usagers que vient d\u2019annoncer le Syndicat mixte des mobilit\u00e9s de l\u2019aire grenobloise (Smmag). L\u2019autorit\u00e9 en charge des transports propose une journ\u00e9e en acc\u00e8s libre, ce samedi 11\u00a0octobre, sur l\u2019ensemble des lignes MR\u00e9so. \u201cPas de ticket, pas de validation et une libre circulation sur tout le r\u00e9seau. Que vous habitiez dans le pays Voironnais, le Gr\u00e9sivaudan et\/ou Grenoble Alpes M\u00e9tropole, vous pourrez circuler librement sur l\u2019ensemble des lignes de bus et de trams de MR\u00e9so \u00e0 partir de 12 heures\u201d, indique le Smmag.<\/p>\n<p>Une op\u00e9ration propos\u00e9e alors qu\u2019est organis\u00e9e, ce samedi dans le centre-ville de Grenoble, la <a href=\"https:\/\/www.ledauphine.com\/culture-loisirs\/2025\/10\/08\/isere-notre-but-n-est-pas-d-en-faire-une-fete-franchouillarde-la-15e-descente-des-alpages-fait-son-retour-samedi-11-octobre\" target=\"_blank\" rel=\"noopener\">15e Descente des Alpages<\/a> \u201cqui met en lumi\u00e8re notre histoire, notre patrimoine, nos savoirs faire, les produits territoriaux et les producteurs de montagne. En faisant descendre les traditions de nos alpages environnants dans la ville, c\u2019est une belle opportunit\u00e9 pour inciter les habitants de l\u2019aire grenobloise \u00e0 se rendre \u00e0 l\u2019\u00e9v\u00e9nement en transports en commun [\u2026]. Cela permet aussi de se rendre librement dans les commerces du c\u0153ur de la M\u00e9tropole qui participent pleinement \u00e0 la vitalit\u00e9 et l\u2019attractivit\u00e9 de notre territoire\u201d, pr\u00e9cise le Smmag.<\/p>\n","protected":false},"excerpt":{"rendered":"Deux jours apr\u00e8s une journ\u00e9e de gal\u00e8re en raison d\u2019une gr\u00e8ve du personnel MTag qui a paralys\u00e9 le&hellip;\n","protected":false},"author":2,"featured_media":453620,"comment_status":"","ping_status":"","sticky":false,"template":"","format":"standard","meta":{"footnotes":""},"categories":[9566],"tags":[1111,11,2430,3542,112,113,114,1777,674,107,1011,27,2731,2732,108,1985,12,25,2803],"class_list":{"0":"post-453619","1":"post","2":"type-post","3":"status-publish","4":"format-standard","5":"has-post-thumbnail","7":"category-grenoble","8":"tag-actu","9":"tag-actualites","10":"tag-auvergne-rhone-alpes","11":"tag-circulation","12":"tag-edition-grenoble-agglomeration","13":"tag-edition-gresivaudan-oisans","14":"tag-edition-voiron-saint-marcellin","15":"tag-eu","16":"tag-europe","17":"tag-fil-info","18":"tag-fr","19":"tag-france","20":"tag-grenoble","21":"tag-grenoble-bassin","22":"tag-isere","23":"tag-metropole-de-grenoble","24":"tag-news","25":"tag-republique-francaise","26":"tag-transport"},"share_on_mastodon":{"url":"https:\/\/pubeurope.com\/@fr\/115352347889181910","error":""},"_links":{"self":[{"href":"https:\/\/www.europesays.com\/fr\/wp-json\/wp\/v2\/posts\/453619","targetHints":{"allow":["GET"]}}],"collection":[{"href":"https:\/\/www.europesays.com\/fr\/wp-json\/wp\/v2\/posts"}],"about":[{"href":"https:\/\/www.europesays.com\/fr\/wp-json\/wp\/v2\/types\/post"}],"author":[{"embeddable":true,"href":"https:\/\/www.europesays.com\/fr\/wp-json\/wp\/v2\/users\/2"}],"replies":[{"embeddable":true,"href":"https:\/\/www.europesays.com\/fr\/wp-json\/wp\/v2\/comments?post=453619"}],"version-history":[{"count":0,"href":"https:\/\/www.europesays.com\/fr\/wp-json\/wp\/v2\/posts\/453619\/revisions"}],"wp:featuredmedia":[{"embeddable":true,"href":"https:\/\/www.europesays.com\/fr\/wp-json\/wp\/v2\/media\/453620"}],"wp:attachment":[{"href":"https:\/\/www.europesays.com\/fr\/wp-json\/wp\/v2\/media?parent=453619"}],"wp:term":[{"taxonomy":"category","embeddable":true,"href":"https:\/\/www.europesays.com\/fr\/wp-json\/wp\/v2\/categories?post=453619"},{"taxonomy":"post_tag","embeddable":true,"href":"https:\/\/www.europesays.com\/fr\/wp-json\/wp\/v2\/tags?post=453619"}],"curies":[{"name":"wp","href":"https:\/\/api.w.org\/{rel}","templated":true}]}}