{"id":453621,"date":"2025-10-10T22:58:18","date_gmt":"2025-10-10T22:58:18","guid":{"rendered":"https:\/\/www.europesays.com\/fr\/453621\/"},"modified":"2025-10-10T22:58:18","modified_gmt":"2025-10-10T22:58:18","slug":"jeff-dubois-est-le-nouvel-entraineur-du-fc-grenoble","status":"publish","type":"post","link":"https:\/\/www.europesays.com\/fr\/453621\/","title":{"rendered":"Jeff Dubois est le nouvel entraineur du FC Grenoble"},"content":{"rendered":"<p><strong>Apr\u00e8s l\u2019annonce de la fin de la collaboration entre le FC Grenoble et Nicolas Nadau mercredi soir, le club de rugby grenoblois \u00e9tait \u00e0 la recherche d\u2019un successeur \u00e0 sa t\u00eate. C\u2019est ainsi que Jeff Dubois a \u00e9t\u00e9 pr\u00e9sent\u00e9 \u00e0 la presse en compagnie de Patrick Goffi et Aubin Hueber ce vendredi.<\/strong><\/p>\n<p><strong>Un choix \u00e9vident pour Patrick Goffi<\/strong><\/p>\n<p>C\u2019est dans un communiqu\u00e9 laconique que l\u2019avenir du pr\u00e9c\u00e9dent entra\u00eeneur is\u00e9rois a bascul\u00e9 ce mercredi soir\u00a0: \u00ab\u00a0Le FC Grenoble Rugby annonce avoir pris la d\u00e9cision de mettre un terme \u00e0 sa collaboration avec Nicolas Nadau, entra\u00eeneur des trois-quarts. Le club ne fera pas d\u2019autre commentaire \u00e0 ce sujet et communiquera prochainement sur la r\u00e9organisation de son staff sportif.\u00a0\u00bb<\/p>\n<p>Cette communication tant attendue est donc arriv\u00e9e deux jours plus tard dans les salons du Stade Lesdigui\u00e8res\u00a0: \u00ab c\u2019est apr\u00e8s une semaine de recherche d\u2019un rempla\u00e7ant aussi qualifi\u00e9 techniquement que Nicolas Nadau que nous vous annon\u00e7ons l\u2019arriv\u00e9e de Jeff Dubois\u00a0\u00bb. En effet, c\u2019est en ces termes que Patrick Goffi, le pr\u00e9sident du FC Grenoble, a d\u00e9but\u00e9 son intervention devant la presse. Le choix d\u2019un homme \u00ab\u00a0au projet de jeu offensif et au palmar\u00e8s \u00e9logieux\u00a0\u00bb qui est apparu comme une \u00e9vidence pour le patron du club de rugby is\u00e9rois. Pouss\u00e9 vers la sortie par la direction de l\u2019US Dax en fin de saison pass\u00e9e, Jeff Dubois est d\u00e9sormais li\u00e9 au club grenoblois jusqu\u2019\u00e0 la fin de saison avec deux ann\u00e9es en option.<\/p>\n<p><strong>Une arriv\u00e9e en pleine p\u00e9riode de crise<\/strong><\/p>\n<p>Reconnu dans le monde de l\u2019ovalie apr\u00e8s ses passages sur les bancs de Montauban (2018-2020), Bayonne (2021-2022) ou encore Dax (2022-2025), le technicien de 52 ans d\u00e9barque dans les Alpes avec la casquette d\u2019entraineur principal comme l\u2019a annonc\u00e9 Patrick Goffi. Le pr\u00e9sident is\u00e9rois est \u00e9galement revenu sur la \u00ab\u00a0crise\u00a0\u00bb travers\u00e9e par son club et le contexte dans lequel arrive son nouvel entraineur\u00a0: \u00ab\u00a0ce que je reproche \u00e0 Nicolas Nadau c\u2019est non pas un probl\u00e8me sportif mais un probl\u00e8me de comportement. Les propos ont eu un retentissement m\u00e9diatique qui ne pouvait pas rester sans r\u00e9ponse. Il y avait d\u00e9j\u00e0 eu des probl\u00e8mes disciplinaires par le pass\u00e9 et j\u2019\u00e9tais alors rest\u00e9 sans r\u00e9ponse. C\u2019est peut-\u00eatre ma faute d\u2019ailleurs. J\u2019aurais d\u00fb prendre des d\u00e9cisions plus drastiques en fin de saison pass\u00e9e. Ce n\u2019est jamais une d\u00e9cision facile \u00e0 prendre mais c\u2019est celle qui s\u2019imposait au vu de la situation\u00a0\u00bb.<\/p>\n<p>Le patron du club alpin a \u00e9galement insist\u00e9 sur l\u2019importance de voir \u00ab\u00a0tout le monde rester dans son couloir de nage \u00e0 commencer par les joueurs\u00a0\u00bb. Pour garantir cela, Patrick Goffi a rappel\u00e9 que le r\u00f4le d\u2019Aubin Huber \u00e9tait bel et bien celui de directeur du rugby avec des fonctions transversales au sein du club et un r\u00f4le d\u2019interm\u00e9diaire avec les instances du rugby fran\u00e7ais. Le pr\u00e9sident is\u00e9rois a \u00e9galement annonc\u00e9 que Patrick P\u00e9zery avait accept\u00e9 de voir Jeff Dubois d\u00e9barquer dans les Alpes comme entraineur principal malgr\u00e9 le soutien qu\u2019il avait pu afficher \u00e0 Nicolas Nadau \u00e0 l\u2019issue de la rencontre contre Provence Rugby. C\u2019est donc avec cette clarification sur les r\u00f4les de chacun que le FCG va poursuivre sa saison 2025-2026 avec le d\u00e9placement \u00e0 Mont-de-Marsan vendredi prochain.<\/p>\n<p><strong>Un projet de jeu taill\u00e9 pour l\u2019accession en top 14\u00a0?<\/strong><\/p>\n<p>Jeff Dubois a insist\u00e9 sur sa volont\u00e9 de s\u2019appuyer sur le travail de Nicolas Nadau pour emmener cette \u00e9quipe vers l\u2019\u00e9lite du rugby fran\u00e7ais. \u00a0\u00ab\u00a0Je veux b\u00e2tir mon projet de jeu sur ce qui a \u00e9t\u00e9 bien fait tout en apportant mon ADN au fur et \u00e0 mesure\u00a0\u00bb. Pour cela, l\u2019ancien entraineur dacquois \u00ab veut \u00e9changer et comprendre avant d\u2019imposer sa vision de l\u2019\u00e9volution du FCG\u00a0\u00bb. Pour r\u00e9ussir \u00e0 atteindre le top 14, le nouvel entraineur is\u00e9rois compte \u00ab\u00a0s\u2019appuyer sur les jeunes\u00a0\u00bb tout en n\u2019excluant pas d\u2019 \u00ab \u00e9toffer son staff avec de nouveaux intervenants\u00a0\u00bb. <\/p>\n<p>Pour Patrick Goffi, l\u2019arriv\u00e9e de Jeff Dubois devrait permettre \u00e0 son effectif de gagner en r\u00e9gularit\u00e9 et en consistance comme il l\u2019a soulign\u00e9 lors de sa prise de parole\u00a0: \u00ab\u00a0on a un effectif riche et qui peut donner beaucoup plus que ce qu\u2019on peut voir maintenant \u00bb. Un effectif qui s\u2019est d\u2019ailleurs \u00e9toff\u00e9 ces derni\u00e8res heures avec l\u2019arriv\u00e9e de Nadir Megdoud en tant que joker m\u00e9dical apr\u00e8s la blessure de Gerswin Mouton. L\u2019ancien ailier de Bayonne s\u2019est engag\u00e9 dans les Alpes apr\u00e8s confirmation du nouvel entraineur grenoblois. Il pourrait \u00eatre rejoint rapidement par un pilier pour pallier la blessure d\u2019Eli Eglaine qui devrait \u00eatre \u00e9loign\u00e9 des terrains jusqu\u2019\u00e0 la fin de saison.<\/p>\n<p>\n\tArticles similaires<\/p>\n","protected":false},"excerpt":{"rendered":"Apr\u00e8s l\u2019annonce de la fin de la collaboration entre le FC Grenoble et Nicolas Nadau mercredi soir, le&hellip;\n","protected":false},"author":2,"featured_media":453622,"comment_status":"","ping_status":"","sticky":false,"template":"","format":"standard","meta":{"footnotes":""},"categories":[9566],"tags":[1111,11,2430,1777,674,1011,27,2731,12,25],"class_list":{"0":"post-453621","1":"post","2":"type-post","3":"status-publish","4":"format-standard","5":"has-post-thumbnail","7":"category-grenoble","8":"tag-actu","9":"tag-actualites","10":"tag-auvergne-rhone-alpes","11":"tag-eu","12":"tag-europe","13":"tag-fr","14":"tag-france","15":"tag-grenoble","16":"tag-news","17":"tag-republique-francaise"},"share_on_mastodon":{"url":"https:\/\/pubeurope.com\/@fr\/115352351836049530","error":""},"_links":{"self":[{"href":"https:\/\/www.europesays.com\/fr\/wp-json\/wp\/v2\/posts\/453621","targetHints":{"allow":["GET"]}}],"collection":[{"href":"https:\/\/www.europesays.com\/fr\/wp-json\/wp\/v2\/posts"}],"about":[{"href":"https:\/\/www.europesays.com\/fr\/wp-json\/wp\/v2\/types\/post"}],"author":[{"embeddable":true,"href":"https:\/\/www.europesays.com\/fr\/wp-json\/wp\/v2\/users\/2"}],"replies":[{"embeddable":true,"href":"https:\/\/www.europesays.com\/fr\/wp-json\/wp\/v2\/comments?post=453621"}],"version-history":[{"count":0,"href":"https:\/\/www.europesays.com\/fr\/wp-json\/wp\/v2\/posts\/453621\/revisions"}],"wp:featuredmedia":[{"embeddable":true,"href":"https:\/\/www.europesays.com\/fr\/wp-json\/wp\/v2\/media\/453622"}],"wp:attachment":[{"href":"https:\/\/www.europesays.com\/fr\/wp-json\/wp\/v2\/media?parent=453621"}],"wp:term":[{"taxonomy":"category","embeddable":true,"href":"https:\/\/www.europesays.com\/fr\/wp-json\/wp\/v2\/categories?post=453621"},{"taxonomy":"post_tag","embeddable":true,"href":"https:\/\/www.europesays.com\/fr\/wp-json\/wp\/v2\/tags?post=453621"}],"curies":[{"name":"wp","href":"https:\/\/api.w.org\/{rel}","templated":true}]}}