{"id":453623,"date":"2025-10-10T22:59:20","date_gmt":"2025-10-10T22:59:20","guid":{"rendered":"https:\/\/www.europesays.com\/fr\/453623\/"},"modified":"2025-10-10T22:59:20","modified_gmt":"2025-10-10T22:59:20","slug":"pourquoi-a-t-on-des-courbatures-quand-on-tombe-malade","status":"publish","type":"post","link":"https:\/\/www.europesays.com\/fr\/453623\/","title":{"rendered":"Pourquoi a-t-on des courbatures quand on tombe malade\u00a0?"},"content":{"rendered":"<tr wp_automatic_readability=\"1.9340659340659\">\n<td valign=\"middle\" align=\"center\" class=\"col-logo\">\n    <img decoding=\"async\" src=\"https:\/\/www.europesays.com\/fr\/wp-content\/uploads\/2025\/05\/ouest-france.gif\" alt=\"logo Ouest-France\" height=\"66\"\/><\/p>\n<\/td>\n<td class=\"col-titre\">\n\t\t\tVendredi 10 octobre 2025 20:22<br \/>\n\t\t\t<a class=\"icon-bulle sizeL count\" href=\"#ancreAvis\"><br \/>\n\t&#8230;<br \/>\n<\/a><\/td>\n<\/tr>\n<p>\t\t<a class=\"mavillebox2 elmt-photo\" href=\"https:\/\/maville.com\/photosmvi\/2025\/10\/10\/P35514827D7014888G.jpg\" title=\" Les courbatures font partie des sympt\u00f4mes r\u00e9currents des virus hivernaux.  \u00a9  Photo d\u2019illustration\u00a0: stefanamer via Getty Images\/iStockphoto  &lt;!--TAG-BLC credit--&gt;\" rel=\"galerie_actu nofollow noopener\" target=\"_blank\"><br \/>\n\t<img decoding=\"async\" src=\"https:\/\/www.europesays.com\/fr\/wp-content\/uploads\/2025\/10\/P35514827D7014888G_crop_640-330_.jpg\" alt=\"photo  les courbatures font partie des sympt\u00f4mes r\u00e9currents des virus hivernaux.  \u00a9  photo d\u2019illustration\u00a0: stefanamer via getty images\/istockphoto \"\/><br \/>\n\t2<br \/>\n<\/a><\/p>\n<p class=\"elmt-legende\"> Les courbatures font partie des sympt\u00f4mes r\u00e9currents des virus hivernaux.  \u00a9  Photo d\u2019illustration\u00a0: stefanamer via Getty Images\/iStockphoto  <\/p>\n<p><a class=\"mavillebox2\" href=\"https:\/\/maville.com\/photosmvi\/2025\/10\/10\/P35514828D7014888G.jpg\" title=\"pour soulager les douleurs musculaires, le mieux est encore de se reposer. \u00a9  photo d\u2019illustration\u00a0: dima berlin\/getty images \" rel=\"galerie_actu nofollow noopener\" target=\"_blank\"><\/p>\n<p>\t\tL\u2019hiver approche doucement, les journ\u00e9es raccourcissent, les temp\u00e9ratures baissent et les virus de saison font leur retour, avec leur lot de sympt\u00f4mes redout\u00e9s. Parmi les plus r\u00e9currents, les douleurs musculaires et articulaires. Mais quel rapport avec une simple maladie virale\u00a0? C\u2019est \u00ab\u00a0la question pas si b\u00eate\u00a0\u00bb \u00e0 laquelle r\u00e9pond aujourd\u2019hui l\u2019\u00e9dition du soir dans son podcast quotidien.<\/p>\n<p>\t\t Par Alexis KOPP. \u00a0\u00a0<br \/>\n\t\tOuest-France\u00a0\u00a0<\/p>\n<p>\t\t&#13;<\/p>\n","protected":false},"excerpt":{"rendered":"Vendredi 10 octobre 2025 20:22 &#8230; 2 Les courbatures font partie des sympt\u00f4mes r\u00e9currents des virus hivernaux. \u00a9&hellip;\n","protected":false},"author":2,"featured_media":453624,"comment_status":"","ping_status":"","sticky":false,"template":"","format":"standard","meta":{"footnotes":""},"categories":[2821],"tags":[57909,1111,11,829,57910,1777,674,1011,27,36076,12,584,25,11270],"class_list":{"0":"post-453623","1":"post","2":"type-post","3":"status-publish","4":"format-standard","5":"has-post-thumbnail","7":"category-rennes","8":"tag-a-t-on","9":"tag-actu","10":"tag-actualites","11":"tag-bretagne","12":"tag-courbatures","13":"tag-eu","14":"tag-europe","15":"tag-fr","16":"tag-france","17":"tag-malade","18":"tag-news","19":"tag-rennes","20":"tag-republique-francaise","21":"tag-tombe"},"share_on_mastodon":{"url":"https:\/\/pubeurope.com\/@fr\/115352356371890954","error":""},"_links":{"self":[{"href":"https:\/\/www.europesays.com\/fr\/wp-json\/wp\/v2\/posts\/453623","targetHints":{"allow":["GET"]}}],"collection":[{"href":"https:\/\/www.europesays.com\/fr\/wp-json\/wp\/v2\/posts"}],"about":[{"href":"https:\/\/www.europesays.com\/fr\/wp-json\/wp\/v2\/types\/post"}],"author":[{"embeddable":true,"href":"https:\/\/www.europesays.com\/fr\/wp-json\/wp\/v2\/users\/2"}],"replies":[{"embeddable":true,"href":"https:\/\/www.europesays.com\/fr\/wp-json\/wp\/v2\/comments?post=453623"}],"version-history":[{"count":0,"href":"https:\/\/www.europesays.com\/fr\/wp-json\/wp\/v2\/posts\/453623\/revisions"}],"wp:featuredmedia":[{"embeddable":true,"href":"https:\/\/www.europesays.com\/fr\/wp-json\/wp\/v2\/media\/453624"}],"wp:attachment":[{"href":"https:\/\/www.europesays.com\/fr\/wp-json\/wp\/v2\/media?parent=453623"}],"wp:term":[{"taxonomy":"category","embeddable":true,"href":"https:\/\/www.europesays.com\/fr\/wp-json\/wp\/v2\/categories?post=453623"},{"taxonomy":"post_tag","embeddable":true,"href":"https:\/\/www.europesays.com\/fr\/wp-json\/wp\/v2\/tags?post=453623"}],"curies":[{"name":"wp","href":"https:\/\/api.w.org\/{rel}","templated":true}]}}