{"id":453625,"date":"2025-10-10T23:00:48","date_gmt":"2025-10-10T23:00:48","guid":{"rendered":"https:\/\/www.europesays.com\/fr\/453625\/"},"modified":"2025-10-10T23:00:48","modified_gmt":"2025-10-10T23:00:48","slug":"basket-n1m-le-derby-entre-rennes-et-vitre-stoppe-dentree-pour-une-panne-de-tableau","status":"publish","type":"post","link":"https:\/\/www.europesays.com\/fr\/453625\/","title":{"rendered":"Basket. N1M\u00a0: Le derby entre Rennes et Vitr\u00e9 stopp\u00e9 d\u2019entr\u00e9e pour une panne de tableau"},"content":{"rendered":"<p>C\u2019est \u00e0 une sc\u00e8ne improbable que les spectateurs du <a href=\"https:\/\/www.ouest-france.fr\/sport\/basket\/union-rennes-basket\/\" target=\"_blank\" rel=\"noopener\">derby entre Rennes et Vitr\u00e9<\/a> ont \u00e9t\u00e9 confront\u00e9s ce vendredi 10\u00a0octobre 2025. Apr\u00e8s seulement 10\u00a0petites minutes de jeu, le derby entre l\u2019Aurore de Vitr\u00e9 et l\u2019Union Rennes Basket a d\u00fb \u00eatre stopp\u00e9 \u00e0 cause d\u2019une panne de chronom\u00e9trage. Un probl\u00e8me d\u00e9j\u00e0 apparu apr\u00e8s quelques minutes de jeu. <strong>\u00ab\u00a0Avec une annonce du temps de jeu au micro et pas de solution de rechange, il \u00e9tait impossible de continuer ainsi. On a vite vu dans l\u2019acte jou\u00e9 qu\u2019on ne pouvait pas jouer au basket de la sorte\u00a0\u00bb,<\/strong> commentait Fabien Calvez le coach Vitr\u00e9en.<\/p>\n<p><strong>Lire aussi\u00a0:<\/strong> <a href=\"https:\/\/rennes.maville.com\/sport\/detail_-basket.-hugo-marin-birkener-va-decouvrir-le-derby-vitreen-_7-7013876_actu.Htm\" target=\"_blank\" rel=\"noopener\">Basket. Hugo Marin-Birkener va d\u00e9couvrir le derby Vitr\u00e9en<\/a><\/p>\n<p>Le sort du match entre les mains de la FFBB<\/p>\n<\/p>\n<p>Pour la petite histoire, l\u2019URB menait (14-19) apr\u00e8s 10\u00a0minutes de jeu. La F\u00e9d\u00e9ration fran\u00e7aise de basket-ball d\u00e9cidera du sort de ce match. Quand sera-t-il rejou\u00e9\u00a0? Faudra-t-il rejouer les 30\u00a0minutes restantes ou repartir \u00e0 z\u00e9ro, on devrait conna\u00eetre la suite donn\u00e9e \u00e0 ce derby dans les prochains jours. Les arbitres du match<strong>\u00a0<\/strong>Olivier Adam et Marie-Charlotte Belloc ont donc logiquement stopp\u00e9 la rencontre \u00e0 la plus grande d\u00e9ception des supporters des deux camps.<\/p>\n<p>\u00a0<\/p>\n","protected":false},"excerpt":{"rendered":"C\u2019est \u00e0 une sc\u00e8ne improbable que les spectateurs du derby entre Rennes et Vitr\u00e9 ont \u00e9t\u00e9 confront\u00e9s ce&hellip;\n","protected":false},"author":2,"featured_media":453626,"comment_status":"","ping_status":"","sticky":false,"template":"","format":"standard","meta":{"footnotes":""},"categories":[2821],"tags":[1111,11,2063,829,1777,674,1011,27,4044,1922,1393,2487,12,1404,584,25,2923,4251,853],"class_list":{"0":"post-453625","1":"post","2":"type-post","3":"status-publish","4":"format-standard","5":"has-post-thumbnail","7":"category-rennes","8":"tag-actu","9":"tag-actualites","10":"tag-annonces","11":"tag-bretagne","12":"tag-eu","13":"tag-europe","14":"tag-fr","15":"tag-france","16":"tag-guingamp","17":"tag-info","18":"tag-loisirs","19":"tag-meteo","20":"tag-news","21":"tag-quotidien","22":"tag-rennes","23":"tag-republique-francaise","24":"tag-restaurants","25":"tag-sortir","26":"tag-spectacles"},"share_on_mastodon":{"url":"https:\/\/pubeurope.com\/@fr\/115352363938327631","error":""},"_links":{"self":[{"href":"https:\/\/www.europesays.com\/fr\/wp-json\/wp\/v2\/posts\/453625","targetHints":{"allow":["GET"]}}],"collection":[{"href":"https:\/\/www.europesays.com\/fr\/wp-json\/wp\/v2\/posts"}],"about":[{"href":"https:\/\/www.europesays.com\/fr\/wp-json\/wp\/v2\/types\/post"}],"author":[{"embeddable":true,"href":"https:\/\/www.europesays.com\/fr\/wp-json\/wp\/v2\/users\/2"}],"replies":[{"embeddable":true,"href":"https:\/\/www.europesays.com\/fr\/wp-json\/wp\/v2\/comments?post=453625"}],"version-history":[{"count":0,"href":"https:\/\/www.europesays.com\/fr\/wp-json\/wp\/v2\/posts\/453625\/revisions"}],"wp:featuredmedia":[{"embeddable":true,"href":"https:\/\/www.europesays.com\/fr\/wp-json\/wp\/v2\/media\/453626"}],"wp:attachment":[{"href":"https:\/\/www.europesays.com\/fr\/wp-json\/wp\/v2\/media?parent=453625"}],"wp:term":[{"taxonomy":"category","embeddable":true,"href":"https:\/\/www.europesays.com\/fr\/wp-json\/wp\/v2\/categories?post=453625"},{"taxonomy":"post_tag","embeddable":true,"href":"https:\/\/www.europesays.com\/fr\/wp-json\/wp\/v2\/tags?post=453625"}],"curies":[{"name":"wp","href":"https:\/\/api.w.org\/{rel}","templated":true}]}}