{"id":453627,"date":"2025-10-10T23:01:14","date_gmt":"2025-10-10T23:01:14","guid":{"rendered":"https:\/\/www.europesays.com\/fr\/453627\/"},"modified":"2025-10-10T23:01:14","modified_gmt":"2025-10-10T23:01:14","slug":"strasbourg-du-vin-des-knacks-des-candidats-la-grande-foule-a-la-24e-fete-des-vendanges","status":"publish","type":"post","link":"https:\/\/www.europesays.com\/fr\/453627\/","title":{"rendered":"Strasbourg. Du vin, des knacks, des candidats&#8230; La grande foule \u00e0 la 24e f\u00eate des vendanges"},"content":{"rendered":"<p>\u00c9lus, ex-\u00e9lus et candidats plus ou moins d\u00e9clar\u00e9s ont jou\u00e9 des coudes autour du pressoir install\u00e9 ce vendredi soir sur la place Gutenberg. Officiellement pour \u00e9pauler et soutenir Gwenn Bauer, <a href=\"https:\/\/www.dna.fr\/economie\/2025\/10\/08\/la-fete-des-vendanges-et-du-gout-c-est-ce-week-end\" target=\"_blank\" rel=\"nofollow noopener\">artisan de la f\u00eate des vendanges<\/a> et pr\u00e9sident des Vitrines de Strasbourg, \u00e0 qui revient l\u2019insigne honneur de faire couler le jus de raisin inaugural &#8211; coup d\u2019envoi officiel de trois jours o\u00f9 les vins du vignoble de la Couronne d\u2019Or sont mis \u00e0 l\u2019honneur. Un vignoble qui commence \u00e0 20\u00a0km \u00e0 l\u2019ouest de Strasbourg, \u00e0 l\u2019entr\u00e9e nord de la mythique Route des vins d\u2019Alsace.<\/p>\n<p>  La promesse d\u2019un vin \u00ab d\u2019excellente qualit\u00e9 \u00bb<\/p>\n<p>Il est de tradition que la maire de Strasbourg, Jeanne Barseghian, partage avec le pr\u00e9sident des Vitrines la charge d\u2019actionner le rustique engin &#8211; d\u2019un va-et-vient ferme mais ma\u00eetris\u00e9 &#8211; pour faire couler le sacro-saint jus du fruit de la vigne. Nombreux \u00e9taient ceux ou celles qui auraient bien pris part \u00e0 la chose &#8211; l\u2019\u00e9lection municipale est en approche -, \u00e0 en juger le nombre de personnalit\u00e9s agglutin\u00e9es autour de l\u2019auguste pressoir pour la photo.<\/p>\n<p>D\u00e8s l\u2019apparition du liquide, la messe \u00e9tait dite, on pouvait trinquer et se ruer sur les tartes flamb\u00e9es, les knacks ou les raclettes qui vont embaumer l\u2019air de la place. \u00ab\u00a0Le m\u00fbrissement tardif du raisin promet un vin d\u2019excellente qualit\u00e9\u00a0\u00bb, a pr\u00e9cis\u00e9 Daniel Reutenauer, pr\u00e9sident des Vignerons de la Couronne d\u2019Or. \u00c0 la bonne heure\u00a0!<\/p>\n<p class=\"note\">La f\u00eate se poursuit sur la place Gutenberg\u00a0: samedi 11\u00a0octobre de 11\u00a0h \u00e0 20\u00a0h et dimanche 12\u00a0octobre de 11\u00a0h \u00e0 19\u00a0h.<\/p>\n","protected":false},"excerpt":{"rendered":"\u00c9lus, ex-\u00e9lus et candidats plus ou moins d\u00e9clar\u00e9s ont jou\u00e9 des coudes autour du pressoir install\u00e9 ce vendredi&hellip;\n","protected":false},"author":2,"featured_media":453628,"comment_status":"","ping_status":"","sticky":false,"template":"","format":"standard","meta":{"footnotes":""},"categories":[2820],"tags":[1111,11,4406,130,1687,33,2880,1777,674,107,1685,1011,27,775,12,25,640,2879],"class_list":{"0":"post-453627","1":"post","2":"type-post","3":"status-publish","4":"format-standard","5":"has-post-thumbnail","7":"category-strasbourg","8":"tag-actu","9":"tag-actualites","10":"tag-commerce-et-services","11":"tag-consommation","12":"tag-culture-loisirs","13":"tag-economie","14":"tag-edition-strasbourg","15":"tag-eu","16":"tag-europe","17":"tag-fil-info","18":"tag-foire-et-salon","19":"tag-fr","20":"tag-france","21":"tag-grand-est","22":"tag-news","23":"tag-republique-francaise","24":"tag-strasbourg","25":"tag-strasbourg-ville"},"share_on_mastodon":{"url":"https:\/\/pubeurope.com\/@fr\/115352364001621504","error":""},"_links":{"self":[{"href":"https:\/\/www.europesays.com\/fr\/wp-json\/wp\/v2\/posts\/453627","targetHints":{"allow":["GET"]}}],"collection":[{"href":"https:\/\/www.europesays.com\/fr\/wp-json\/wp\/v2\/posts"}],"about":[{"href":"https:\/\/www.europesays.com\/fr\/wp-json\/wp\/v2\/types\/post"}],"author":[{"embeddable":true,"href":"https:\/\/www.europesays.com\/fr\/wp-json\/wp\/v2\/users\/2"}],"replies":[{"embeddable":true,"href":"https:\/\/www.europesays.com\/fr\/wp-json\/wp\/v2\/comments?post=453627"}],"version-history":[{"count":0,"href":"https:\/\/www.europesays.com\/fr\/wp-json\/wp\/v2\/posts\/453627\/revisions"}],"wp:featuredmedia":[{"embeddable":true,"href":"https:\/\/www.europesays.com\/fr\/wp-json\/wp\/v2\/media\/453628"}],"wp:attachment":[{"href":"https:\/\/www.europesays.com\/fr\/wp-json\/wp\/v2\/media?parent=453627"}],"wp:term":[{"taxonomy":"category","embeddable":true,"href":"https:\/\/www.europesays.com\/fr\/wp-json\/wp\/v2\/categories?post=453627"},{"taxonomy":"post_tag","embeddable":true,"href":"https:\/\/www.europesays.com\/fr\/wp-json\/wp\/v2\/tags?post=453627"}],"curies":[{"name":"wp","href":"https:\/\/api.w.org\/{rel}","templated":true}]}}