{"id":453629,"date":"2025-10-10T23:02:34","date_gmt":"2025-10-10T23:02:34","guid":{"rendered":"https:\/\/www.europesays.com\/fr\/453629\/"},"modified":"2025-10-10T23:02:34","modified_gmt":"2025-10-10T23:02:34","slug":"rencontre-avec-hayva-slameuse-engagee-a-strasbourg","status":"publish","type":"post","link":"https:\/\/www.europesays.com\/fr\/453629\/","title":{"rendered":"rencontre avec Hayva, slameuse engag\u00e9e \u00e0 Strasbourg"},"content":{"rendered":"<p><strong>\u00c9crivaine et slameuse de 33 ans, Hayva partage aujourd\u2019hui avec nous son monde entre po\u00e9sie, litt\u00e9rature et slam. Victorieuse du Grand Slam National 2025 en \u00e9quipe avec la Maison Mimir de Strasbourg, cette \u00e9toile montante nous transperce dans ses \u00e9crits empreints d\u2019humanit\u00e9, d\u2019engagements et de respect.<\/strong><\/p>\n<p>Ayant grandi \u00e0 la cit\u00e9 Rotterdam de Strasbourg, <strong>Hayva sait d\u2019o\u00f9 elle vient et conna\u00eet l\u2019importance de la d\u00e9fense du droit des femmes. <\/strong><\/p>\n<p>\u00c9lev\u00e9e par sa m\u00e8re, avec une grand-m\u00e8re maternelle tr\u00e8s pr\u00e9sente, cette jeune femme ne regrette pas sa situation de<strong> fille unique dans une famille monoparentale : <\/strong>\u00ab J\u2019avais ainsi tout leur amour pour moi. \u00bb<\/p>\n<p>    <img width=\"800\" height=\"517\" src=\"https:\/\/www.europesays.com\/fr\/wp-content\/uploads\/2025\/10\/mamie-et-moi-800x517.jpg\" class=\"attachment-image-size-L size-image-size-L\" alt=\"Hayva\" decoding=\"async\" loading=\"lazy\"  \/>         \u00a9 Hayva \/ Document remis <\/p>\n<p>De cet amour familial f\u00e9minin compos\u00e9 de sa grand-m\u00e8re, sa m\u00e8re, sa tante et sa cousine (\u00ab on est les cinq doigts de la main \u00bb), elle garde en t\u00eate le fait que <strong>les femmes seules peuvent aller tr\u00e8s loin.<\/strong><\/p>\n<p>    <img width=\"400\" height=\"600\" src=\"https:\/\/www.europesays.com\/fr\/wp-content\/uploads\/2025\/10\/photo-2025-08-16-22-37-57-400x600.jpg\" class=\"attachment-image-size-M size-image-size-M\" alt=\"Hayva\" decoding=\"async\" loading=\"lazy\"  \/>         \u00a9 Hayva \/ Document remis <\/p>\n<p>Une influence culturelle diversifi\u00e9e<\/p>\n<p>Hayva a \u00e9t\u00e9 berc\u00e9e d\u00e8s le plus jeune \u00e2ge par la musique, <strong>de la vari\u00e9t\u00e9 fran\u00e7aise appr\u00e9ci\u00e9e par sa m\u00e8re aux influences rap<\/strong> de sa cousine de 8 ans son a\u00een\u00e9e. \u00ab Petite, je me souviens de journ\u00e9es pass\u00e9es devant la cha\u00eene MTV, \u00e0 \u00e9couter IAM, Diam\u2019s et Sniper ou \u00e0 chanter \u2018Mon papa \u00e0 moi est un gangster\u2019 \u00bb, se rem\u00e9more-t-elle.<\/p>\n<p>Chanson qui a particuli\u00e8rement accompagn\u00e9 Hayva tout au long de son enfance<\/p>\n<\/p>\n<p>\u00a0<\/p>\n<p><strong>D\u00e9j\u00e0 tr\u00e8s proche de sa grand-m\u00e8re,<\/strong> qui lui a appris l\u2019importance des cinq sens, <strong>c\u2019est avec son grand-p\u00e8re,<\/strong> qui est d\u00e9c\u00e9d\u00e9 quand Hayva avait 6 ans, <strong>qu\u2019elle a d\u00e9couvert le go\u00fbt de la lecture et de l\u2019\u00e9criture.<\/strong> Notamment gr\u00e2ce \u00e0 des affaires personnelles laiss\u00e9es derri\u00e8re lui : livres, lettres manuscrites, photographies\u2026<\/p>\n<p>    <img width=\"800\" height=\"573\" src=\"https:\/\/www.europesays.com\/fr\/wp-content\/uploads\/2025\/10\/reflet-sur-la-bibliotheque-de-mon-grand-pere-800x573.jpg\" class=\"attachment-image-size-L size-image-size-L\" alt=\"Hayva\" decoding=\"async\" loading=\"lazy\"  \/>         \u00a9 Hayva \/ Document remis <\/p>\n<p>Ce n\u2019est donc pas pour rien si Hayva a<strong> plusieurs cordes \u00e0 son arc : <\/strong><strong>charg\u00e9e de projet<\/strong> au CSC Meinau o\u00f9 elle g\u00e8re le <a href=\"https:\/\/mno-meinau.org\/\" target=\"_blank\" rel=\"noopener\">m\u00e9dia participatif citoyen MNO<\/a>, <strong>slameuse, photographe, \u00e9crivaine, intervenante lors d\u2019ateliers d\u2019\u00e9criture<\/strong> \u00e0 la Maison des Ados de Strasbourg\u2026<\/p>\n<p>Cette<strong> p\u00e9tillante artiste touche \u00e0 tout<\/strong> s\u2019\u00e9merveille d\u2019un rien, la <strong>curiosit\u00e9 toujours en premi\u00e8re ligne<\/strong>. \u00ab J\u2019ai toujours pos\u00e9 beaucoup de questions sur le monde qui m\u2019entoure, sur l\u2019histoire de ma famille, mes racines. \u00bb<\/p>\n<p>                <img width=\"750\" height=\"500\" src=\"https:\/\/www.europesays.com\/fr\/wp-content\/uploads\/2025\/10\/hayva-3-750x500.jpg\" class=\"attachment-gallery size-gallery\" alt=\"hayva\" data-full-url=\"https:\/\/pokaa.fr\/wp-content\/uploads\/2025\/08\/24\/hayva-3.jpg\" decoding=\"async\" loading=\"lazy\"  \/>            <\/p>\n<p>                <img width=\"750\" height=\"500\" src=\"https:\/\/www.europesays.com\/fr\/wp-content\/uploads\/2025\/10\/hayva-750x500.jpg\" class=\"attachment-gallery size-gallery\" alt=\"hayva\" data-full-url=\"https:\/\/pokaa.fr\/wp-content\/uploads\/2025\/08\/24\/hayva.jpg\" decoding=\"async\" loading=\"lazy\"  \/>            <\/p>\n<p>                <img width=\"750\" height=\"500\" src=\"https:\/\/www.europesays.com\/fr\/wp-content\/uploads\/2025\/10\/hayva2-750x500.jpg\" class=\"attachment-gallery size-gallery\" alt=\"Hayva\" data-full-url=\"https:\/\/pokaa.fr\/wp-content\/uploads\/2025\/08\/24\/hayva2.jpg\" decoding=\"async\" loading=\"lazy\"  \/>            <\/p>\n<p>                    \u00a9 Lise Kintz \/ Documents remis<\/p>\n<p>La d\u00e9couverte de la po\u00e9sie<\/p>\n<p>Pour Hayva,<strong> l\u2019\u00e9criture est un mode de vie<\/strong> qui permet de <strong>regarder la beaut\u00e9, de s\u2019extasier devant les choses simples et de pr\u00e9server son imaginaire<\/strong>. \u00ab La po\u00e9sie permet de prendre les choses avec plus de l\u00e9g\u00e8ret\u00e9 face \u00e0 la lourdeur de la soci\u00e9t\u00e9 qui nous entoure. Elle aide \u00e0 reprendre le pouvoir sur le quotidien, \u00e0 capter la sensibilit\u00e9 et \u00e0 la transformer en po\u00e8mes. \u00bb<\/p>\n<p>Selon elle, l\u2019\u00e9criture est salvatrice : elle permet de<strong> se comprendre soi-m\u00eame, et donc de comprendre les autres<\/strong>, de transmettre \u00e0 autrui la <strong>possibilit\u00e9 d\u2019\u00eatre soi, de s\u2019accepter, d\u2019avoir le droit d\u2019\u00eatre et de s\u2019exprimer.<\/strong><\/p>\n<blockquote><p>\n        La po\u00e9sie est en moi, avec moi, elle est quotidienne et transversale.     <\/p><\/blockquote>\n<p>            Hayva<\/p>\n<p>    <img width=\"450\" height=\"600\" src=\"https:\/\/www.europesays.com\/fr\/wp-content\/uploads\/2025\/10\/54f09316-0e16-463a-b54d-ee75f6f31d10-450x600.jpg\" class=\"attachment-image-size-M size-image-size-M\" alt=\"po\u00e9sie Hayva\" decoding=\"async\" loading=\"lazy\"  \/>         \u00a9 Document remis <\/p>\n<p>Ses<strong> premiers po\u00e8mes, \u00e9crits \u00e0 l\u2019\u00e2ge de 4 ans<\/strong>, \u00e9voquaient d\u00e9j\u00e0 le monde, dans la plus simple technicit\u00e9.<\/p>\n<p>\u00ab Au coll\u00e8ge, j\u2019ai commenc\u00e9 \u00e0 \u00e9crire des po\u00e8mes plus conventionnels, et notamment mes <strong>premi\u00e8res 16 mesures<\/strong> car j\u2019\u00e9coutais du rap. Au lyc\u00e9e, j\u2019\u00e9tais plus dans la phase r\u00eaveuse philosophe, donc j\u2019ai \u00e9crit des <strong>alexandrins et des po\u00e9sies en prose,<\/strong> toujours avec cette <strong>frustration de pas comprendre ni l\u2019humain ni notre soci\u00e9t\u00e9.\u00a0\u00bb<\/strong>\u00a0<\/p>\n<p>Celle qui a <strong>toujours un carnet sur elle, pour \u00e9crire spontan\u00e9ment<\/strong> lorsqu\u2019une id\u00e9e lui passe par la t\u00eate, prend plaisir \u00e0 regarder passer les gens et y puise son inspiration.<\/p>\n<p>                <img width=\"675\" height=\"500\" src=\"https:\/\/www.europesays.com\/fr\/wp-content\/uploads\/2025\/10\/1-premiere-scene-ouverte-de-slam-maison-mimir-janvier-2023-getgetphotographie-675x500.jpg\" class=\"attachment-gallery size-gallery\" alt=\"Hayva Premie\u0300re sce\u0300ne ouverte de slam, Maison Mimir, janvier 2023\u00a9 Getgetphotographie\" data-full-url=\"https:\/\/pokaa.fr\/wp-content\/uploads\/2025\/08\/26\/1-premiere-scene-ouverte-de-slam-maison-mimir-janvier-2023-getgetphotographie.jpg\" decoding=\"async\" loading=\"lazy\"  \/>            <\/p>\n<p>                <img width=\"667\" height=\"500\" src=\"https:\/\/www.europesays.com\/fr\/wp-content\/uploads\/2025\/10\/4-performance-de-slam-au-blue-note-cafe-avec-petit-cesaire-le-28-juin-2024-667x500.jpg\" class=\"attachment-gallery size-gallery\" alt=\"Performance de slam au Blue Note Cafe\u0301 avec Petit Ce\u0301saire le 28 juin 2024\" data-full-url=\"https:\/\/pokaa.fr\/wp-content\/uploads\/2025\/08\/26\/4-performance-de-slam-au-blue-note-cafe-avec-petit-cesaire-le-28-juin-2024.jpg\" decoding=\"async\" loading=\"lazy\"  \/>            <\/p>\n<p>                    \u00a9 Hayva \/ Documents remis<\/p>\n<p>De la po\u00e9sie au slam : une victoire nationale \u00e0 Paris avec Maison Mimir<\/p>\n<p>Lors d\u2019une<strong>\u00a0rencontre avec le musicien J\u00e9r\u00e9my Novotek alias Nouns<\/strong>, ce dernier encourage vivement Hayva \u00e0<strong> partager son talent et la profondeur de ses textes lors de sc\u00e8nes ouvertes.<\/strong><\/p>\n<p>\u00ab Je me pointe <strong>en janvier 2023 \u00e0 la sc\u00e8ne ouverte de Mimir<\/strong>. Et l\u00e0 je suis inscrite mais c\u2019est un <strong>tournoi de slam<\/strong>\u2026 Donc avec un jury et des notes ! Je prends mon courage \u00e0 deux mains et je monte sur sc\u00e8ne en lisant mes textes sur le t\u00e9l\u00e9phone\u2026 Et <strong>je gagne le tournoi ! \u00bb<\/strong><\/p>\n<p>                <img width=\"667\" height=\"500\" src=\"https:\/\/www.europesays.com\/fr\/wp-content\/uploads\/2025\/10\/photo-2025-08-16-22-26-58-3-667x500.jpg\" class=\"attachment-gallery size-gallery\" alt=\"Hayva\" data-full-url=\"https:\/\/pokaa.fr\/wp-content\/uploads\/2025\/08\/20\/photo-2025-08-16-22-26-58-3.jpg\" decoding=\"async\" loading=\"lazy\"  \/>            <\/p>\n<p>                <img width=\"333\" height=\"500\" src=\"https:\/\/www.europesays.com\/fr\/wp-content\/uploads\/2025\/10\/photo-2025-08-16-22-37-57-2-333x500.jpg\" class=\"attachment-gallery size-gallery\" alt=\"Hayva\" data-full-url=\"https:\/\/pokaa.fr\/wp-content\/uploads\/2025\/08\/20\/photo-2025-08-16-22-37-57-2.jpg\" decoding=\"async\" loading=\"lazy\"  \/>            <\/p>\n<p>                    \u00a9 Hayva \/ Documents remis<\/p>\n<p>Un peu plus tard, <strong>Hayva rencontre les slameurs Cartouche \u00e0 la Maison Mimir et Mosd\u00e9 le Baladin<\/strong> lors d\u2019ateliers d\u2019\u00e9criture \u00e0 la Meinau. C\u2019est le d\u00e9but d\u2019une grande amiti\u00e9, qui va vite aboutir \u00e0 un enrichissement artistique r\u00e9ciproque.<\/p>\n<p>Apr\u00e8s <strong>diff\u00e9rentes sc\u00e8nes \u00e0 Strasbourg<\/strong>, elle d\u00e9cide de <strong>monter sur les planches au niveau national<\/strong> en groupe, lors du concours Grand Slam National 2024 <strong>o\u00f9 ils\/elles s\u2019inclinent en finale<\/strong>.<\/p>\n<p>Fin mai 2025, ils\/elles ont rempil\u00e9 pour exposer leurs proses lors du Grand Slam National \u00e0 Belleville en r\u00e9gion parisienne, o\u00f9 <strong>20 \u00e9quipes de 4 slameurs\/ses de toute la France se sont affront\u00e9es.<\/strong><\/p>\n<p>                <img width=\"375\" height=\"500\" src=\"https:\/\/www.europesays.com\/fr\/wp-content\/uploads\/2025\/10\/photo-2025-08-16-22-26-59-375x500.jpg\" class=\"attachment-gallery size-gallery\" alt=\"Maison Mimir\" data-full-url=\"https:\/\/pokaa.fr\/wp-content\/uploads\/2025\/08\/20\/photo-2025-08-16-22-26-59.jpg\" decoding=\"async\" loading=\"lazy\"  \/>            <\/p>\n<p>                <img width=\"406\" height=\"500\" src=\"https:\/\/www.europesays.com\/fr\/wp-content\/uploads\/2025\/10\/photo-2025-08-16-22-37-56-406x500.jpg\" class=\"attachment-gallery size-gallery\" alt=\"Hayva\" data-full-url=\"https:\/\/pokaa.fr\/wp-content\/uploads\/2025\/08\/20\/photo-2025-08-16-22-37-56.jpg\" decoding=\"async\" loading=\"lazy\"  \/>            <\/p>\n<p>                    \u00a9 Hayva \/ Documents remis<\/p>\n<p>Passage de Hayva \u00e0 1:50:15<\/p>\n<p><strong>L\u2019\u00e9quipe de slam \u00ab Maison Mimir \u00bb<\/strong>, compos\u00e9e de Peau d\u2019\u00c2me (pseudo utilis\u00e9 par Hayva lors des tournois), Mosd\u00e9 le Baladin, Justin Combo et Cartouche, a remport\u00e9 la <strong>premi\u00e8re place devant Mulhouse<\/strong>. Cette victoire a naturellement \u00e9t\u00e9 <strong>d\u00e9di\u00e9e \u00e0 la Maison Mimir<\/strong> <strong>qui a \u00e9t\u00e9 victime d\u2019un incendie en f\u00e9vrier 2023.<\/strong><\/p>\n<p>\u00ab Cette comp\u00e9tition est avant tout un <strong>tournoi de po\u00e9sie sans instruments<\/strong>. Ton instrument, c\u2019est ta voix. Tu dois l\u2019accompagner de<strong> mouvements<\/strong>, d\u2019un <strong>aspect th\u00e9\u00e2tral<\/strong> et ne pas oublier les<strong> punchlines<\/strong> et les <strong>multisyllabiques<\/strong> \u00bb, informe-t-elle, les \u00e9toiles dans les yeux.<\/p>\n<p>                <img width=\"667\" height=\"500\" src=\"https:\/\/www.europesays.com\/fr\/wp-content\/uploads\/2025\/10\/photo-2025-08-16-22-26-58-2-667x500.jpg\" class=\"attachment-gallery size-gallery\" alt=\"Hayva et Maison Mimir\" data-full-url=\"https:\/\/pokaa.fr\/wp-content\/uploads\/2025\/08\/20\/photo-2025-08-16-22-26-58-2.jpg\" decoding=\"async\" loading=\"lazy\"  \/>            <\/p>\n<p>                <img width=\"375\" height=\"500\" src=\"https:\/\/www.europesays.com\/fr\/wp-content\/uploads\/2025\/10\/photo-2025-08-16-22-35-40-375x500.jpg\" class=\"attachment-gallery size-gallery\" alt=\"Maison Mimir\" data-full-url=\"https:\/\/pokaa.fr\/wp-content\/uploads\/2025\/08\/20\/photo-2025-08-16-22-35-40.jpg\" decoding=\"async\" loading=\"lazy\"  \/>            <\/p>\n<p>                    \u00a9 Hayva \/ Documents remis<\/p>\n<p><strong>L\u2019interpr\u00e9tation, le charisme et la qualit\u00e9s des textes<\/strong> sont ainsi \u00e0 l\u2019appr\u00e9ciation du jury. Jury qui a \u00e9t\u00e9 particuli\u00e8rement impressionn\u00e9 par les <strong>messages de fond et textes engag\u00e9s d\u2019Hayva,<\/strong> qui parlent de soi, de la soci\u00e9t\u00e9, de sa m\u00e8re ou encore de la Palestine. Au point de<strong> terminer \u00e0 0,6 point de la qualification pour le championnat du monde en individuel.<\/strong><\/p>\n<\/p>\n<p>Passage de Hayva \u00e0 01:39:36<\/p>\n<p>                <img width=\"375\" height=\"500\" src=\"https:\/\/www.europesays.com\/fr\/wp-content\/uploads\/2025\/10\/photo-2025-08-16-22-37-55-375x500.jpg\" class=\"attachment-gallery size-gallery\" alt=\"Hayva\" data-full-url=\"https:\/\/pokaa.fr\/wp-content\/uploads\/2025\/08\/20\/photo-2025-08-16-22-37-55.jpg\" decoding=\"async\" loading=\"lazy\"  \/>            <\/p>\n<p>                <img width=\"375\" height=\"500\" src=\"https:\/\/www.europesays.com\/fr\/wp-content\/uploads\/2025\/10\/photo-2025-08-16-22-37-57-4-375x500.jpg\" class=\"attachment-gallery size-gallery\" alt=\"Hayva\" data-full-url=\"https:\/\/pokaa.fr\/wp-content\/uploads\/2025\/08\/20\/photo-2025-08-16-22-37-57-4.jpg\" decoding=\"async\" loading=\"lazy\"  \/>            <\/p>\n<p>                    \u00a9 Hayva \/ Documents remis<\/p>\n<p>Et maintenant ?<\/p>\n<p>Hayva est en train de <strong>cr\u00e9er l\u2019association L\u2019ENGAGE avec des ami(e)s de la Maison Mimir<\/strong>. Elle aura pour objet de <strong>promouvoir tous les arts oratoires de la rue et la culture urbaine, et de donner la parole \u00e0 des publics en marge et isol\u00e9s : en prison, avec des handicaps ou des jeunes dans des foyers<\/strong>.<\/p>\n<p>\u00ab L\u2019Engage recherche des lieux et des partenariats pour animer des sc\u00e8nes ouvertes de slam \u00e0 Strasbourg, donc il ne faut pas h\u00e9siter \u00e0 nous contacter \u00e0 <a href=\"http:\/\/pokaa.fr\/cdn-cgi\/l\/email-protection#93fff6fdf4f2f4f6f2e0e0fcd3f4fef2faffbdf0fcfe\" target=\"_blank\" rel=\"noopener\">[email\u00a0protected] \u00bb<\/a><\/p>\n<p>Vous pouvez aussi retrouver Hayva sur les sc\u00e8nes ouvertes de la <strong>Maison Mimir, chaque dernier mardi du mois<\/strong>.<\/p>\n<p>                <img width=\"752\" height=\"500\" src=\"https:\/\/www.europesays.com\/fr\/wp-content\/uploads\/2025\/10\/230209-pka-incendie-maison-mimir-9-752x500.jpg\" class=\"attachment-gallery size-gallery\" alt=\"Maison Mimir Incendie destruction\" data-full-url=\"https:\/\/pokaa.fr\/wp-content\/uploads\/2023\/02\/230209-pka-incendie-maison-mimir-9.jpg\" decoding=\"async\" loading=\"lazy\"  \/>            <\/p>\n<p>                <img width=\"750\" height=\"500\" src=\"https:\/\/www.europesays.com\/fr\/wp-content\/uploads\/2025\/10\/maison-mimir.jpg\" class=\"attachment-gallery size-gallery\" alt=\"maison mimir\" data-full-url=\"https:\/\/www.europesays.com\/fr\/wp-content\/uploads\/2025\/10\/maison-mimir.jpg\" decoding=\"async\" loading=\"lazy\"  \/>            <\/p>\n<p>                    1. \u00a9 Adrien Labit \/ Pokaa ; 2. \u00a9 Document remis<\/p>\n<p>Cette talentueuse po\u00e8te a aussi pour projet de <strong>mettre ses textes en musique<\/strong> dans le cadre d\u2019un <strong>projet rap <\/strong>avec un ami musicien. \u00ab \u00c0 l\u2019inverse du rap o\u00f9 on \u00e9crit des paroles sur une prod, l\u00e0 les textes sont d\u00e9j\u00e0 \u00e9crits et c\u2019est \u00e0 la prod de se caler sur les textes. \u00bb<\/p>\n<p>\u00ab Je propose \u00e9galement des <strong>ateliers d\u2019\u00e9criture slam au CSC de la Meinau<\/strong> \u00e0 partir de septembre, ouverts \u00e0 toutes et tous sur inscription et payants. \u00bb<\/p>\n<\/p>\n<p>                <img width=\"750\" height=\"500\" src=\"https:\/\/www.europesays.com\/fr\/wp-content\/uploads\/2025\/10\/img-0065-750x500.jpg\" class=\"attachment-gallery size-gallery\" alt=\"Hayva\" data-full-url=\"https:\/\/pokaa.fr\/wp-content\/uploads\/2025\/08\/25\/img-0065.jpg\" decoding=\"async\" loading=\"lazy\"  \/>            <\/p>\n<p>                <img width=\"480\" height=\"500\" src=\"https:\/\/www.europesays.com\/fr\/wp-content\/uploads\/2025\/10\/3-del-photography-480x500.jpg\" class=\"attachment-gallery size-gallery\" alt=\"Hayva\" data-full-url=\"https:\/\/pokaa.fr\/wp-content\/uploads\/2025\/08\/26\/3-del-photography.jpg\" decoding=\"async\" loading=\"lazy\"  \/>            <\/p>\n<p>                    1. \u00a9 Hayva \/ Documents remis ; 2. \u00a9 Del Photography \/ Document remis<\/p>\n<p>Et pour finir : pas de concert \u00e0 venir dans l\u2019imm\u00e9diat, mais un <strong>projet de maquette en studio<\/strong> est sur les rails\u2026 Ne lui reste qu\u2019\u00e0 <strong>trouver des financements<\/strong> (tremplins, aides, structures associatives, maisons de disques). <strong>On lui souhaite bonne chance !\u00a0<\/strong><\/p>\n<p style=\"text-align: center;\"><a href=\"https:\/\/www.instagram.com\/hayva_we\/\" target=\"_blank\" rel=\"noopener\">Sa page Instagram<\/a><br \/><a href=\"https:\/\/www.facebook.com\/hayva.wernert\" target=\"_blank\" rel=\"noopener\">Sa page Facebook<\/a><\/p>\n<p><script async src=\"\/\/www.instagram.com\/embed.js\"><\/script><\/p>\n","protected":false},"excerpt":{"rendered":"\u00c9crivaine et slameuse de 33 ans, Hayva partage aujourd\u2019hui avec nous son monde entre po\u00e9sie, litt\u00e9rature et slam.&hellip;\n","protected":false},"author":2,"featured_media":453630,"comment_status":"","ping_status":"","sticky":false,"template":"","format":"standard","meta":{"footnotes":""},"categories":[2820],"tags":[1111,11,57911,903,9476,1777,674,1011,27,775,57912,12,9228,25,57913,57914,640],"class_list":{"0":"post-453629","1":"post","2":"type-post","3":"status-publish","4":"format-standard","5":"has-post-thumbnail","7":"category-strasbourg","8":"tag-actu","9":"tag-actualites","10":"tag-art-et-musique","11":"tag-concours","12":"tag-ecriture","13":"tag-eu","14":"tag-europe","15":"tag-fr","16":"tag-france","17":"tag-grand-est","18":"tag-hayva","19":"tag-news","20":"tag-poesie","21":"tag-republique-francaise","22":"tag-slam","23":"tag-slameuse","24":"tag-strasbourg"},"share_on_mastodon":{"url":"https:\/\/pubeurope.com\/@fr\/115352368697650234","error":""},"_links":{"self":[{"href":"https:\/\/www.europesays.com\/fr\/wp-json\/wp\/v2\/posts\/453629","targetHints":{"allow":["GET"]}}],"collection":[{"href":"https:\/\/www.europesays.com\/fr\/wp-json\/wp\/v2\/posts"}],"about":[{"href":"https:\/\/www.europesays.com\/fr\/wp-json\/wp\/v2\/types\/post"}],"author":[{"embeddable":true,"href":"https:\/\/www.europesays.com\/fr\/wp-json\/wp\/v2\/users\/2"}],"replies":[{"embeddable":true,"href":"https:\/\/www.europesays.com\/fr\/wp-json\/wp\/v2\/comments?post=453629"}],"version-history":[{"count":0,"href":"https:\/\/www.europesays.com\/fr\/wp-json\/wp\/v2\/posts\/453629\/revisions"}],"wp:featuredmedia":[{"embeddable":true,"href":"https:\/\/www.europesays.com\/fr\/wp-json\/wp\/v2\/media\/453630"}],"wp:attachment":[{"href":"https:\/\/www.europesays.com\/fr\/wp-json\/wp\/v2\/media?parent=453629"}],"wp:term":[{"taxonomy":"category","embeddable":true,"href":"https:\/\/www.europesays.com\/fr\/wp-json\/wp\/v2\/categories?post=453629"},{"taxonomy":"post_tag","embeddable":true,"href":"https:\/\/www.europesays.com\/fr\/wp-json\/wp\/v2\/tags?post=453629"}],"curies":[{"name":"wp","href":"https:\/\/api.w.org\/{rel}","templated":true}]}}