{"id":453631,"date":"2025-10-10T23:03:14","date_gmt":"2025-10-10T23:03:14","guid":{"rendered":"https:\/\/www.europesays.com\/fr\/453631\/"},"modified":"2025-10-10T23:03:14","modified_gmt":"2025-10-10T23:03:14","slug":"meteo-a-quoi-sattendre-a-nice-et-dans-les-alpes-maritimes-ce-week-end-du-11-et-12-octobre","status":"publish","type":"post","link":"https:\/\/www.europesays.com\/fr\/453631\/","title":{"rendered":"M\u00e9t\u00e9o. \u00c0 quoi s&rsquo;attendre \u00e0 Nice et dans les Alpes-Maritimes ce week-end du 11 et 12 octobre\u00a0?"},"content":{"rendered":"<p>            Par<br \/>\n        <strong><br \/>\n            <a href=\"https:\/\/actu.fr\/auteur\/arthur-frand\" title=\"Consulter tous les articles de Arthur Frand\" target=\"_blank\" rel=\"noopener\">Arthur Frand<\/a><br \/>\n        <\/strong><\/p>\n<p>        Publi\u00e9 le<\/p>\n<p>            10 oct. 2025 \u00e0 17h41        <\/p>\n<p>Alors que la mi-octobre s\u2019approche, le soleil continue de <strong>briller<\/strong> au-dessus de <a href=\"https:\/\/actu.fr\/nice\/\" target=\"_blank\" rel=\"noopener\">Nice<\/a> et dans le d\u00e9partement des <a href=\"https:\/\/actu.fr\/provence-alpes-cote-d-azur\/alpes-maritimes_06\" target=\"_blank\" rel=\"noopener\">Alpes-Maritimes<\/a>. Et la donne restera identique en ce deuxi\u00e8me week-end du mois, ce samedi\u00a011 et dimanche\u00a012.<\/p>\n<p class=\" wall-content\">D\u00e9couvrez les <strong>pr\u00e9visions m\u00e9t\u00e9o<\/strong> dans le d\u00e9partement.<\/p>\n<p>Soleil et douceur dans les Alpes-Maritimes<\/p>\n<p class=\" wall-content\"><strong>Samedi 11\u00a0octobre<\/strong>\u2009: grand soleil dans les Alpes-Maritimes. Pas un nuage ne devrait venir perturber votre journ\u00e9e. Le vent sera quasi nul, avec quelques rafales n\u2019exc\u00e9dant pas 10-15km\/h selon M\u00e9t\u00e9o France.<\/p>\n<p class=\" wall-content\">Du c\u00f4t\u00e9 des temp\u00e9ratures, il fera entre 7\u00a0\u00b0C et 23\u00a0\u00b0C ce samedi matin. Le mercure grimpera ensuite <strong>jusqu\u2019\u00e0 27\u00a0\u00b0C<\/strong> sur une large bande littorale au plus chaud de la journ\u00e9e.<\/p>\n<p class=\" wall-content\"><strong>Dimanche 12\u00a0octobre<\/strong>\u2009: ciel d\u00e9gag\u00e9 \u00e9galement sur l<strong>\u2019<\/strong>ensemble du d\u00e9partement avec un faible vent selon M\u00e9t\u00e9o France. Les temp\u00e9ratures seront similaires \u00e0 celles du samedi, avec une minimale de 6\u00a0\u00b0C et une maximale de 26\u00a0\u00b0C sur le littoral.<\/p>\n<p class=\" wall-content\">\u00c0 Nice, le <strong>thermom\u00e8tre<\/strong> oscillera entre 17 et 24 degr\u00e9s ce samedi et dimanche.<\/p>\n<p class=\" wall-content\">En revanche, le temps pourrait se g\u00e2ter l\u00e9g\u00e8rement \u00e0 partir de ce mardi 14\u00a0octobre, o\u00f9 quelques averses sont annonc\u00e9es.<\/p>\n<p class=\" wall-content\">Personnalisez votre actualit\u00e9 en ajoutant vos villes et m\u00e9dias en favori avec <a href=\"https:\/\/moncompte.actu.fr\" title=\"D\u00e9couvez Mon Actu\" rel=\"nofollow noopener\" data-trk=\"{&quot;cta&quot;:{&quot;action&quot;:&quot;https:\\\/\\\/moncompte.actu.fr&quot;,&quot;category&quot;:&quot;mon compte&quot;,&quot;from&quot;:&quot;article footer&quot;,&quot;name&quot;:&quot;Mon actu&quot;,&quot;type&quot;:&quot;cta&quot;}}\" target=\"_blank\">Mon Actu<\/a>.<\/p>\n","protected":false},"excerpt":{"rendered":"Par Arthur Frand Publi\u00e9 le 10 oct. 2025 \u00e0 17h41 Alors que la mi-octobre s\u2019approche, le soleil continue&hellip;\n","protected":false},"author":2,"featured_media":453632,"comment_status":"","ping_status":"","sticky":false,"template":"","format":"standard","meta":{"footnotes":""},"categories":[2819],"tags":[1111,11,1777,674,1011,27,2487,2357,12,2401,882,25],"class_list":{"0":"post-453631","1":"post","2":"type-post","3":"status-publish","4":"format-standard","5":"has-post-thumbnail","7":"category-nice","8":"tag-actu","9":"tag-actualites","10":"tag-eu","11":"tag-europe","12":"tag-fr","13":"tag-france","14":"tag-meteo","15":"tag-meteo-france","16":"tag-news","17":"tag-nice","18":"tag-provence-alpes-cote-dazur","19":"tag-republique-francaise"},"share_on_mastodon":{"url":"https:\/\/pubeurope.com\/@fr\/115352371501280741","error":""},"_links":{"self":[{"href":"https:\/\/www.europesays.com\/fr\/wp-json\/wp\/v2\/posts\/453631","targetHints":{"allow":["GET"]}}],"collection":[{"href":"https:\/\/www.europesays.com\/fr\/wp-json\/wp\/v2\/posts"}],"about":[{"href":"https:\/\/www.europesays.com\/fr\/wp-json\/wp\/v2\/types\/post"}],"author":[{"embeddable":true,"href":"https:\/\/www.europesays.com\/fr\/wp-json\/wp\/v2\/users\/2"}],"replies":[{"embeddable":true,"href":"https:\/\/www.europesays.com\/fr\/wp-json\/wp\/v2\/comments?post=453631"}],"version-history":[{"count":0,"href":"https:\/\/www.europesays.com\/fr\/wp-json\/wp\/v2\/posts\/453631\/revisions"}],"wp:featuredmedia":[{"embeddable":true,"href":"https:\/\/www.europesays.com\/fr\/wp-json\/wp\/v2\/media\/453632"}],"wp:attachment":[{"href":"https:\/\/www.europesays.com\/fr\/wp-json\/wp\/v2\/media?parent=453631"}],"wp:term":[{"taxonomy":"category","embeddable":true,"href":"https:\/\/www.europesays.com\/fr\/wp-json\/wp\/v2\/categories?post=453631"},{"taxonomy":"post_tag","embeddable":true,"href":"https:\/\/www.europesays.com\/fr\/wp-json\/wp\/v2\/tags?post=453631"}],"curies":[{"name":"wp","href":"https:\/\/api.w.org\/{rel}","templated":true}]}}