{"id":453646,"date":"2025-10-10T23:11:17","date_gmt":"2025-10-10T23:11:17","guid":{"rendered":"https:\/\/www.europesays.com\/fr\/453646\/"},"modified":"2025-10-10T23:11:17","modified_gmt":"2025-10-10T23:11:17","slug":"loos-64-logements-rehabilites-grace-a-la-region","status":"publish","type":"post","link":"https:\/\/www.europesays.com\/fr\/453646\/","title":{"rendered":"Loos : 64 logements r\u00e9habilit\u00e9s gr\u00e2ce \u00e0 la R\u00e9gion !"},"content":{"rendered":"<p>A Loos, le quartier des Oliveaux continue de se transformer. 64 logements collectifs ont \u00e9t\u00e9 r\u00e9habilit\u00e9 pour un meilleurs confort des locataires.\n<\/p>\n<p>Au c\u0153ur du quartier des Oliveaux \u00e0 <a href=\"https:\/\/www.loos.fr\/fr\" target=\"_blank\" rel=\"noopener\">Loos<\/a>, un vaste chantier de r\u00e9habilitation \u00e9nerg\u00e9tique a \u00e9t\u00e9 men\u00e9. Port\u00e9 par <a href=\"https:\/\/www.vilogia.fr\/\" target=\"_blank\" rel=\"noopener\">Vilogia<\/a> et cofinanc\u00e9 par le <a href=\"https:\/\/europe-en-hautsdefrance.eu\/je-minforme\/les-financements-europeens\/feder\" target=\"_blank\" rel=\"noopener\">FEDER (Fonds europ\u00e9en de d\u00e9veloppement r\u00e9gional)<\/a> dont la R\u00e9gion Hauts-de-France assure la gestion, ce projet ambitieux vise \u00e0 moderniser et rendre plus performants 64 logements locatifs construits en 1958.<\/p>\n<p>Un patrimoine r\u00e9nov\u00e9<\/p>\n<p>L\u2019op\u00e9ration concerne deux b\u00e2timents collectifs de 32 logements chacun, situ\u00e9s dans les tours Lavoisier et Verhaeren.\u00a0 Il s\u2019agit plus concr\u00e8tement d\u2019une r\u00e9novation compl\u00e8te des b\u00e2timents, incluant une isolation par l\u2019ext\u00e9rieur avec bardage, le remplacement des menuiseries ext\u00e9rieures et la r\u00e9fection et l\u2019isolation des toitures terrasses. Les parties communes ne sont pas oubli\u00e9es. Elles b\u00e9n\u00e9ficieront d\u2019un embellissement complet et de nouveaux locaux pour les poubelles et v\u00e9los ont \u00e9t\u00e9 am\u00e9nag\u00e9s.<\/p>\n<p><a href=\"https:\/\/www.hautsdefrance.fr\/app\/uploads\/2025\/10\/53d094b1-8960-4251-9fcf-7fc54b8e7785.jpg\" target=\"_blank\" rel=\"noopener\"><img loading=\"lazy\" decoding=\"async\" class=\"aligncenter size-large wp-image-190266\" src=\"https:\/\/www.europesays.com\/fr\/wp-content\/uploads\/2025\/10\/53d094b1-8960-4251-9fcf-7fc54b8e7785-1024x768.jpg\" alt=\"\" width=\"1024\" height=\"768\"  \/><\/a><\/p>\n<p>Dans les logements, les habitants profiteront d\u2019\u00e9quipements modernis\u00e9s. Ils seront notamment \u00e9quip\u00e9s d\u2019une VMC neuve et b\u00e9n\u00e9ficieront de la cr\u00e9ation d\u2019un r\u00e9seau de chauffage r\u00e9nov\u00e9 aliment\u00e9 par des chaudi\u00e8res individuelles au gaz. Enfin, les abords ext\u00e9rieurs seront \u00e9galement repens\u00e9s, avec la mise en place de nouvelles cl\u00f4tures et d\u2019am\u00e9nagements paysagers pour un cadre de vie plus agr\u00e9able.<\/p>\n<p>Des logements plus performants<\/p>\n<p>En plus du confort apport\u00e9 aux habitants, cette r\u00e9habilitation permettra \u00e9galement de r\u00e9duire significativement les consommations \u00e9nerg\u00e9tiques et de diminuer les charges pour les m\u00e9nages. Les locataires b\u00e9n\u00e9ficieront ainsi d\u2019un meilleur confort thermique, tout en vivant dans des logements plus respectueux de l\u2019environnement.<\/p>\n<p><a href=\"https:\/\/www.hautsdefrance.fr\/app\/uploads\/2025\/10\/d5fb99f7-2b9f-4332-92b4-f2c8b26e7350.jpg\" target=\"_blank\" rel=\"noopener\"><img loading=\"lazy\" decoding=\"async\" class=\"aligncenter size-large wp-image-190268\" src=\"https:\/\/www.europesays.com\/fr\/wp-content\/uploads\/2025\/10\/d5fb99f7-2b9f-4332-92b4-f2c8b26e7350-1024x768.jpg\" alt=\"\" width=\"1024\" height=\"768\"  \/><\/a><\/p>\n<p>Un projet b\u00e9n\u00e9ficie du soutien financier du FEDER, g\u00e9r\u00e9 par la R\u00e9gion Hauts-de-France, \u00e0 hauteur de 256 000 \u20ac qui s\u2019inscrit pleinement dans la dynamique <a href=\"https:\/\/rev3.hautsdefrance.fr\/\" target=\"_blank\" rel=\"noopener\">rev3<\/a>.<\/p>\n<p><img decoding=\"async\" class=\"img-fluid my-4\" src=\"https:\/\/www.europesays.com\/fr\/wp-content\/uploads\/2025\/10\/blocs-marque_soutien_ue.jpg\"\/><\/p>\n","protected":false},"excerpt":{"rendered":"A Loos, le quartier des Oliveaux continue de se transformer. 64 logements collectifs ont \u00e9t\u00e9 r\u00e9habilit\u00e9 pour un&hellip;\n","protected":false},"author":2,"featured_media":453647,"comment_status":"","ping_status":"","sticky":false,"template":"","format":"standard","meta":{"footnotes":""},"categories":[2815],"tags":[1111,11,1777,674,1011,27,811,1307,1908,12,25,28208],"class_list":{"0":"post-453646","1":"post","2":"type-post","3":"status-publish","4":"format-standard","5":"has-post-thumbnail","7":"category-lille","8":"tag-actu","9":"tag-actualites","10":"tag-eu","11":"tag-europe","12":"tag-fr","13":"tag-france","14":"tag-hauts-de-france","15":"tag-lille","16":"tag-logement","17":"tag-news","18":"tag-republique-francaise","19":"tag-rev3"},"share_on_mastodon":{"url":"https:\/\/pubeurope.com\/@fr\/115352403597753962","error":""},"_links":{"self":[{"href":"https:\/\/www.europesays.com\/fr\/wp-json\/wp\/v2\/posts\/453646","targetHints":{"allow":["GET"]}}],"collection":[{"href":"https:\/\/www.europesays.com\/fr\/wp-json\/wp\/v2\/posts"}],"about":[{"href":"https:\/\/www.europesays.com\/fr\/wp-json\/wp\/v2\/types\/post"}],"author":[{"embeddable":true,"href":"https:\/\/www.europesays.com\/fr\/wp-json\/wp\/v2\/users\/2"}],"replies":[{"embeddable":true,"href":"https:\/\/www.europesays.com\/fr\/wp-json\/wp\/v2\/comments?post=453646"}],"version-history":[{"count":0,"href":"https:\/\/www.europesays.com\/fr\/wp-json\/wp\/v2\/posts\/453646\/revisions"}],"wp:featuredmedia":[{"embeddable":true,"href":"https:\/\/www.europesays.com\/fr\/wp-json\/wp\/v2\/media\/453647"}],"wp:attachment":[{"href":"https:\/\/www.europesays.com\/fr\/wp-json\/wp\/v2\/media?parent=453646"}],"wp:term":[{"taxonomy":"category","embeddable":true,"href":"https:\/\/www.europesays.com\/fr\/wp-json\/wp\/v2\/categories?post=453646"},{"taxonomy":"post_tag","embeddable":true,"href":"https:\/\/www.europesays.com\/fr\/wp-json\/wp\/v2\/tags?post=453646"}],"curies":[{"name":"wp","href":"https:\/\/api.w.org\/{rel}","templated":true}]}}