{"id":453650,"date":"2025-10-10T23:14:10","date_gmt":"2025-10-10T23:14:10","guid":{"rendered":"https:\/\/www.europesays.com\/fr\/453650\/"},"modified":"2025-10-10T23:14:10","modified_gmt":"2025-10-10T23:14:10","slug":"le-prefet-vient-defendre-son-arrete-au-tribunal","status":"publish","type":"post","link":"https:\/\/www.europesays.com\/fr\/453650\/","title":{"rendered":"le pr\u00e9fet vient d\u00e9fendre son arr\u00eat\u00e9 au tribunal"},"content":{"rendered":"<p>Quatre jours apr\u00e8s la publication de <a href=\"https:\/\/www.laprovence.com\/article\/region\/9595722530621914\/la-fermeture-de-la-mosquee-des-bleuets-a-marseille-ordonnee-ce-lundi-par-le-prefet-deux-semaines-apres-lannonce\" target=\"_blank\" rel=\"noopener\">l\u2019arr\u00eat\u00e9 pr\u00e9fectoral ordonnant la fermeture de la mosqu\u00e9e des Bleuets<\/a> pour deux mois, l&rsquo;imam, l&rsquo;association et les fid\u00e8les en demandaient, en r\u00e9f\u00e9r\u00e9 ce vendredi 10 octobre, la suspension devant le tribunal administratif. Ils ne s\u2019attendaient s\u00fbrement pas \u00e0 voir le pr\u00e9fet de r\u00e9gion se d\u00e9placer en personne pour d\u00e9fendre sa d\u00e9cision.<\/p>\n<p>\u00ab\u00a0Je ne mets pas fin aux activit\u00e9s p\u00e9riph\u00e9riques\u00a0\u00bb<\/p>\n<p>Lors de l&rsquo;audience, les avocats d\u00e9noncent une \u00ab\u00a0atteinte \u00e0 la libert\u00e9 de culte pour quelque 500 fid\u00e8les, \u00e0 la libert\u00e9 d\u2019expression\u00a0\u00bb et \u00ab\u00a0une entrave aux activit\u00e9s au profit des plus pauvres\u00a0\u00bb notamment.\u00a0\u00ab\u00a0Je ne mets pas fin aux activit\u00e9s p\u00e9riph\u00e9riques, r\u00e9pond <a href=\"https:\/\/www.laprovence.com\/article\/politique\/86570862866163\/georges-francois-leclerc-nouveau-super-prefet-prend-la-main-sur-la-prefecture-de-police\" target=\"_blank\" rel=\"noopener\">le pr\u00e9fet, Georges-Fran\u00e7ois Leclerc<\/a>,\u00a0avant de renvoyer les fid\u00e8les des Bleuets \u00ab\u00a0aux 64 autres mosqu\u00e9es \u00e0 Marseille\u00a0\u00bb. Parmi les solutions de repli envisag\u00e9es dans les 220 pages du m\u00e9moire de d\u00e9fense, \u00ab\u00a0deux mosqu\u00e9es des alentours, aux C\u00e8dres et \u00e0 la Renaude\u00a0\u00bb mais aussi celles de Frais-Vallon (13e) ou de Corot (13e). \u00ab\u00a0La mosqu\u00e9e de la Renaude est ferm\u00e9e, dans un quartier fl\u00e9ch\u00e9 \u00e0 la d\u00e9molition, celle des C\u00e8dres est d\u00e9j\u00e0 surfr\u00e9quent\u00e9e, riposte Me Chekkat, avocat de l\u2019imam Sma\u00efn Bendjilali. \u00c0 Corot, c&rsquo;est un garage aux allures&#8230;<\/p>\n","protected":false},"excerpt":{"rendered":"Quatre jours apr\u00e8s la publication de l\u2019arr\u00eat\u00e9 pr\u00e9fectoral ordonnant la fermeture de la mosqu\u00e9e des Bleuets pour deux&hellip;\n","protected":false},"author":2,"featured_media":453651,"comment_status":"","ping_status":"","sticky":false,"template":"","format":"standard","meta":{"footnotes":""},"categories":[2814],"tags":[17,1111,11,31274,154,1777,674,13407,1011,27,884,14577,12,14583,882,16,25,5256],"class_list":{"0":"post-453650","1":"post","2":"type-post","3":"status-publish","4":"format-standard","5":"has-post-thumbnail","7":"category-marseille","8":"tag-17","9":"tag-actu","10":"tag-actualites","11":"tag-bleuets","12":"tag-des","13":"tag-eu","14":"tag-europe","15":"tag-fermeture","16":"tag-fr","17":"tag-france","18":"tag-marseille","19":"tag-mosquee","20":"tag-news","21":"tag-prefet","22":"tag-provence-alpes-cote-dazur","23":"tag-region","24":"tag-republique-francaise","25":"tag-vient"},"share_on_mastodon":{"url":"https:\/\/pubeurope.com\/@fr\/115352414650462849","error":""},"_links":{"self":[{"href":"https:\/\/www.europesays.com\/fr\/wp-json\/wp\/v2\/posts\/453650","targetHints":{"allow":["GET"]}}],"collection":[{"href":"https:\/\/www.europesays.com\/fr\/wp-json\/wp\/v2\/posts"}],"about":[{"href":"https:\/\/www.europesays.com\/fr\/wp-json\/wp\/v2\/types\/post"}],"author":[{"embeddable":true,"href":"https:\/\/www.europesays.com\/fr\/wp-json\/wp\/v2\/users\/2"}],"replies":[{"embeddable":true,"href":"https:\/\/www.europesays.com\/fr\/wp-json\/wp\/v2\/comments?post=453650"}],"version-history":[{"count":0,"href":"https:\/\/www.europesays.com\/fr\/wp-json\/wp\/v2\/posts\/453650\/revisions"}],"wp:featuredmedia":[{"embeddable":true,"href":"https:\/\/www.europesays.com\/fr\/wp-json\/wp\/v2\/media\/453651"}],"wp:attachment":[{"href":"https:\/\/www.europesays.com\/fr\/wp-json\/wp\/v2\/media?parent=453650"}],"wp:term":[{"taxonomy":"category","embeddable":true,"href":"https:\/\/www.europesays.com\/fr\/wp-json\/wp\/v2\/categories?post=453650"},{"taxonomy":"post_tag","embeddable":true,"href":"https:\/\/www.europesays.com\/fr\/wp-json\/wp\/v2\/tags?post=453650"}],"curies":[{"name":"wp","href":"https:\/\/api.w.org\/{rel}","templated":true}]}}