{"id":453658,"date":"2025-10-10T23:19:22","date_gmt":"2025-10-10T23:19:22","guid":{"rendered":"https:\/\/www.europesays.com\/fr\/453658\/"},"modified":"2025-10-10T23:19:22","modified_gmt":"2025-10-10T23:19:22","slug":"une-alerte-envoyee-sur-les-telephones-ce-mercredi-etes-vous-concernes","status":"publish","type":"post","link":"https:\/\/www.europesays.com\/fr\/453658\/","title":{"rendered":"une alerte envoy\u00e9e sur les t\u00e9l\u00e9phones ce mercredi (\u00eates-vous concern\u00e9s ?)"},"content":{"rendered":"<p><strong>Une alerte va \u00eatre envoy\u00e9e sur les t\u00e9l\u00e9phones de plusieurs habitants d\u2019\u00cele-de-France ce mercredi 15 octobre. Voici les communes qui sont concern\u00e9es.<\/strong><\/p>\n<p><img fetchpriority=\"high\" decoding=\"async\" width=\"1200\" height=\"800\" src=\"https:\/\/www.europesays.com\/fr\/wp-content\/uploads\/2025\/10\/Telephone.jpg\" alt=\"alarme\"  \/><\/p>\n<p>Une alarme va \u00eatre envoy\u00e9e sur les t\u00e9l\u00e9phones de plusieurs habitants franciliens \u00a9 dragana.stock@gmail.com \/ Depositphotos.com<\/p>\n<p>Si vous habitez dans une de ces communes, vous allez sans doute <strong>recevoir une alerte sur votre t\u00e9l\u00e9phone<\/strong> la semaine prochaine. En effet, un exercice crue-inondation va \u00eatre organis\u00e9 dans l\u2019ensemble de l\u2019\u00cele-de-France\u00a0du lundi 13 au vendredi 17 octobre. Et, \u00e0 cette occasion, le dispositif national FR-Alert sera test\u00e9 en conditions r\u00e9elles dans plusieurs communes de la r\u00e9gion ce mercredi 15. <\/p>\n<p>Dans quelles communes l\u2019alerte sera test\u00e9e ?<\/p>\n<p>Cela concernera, entre 10h00 et 11h00, Athis-Mons, Juvisy-sur-Orge, Vigneux-sur-Seine et Viry-Ch\u00e2tillon en <strong>Essonne<\/strong>, puis, entre 11h30 et 12h, Saint-Denis, Saint-Ouen, l\u2019\u00cele-Saint-Denis, Neuilly-sur-Marne, Gournay-sur-Marne et Noisy-le-Grand en <strong>Seine-Saint-Denis <\/strong>et, enfin, entre 11h30 et 12h, Alfortville, Ivry-sur-Seine, Nogentsur-Marne, Saint-Maur-des-Foss\u00e9s, Joinville-le-Pont, Cr\u00e9teil et Orly dans le <strong>Val-de-Marne<\/strong>.<\/p>\n<p>\u00ab\u00a0En fonction de la marque du t\u00e9l\u00e9phone, de l\u2019op\u00e9rateur et du lieu dans lequel les personnes se trouveront au moment de l\u2019envoi de l\u2019alerte (notamment dans les transports en commun), des d\u00e9lais de r\u00e9ception diff\u00e9rents des notifications pourront \u00eatre constat\u00e9s\u00a0\u00bb, pr\u00e9vient la pr\u00e9fecture de police dans <a href=\"https:\/\/www.prefecturedepolice.interieur.gouv.fr\/sites\/default\/files\/Documents\/cp_pp_10102025_test_dispositif_fr_alert_hydros_2025.pdf\" target=\"_blank\" rel=\"noopener nofollow\">un communiqu\u00e9<\/a>. \u00c0 savoir qu\u2019<strong>aucune installation pr\u00e9alable n\u2019est n\u00e9cessaire afin de la recevoir<\/strong>.<\/p>\n<p>En quoi consiste cet exercice crue-inondation ?<\/p>\n<p>Pour information, le dispositif FR-Alert permet \u00ab\u00a0d\u2019alerter l\u2019ensemble des personnes se situant dans un secteur d\u00e9termin\u00e9 et de diffuser les consignes comportementales adapt\u00e9es\u00a0\u00bb. Pour cela, il envoie <strong>une notification sonore \u00e0 tous les t\u00e9l\u00e9phones portables<\/strong> dans la zone concern\u00e9e. Ce mercredi, il sera accompagn\u00e9 d\u2019un message pr\u00e9c\u00e9d\u00e9 de la mention \u201cEXERCICE\u201d. Aucune action n\u2019est donc attendue de la part des habitants. <\/p>\n<p>Cet exercice crue-inondation, nomm\u00e9 HYDROS 25, <strong>simulera une crue importante de la Seine<\/strong> en \u00cele-de-France. Ses objectifs : \u00ab\u00a0tester la cha\u00eene d\u2019alerte et d\u2019information des populations en situation de crue, afin de v\u00e9rifier la bonne articulation de ces outils \u00e0 l\u2019\u00e9chelle zonale\u00a0\u00bb et \u00ab\u00a0sensibiliser la population \u00e0 ce mode de diffusion de l\u2019alerte et des comportements \u00e0 adopter en cas d\u2019\u00e9v\u00e9nement majeur\u00a0\u00bb.<\/p>\n","protected":false},"excerpt":{"rendered":"Une alerte va \u00eatre envoy\u00e9e sur les t\u00e9l\u00e9phones de plusieurs habitants d\u2019\u00cele-de-France ce mercredi 15 octobre. Voici les&hellip;\n","protected":false},"author":2,"featured_media":453659,"comment_status":"","ping_status":"","sticky":false,"template":"","format":"standard","meta":{"footnotes":""},"categories":[1592],"tags":[1111,11,1777,674,1011,27,662,12,626,25,57916],"class_list":{"0":"post-453658","1":"post","2":"type-post","3":"status-publish","4":"format-standard","5":"has-post-thumbnail","7":"category-ile-de-france","8":"tag-actu","9":"tag-actualites","10":"tag-eu","11":"tag-europe","12":"tag-fr","13":"tag-france","14":"tag-ile-de-france","15":"tag-news","16":"tag-paris","17":"tag-republique-francaise","18":"tag-u00cele-de-france-une-alerte-envoyu00e9e-sur-des-milliers-de-tu00e9lu00e9phones-ce-mercredi-u00eates-vous-concernu00e9s"},"share_on_mastodon":{"url":"https:\/\/pubeurope.com\/@fr\/115352434996957377","error":""},"_links":{"self":[{"href":"https:\/\/www.europesays.com\/fr\/wp-json\/wp\/v2\/posts\/453658","targetHints":{"allow":["GET"]}}],"collection":[{"href":"https:\/\/www.europesays.com\/fr\/wp-json\/wp\/v2\/posts"}],"about":[{"href":"https:\/\/www.europesays.com\/fr\/wp-json\/wp\/v2\/types\/post"}],"author":[{"embeddable":true,"href":"https:\/\/www.europesays.com\/fr\/wp-json\/wp\/v2\/users\/2"}],"replies":[{"embeddable":true,"href":"https:\/\/www.europesays.com\/fr\/wp-json\/wp\/v2\/comments?post=453658"}],"version-history":[{"count":0,"href":"https:\/\/www.europesays.com\/fr\/wp-json\/wp\/v2\/posts\/453658\/revisions"}],"wp:featuredmedia":[{"embeddable":true,"href":"https:\/\/www.europesays.com\/fr\/wp-json\/wp\/v2\/media\/453659"}],"wp:attachment":[{"href":"https:\/\/www.europesays.com\/fr\/wp-json\/wp\/v2\/media?parent=453658"}],"wp:term":[{"taxonomy":"category","embeddable":true,"href":"https:\/\/www.europesays.com\/fr\/wp-json\/wp\/v2\/categories?post=453658"},{"taxonomy":"post_tag","embeddable":true,"href":"https:\/\/www.europesays.com\/fr\/wp-json\/wp\/v2\/tags?post=453658"}],"curies":[{"name":"wp","href":"https:\/\/api.w.org\/{rel}","templated":true}]}}