{"id":453660,"date":"2025-10-10T23:20:18","date_gmt":"2025-10-10T23:20:18","guid":{"rendered":"https:\/\/www.europesays.com\/fr\/453660\/"},"modified":"2025-10-10T23:20:18","modified_gmt":"2025-10-10T23:20:18","slug":"la-gauche-et-lextreme-droite-promettent-la-censure-les-macronistes-appellent-a-se-mettre-au-travail","status":"publish","type":"post","link":"https:\/\/www.europesays.com\/fr\/453660\/","title":{"rendered":"la gauche et l&rsquo;extr\u00eame droite promettent la censure, les macronistes appellent \u00e0 se mettre \u00ab\u00a0au travail\u00a0\u00bb"},"content":{"rendered":"\n<p class=\"c-chapo \">\n  Quatre jours apr\u00e8s sa d\u00e9mission, S\u00e9bastien Lecornu est de retour \u00e0 Matignon, Emmanuel Macron lui a donn\u00e9 \u00ab\u00a0carte blanche\u00a0\u00bb. La France insoumise et le Rassemblement national pr\u00e9viennent qu&rsquo;ils censureront le futur gouvernement.\n<\/p>\n<p>      lire plus tard<\/p>\n<p id=\"dialog__title\" class=\"dialog__title\">Pour sauvegarder cet article, connectez-vous ou cr\u00e9ez un compte franceinfo<\/p>\n<p class=\"dialog__description\">Sans paiement. Sans abonnement.<\/p>\n<p>        Fermer la fen\u00eatre d\u2019activation des notifications France Info<\/p>\n<p>      cr\u00e9er votre compte<\/p>\n<p>      se connecter<\/p>\n<p>        Fermer la fen\u00eatre de pr\u00e9sentation<\/p>\n<p>    <img loading=\"lazy\" decoding=\"async\" class=\"signature__image lazyload\" width=\"100\" height=\"100\" data- alt=\"\" src=\"https:\/\/www.europesays.com\/fr\/wp-content\/uploads\/2025\/05\/64a7df4c5fe71_placeholder-36b69ec8.png\"\/><\/p>\n<p>    Publi\u00e9 le 10\/10\/2025 23:05<\/p>\n<p>        Temps de lecture : 6min<\/p>\n<p>    <img decoding=\"async\"  alt=\"Cette nouvelle nomination de S\u00e9bastien Lecornu en tant que Premier ministre est intervenue \u00e0 l'expiration du d\u00e9lai de 48 heures que s'\u00e9tait fix\u00e9 Emmanuel Macron mercredi soir pour d\u00e9signer un nouveau chef de gouvernement, apr\u00e8s d'ultimes tractations avec ses alli\u00e9s. (LUDOVIC MARIN \/ AFP)\" width=\"432\" height=\"243\" src=\"https:\/\/www.europesays.com\/fr\/wp-content\/uploads\/2025\/10\/000-66pj2g7-68e96a953b997966224321.jpg\" fetchpriority=\"high\"\/><\/p>\n<p>      Cette nouvelle nomination de S\u00e9bastien Lecornu en tant que Premier ministre est intervenue \u00e0 l&rsquo;expiration du d\u00e9lai de 48 heures que s&rsquo;\u00e9tait fix\u00e9 Emmanuel Macron mercredi soir pour d\u00e9signer un nouveau chef de gouvernement, apr\u00e8s d&rsquo;ultimes tractations avec ses alli\u00e9s. (LUDOVIC MARIN \/ AFP)<\/p>\n<p>Son nom est tomb\u00e9 vendredi 10 octobre \u00e0 22h : S\u00e9bastien Lecornu <a href=\"https:\/\/www.franceinfo.fr\/politique\/gouvernement-de-sebastien-lecornu\/nouveau-premier-ministre-emmanuel-macron-reconduit-sebastien-lecornu-a-matignon-quatre-jours-apres-sa-demission_7544842.html\" rel=\"nofollow noopener\" target=\"_blank\">a \u00e9t\u00e9 une nouvelle fois nomm\u00e9 Premier ministre<\/a>, 48h apr\u00e8s la promesse de l&rsquo;\u00c9lys\u00e9e de nommer un nouveau chef de gouvernement apr\u00e8s la <a href=\"https:\/\/www.franceinfo.fr\/politique\/gouvernement-de-sebastien-lecornu\/ma-mission-est-terminee-j-ai-tout-essaye-ce-qu-il-faut-retenir-de-l-interview-de-sebastien-lecornu-apres-les-ultimes-negociations-pour-sortir-de-la-crise_7540252.html\" rel=\"nofollow noopener\" target=\"_blank\">d\u00e9mission du m\u00eame S\u00e9bastien Lecornu<\/a> lundi 6 octobre. Tr\u00e8s vite, les \u00e9lus de l&rsquo;opposition ont d\u00e9nonc\u00e9 ce nouveau choix d&rsquo;Emmanuel Macron.<\/p>\n<p>Jordan Bardella, a d\u00e9nonc\u00e9 sur les r\u00e9seaux sociaux une \u00ab\u00a0mauvaise plaisanterie, une honte d\u00e9mocratique et une humiliation pour les Fran\u00e7ais\u00a0\u00bb. Le pr\u00e9sident du Rassemblement national (RN) le promet : son parti censurera \u00ab\u00a0cet attelage sans aucun avenir\u00a0\u00bb.<\/p>\n<blockquote class=\"twitter-tweet\">\n<p lang=\"fr\" dir=\"ltr\">Le gouvernement Lecornu II, nomm\u00e9 par un Emmanuel Macron plus que jamais isol\u00e9 et d\u00e9connect\u00e9 \u00e0 l\u2019\u00c9lys\u00e9e, est une mauvaise plaisanterie, une honte d\u00e9mocratique et une humiliation pour les Fran\u00e7ais.<\/p>\n<p>Le Rassemblement National censurera bien s\u00fbr imm\u00e9diatement cet attelage sans aucun\u2026<\/p>\n<p>\u2014 Jordan Bardella (@J_Bardella) <a href=\"https:\/\/twitter.com\/J_Bardella\/status\/1976742981010178292?ref_src=twsrc%5Etfw\" rel=\"nofollow noopener\" target=\"_blank\">October 10, 2025<\/a><\/p><\/blockquote>\n<p>Sur franceinfo, la d\u00e9put\u00e9e (RN) du Var, Laura Lavalette, a d\u00e9clar\u00e9 \u00eatre \u00ab\u00a0afflig\u00e9e\u00a0\u00bb. \u00ab\u00a0Le spectacle que nous venons de donner est absolument terrible pour les fran\u00e7ais\u00a0\u00bb, a-t-elle d\u00e9plor\u00e9. \u00ab\u00a0Il faut siffler la fin de la recr\u00e9ation, en revenir au peuple, l&rsquo;\u00e9tat du pays impose une dissolution\u00a0\u00bb, a lanc\u00e9 l&rsquo;une des porte-parole du parti d&rsquo;extr\u00eame droite. Selon elle, la France \u00ab\u00a0est la ris\u00e9e du monde entier\u00a0\u00bb.<\/p>\n<p>\u00ab\u00a0La censure s&rsquo;impose\u00a0\u00bb, confirme Marine Le Pen. Selon la pr\u00e9sidente du groupe RN \u00e0 l&rsquo;Assembl\u00e9e nationale, \u00ab\u00a0la man\u0153uvre est aujourd\u2019hui transparente\u00a0\u00bb : <a href=\"https:\/\/www.franceinfo.fr\/politique\/video-le-premier-ministre-sebastien-lecornu-renonce-au-49-3-et-appelle-aux-compromis-et-a-la-sortie-d-une-logique-binaire_7529128.html\" rel=\"nofollow noopener\" target=\"_blank\">l\u2019abandon du 49.3 <\/a>annonc\u00e9 la semaine derni\u00e8re par S\u00e9bastien Lecornu \u00ab\u00a0n\u2019avait pour seul objet que de permettre de passer le budget par ordonnances\u00a0\u00bb.\u00a0<\/p>\n<p>Nommer une nouvelle fois S\u00e9bastien Lecornu, quatre jours apr\u00e8s sa d\u00e9mission, c&rsquo;est \u00ab\u00a0un nouveau bras d&rsquo;honneur aux Fran\u00e7ais d&rsquo;un irresponsable ivre de son pouvoir\u00a0\u00bb, a \u00e9crit le coordinateur de LFI Manuel Bompard sur les r\u00e9seaux sociaux. Il promet lui aussi que les d\u00e9put\u00e9s de La France insoumise \u00ab\u00a0censureront imm\u00e9diatement ce gouvernement.\u00a0\u00bb La pr\u00e9sidente du groupe LFI \u00e0 l&rsquo;Assembl\u00e9e nationale, Mathilde Panot, confirme\u00a0: \u00ab\u00a0Nous proposons d\u00e8s ce (vendredi) soir aux parlementaires de la gauche de l\u2019h\u00e9micycle de signer une motion de censure imm\u00e9diate et une nouvelle motion de destitution du pr\u00e9sident de la R\u00e9publique\u00a0\u00bb.<\/p>\n<blockquote class=\"twitter-tweet\">\n<p lang=\"fr\" dir=\"ltr\">Jamais un Pr\u00e9sident n\u2019aura autant gouvern\u00e9 par le d\u00e9go\u00fbt et la col\u00e8re. Lecornu, demissionn\u00e9 lundi, est de nouveau nomm\u00e9 par Macron vendredi.<\/p>\n<p>Macron repousse mis\u00e9rablement l\u2019in\u00e9vitable : son d\u00e9part.<\/p>\n<p>Nous proposons d\u00e8s ce soir aux parlementaires de la gauche de l\u2019h\u00e9micycle de\u2026<\/p>\n<p>\u2014 Mathilde Panot (@MathildePanot) <a href=\"https:\/\/twitter.com\/MathildePanot\/status\/1976740835925397576?ref_src=twsrc%5Etfw\" rel=\"nofollow noopener\" target=\"_blank\">October 10, 2025<\/a><\/p><\/blockquote>\n<p>\u00ab\u00a0\u00c0 chaque tour du man\u00e8ge, le pompon reste au m\u00eame endroit\u00a0\u00bb, a pour sa part d\u00e9plor\u00e9 Jean-Luc M\u00e9lenchon sur X. \u00ab\u00a0Ceux qui ont \u00e9t\u00e9 le d\u00e9cor de cette com\u00e9die en sont pour le ridicule. Macron ne peut faire autre chose que du Macron\u00a0\u00bb, \u00e9crit le leader de La France insoumise.<\/p>\n<p>Chez les communistes, Fabien Roussel note qu&rsquo;Emmanuel Macron est \u00ab\u00a0compl\u00e8tement coup\u00e9 du peuple\u00a0\u00bb apr\u00e8s sa d\u00e9cision de nommer de nouveau S\u00e9bastien Lecornu \u00e0 Matignon. \u00ab\u00a0Un choix inacceptable\u00a0\u00bb, a jug\u00e9 le secr\u00e9taire national du Parti communiste fran\u00e7ais (PCF) sur les r\u00e9seaux sociaux. \u00ab\u00a0Avec ses amis, ce sont les mercenaires de la finance jusqu\u2019au bout. Passons-les par les urnes\u00a0!\u00a0\u00bb, a-t-il appel\u00e9.<\/p>\n<p>Marine Tondelier, qui avait avanc\u00e9 que \u00ab\u00a0tout \u00e7a\u00a0\u00bb allait \u00ab\u00a0tr\u00e8s mal se terminer\u00a0\u00bb apr\u00e8s <a href=\"https:\/\/bsky.app\/profile\/marinetondelier.fr\/post\/3m2u2lt4wvk2g\" rel=\"nofollow noopener\" target=\"_blank\">sa r\u00e9union avec Emmanuel Macron<\/a> vendredi 10 octobre, d\u00e9clare \u00eatre\u00a0\u00ab\u00a0abasourdie\u00a0\u00bb, quelques heures plus tard, apr\u00e8s la reconduction \u00e0 Matignon de S\u00e9bastien Lecornu. \u00ab\u00a0Le pr\u00e9sident de la R\u00e9publique a d\u00e9cid\u00e9 de ne pas rendre le pouvoir, de s&rsquo;y accrocher alors qu&rsquo;il a perdu les \u00e9lections et de continuer dans une voie dont tout le monde sait qu&rsquo;elle conduit \u00e0 un \u00e9chec parce que, juste, il l&rsquo;a d\u00e9cid\u00e9\u00a0\u00bb, a d\u00e9clar\u00e9 la secr\u00e9taire nationale des \u00c9cologistes sur LCI. Sur franceinfo, elle a assur\u00e9 ne voir \u00ab\u00a0aucun argument pour ne pas le censurer\u00a0\u00bb.<\/p>\n<p>Philippe Brun, d\u00e9put\u00e9 socialiste de l&rsquo;Eure, estime que S\u00e9bastien Lecornu aurait d\u00fb \u00ab\u00a0refuser cette nomination\u00a0\u00bb vu qu&rsquo;il a d\u00e9missionn\u00e9 de ce m\u00eame poste quatre jours plus t\u00f4t. \u00ab\u00a0Je ne crois pas qu&rsquo;il puisse \u00eatre celui qui r\u00e9ussisse la quadrature du cercle. Il a d\u00e9missionn\u00e9 lundi parce que Les R\u00e9publicains ne le soutenaient plus. Les R\u00e9publicains ne le soutiennent toujours pas\u00a0\u00bb, constate Philippe Brun sur franceinfo. S\u00e9bastien Lecornu \u00ab\u00a0est incapable de r\u00e9unir une majorit\u00e9 \u00e0 l&rsquo;Assembl\u00e9e\u00a0\u00bb, tranche le d\u00e9put\u00e9 du Parti socialiste.<\/p>\n<p>Au PS, son secr\u00e9taire g\u00e9n\u00e9ral Pierre Jouvet assure que les socialistes n&rsquo;ont \u00ab\u00a0absolument aucun deal\u00a0\u00bb sur une non-censure du futur gouvernement de S\u00e9bastien Lecornu.<\/p>\n<p>\u00ab\u00a0Place au travail. Il est temps !\u00a0\u00bb, a pour sa part appel\u00e9 Ya\u00ebl Braun-Pivet, pr\u00e9sidente de l&rsquo;Assembl\u00e9e nationale, sur le r\u00e9seau social X. \u00ab\u00a0Depuis d\u00e9j\u00e0 des semaines, l\u2019Assembl\u00e9e nationale est en ordre de marche, pr\u00eate \u00e0 jouer pleinement son r\u00f4le : d\u00e9battre, contr\u00f4ler, voter\u00a0\u00bb, a assur\u00e9 l&rsquo;\u00e9lue de la coalition centriste Ensemble pour la R\u00e9publique.<\/p>\n<p>S\u00e9bastien Lecornu \u00ab\u00a0a toute ma confiance\u00a0\u00bb, a r\u00e9agi Catherine Vautrin, ministre d\u00e9missionnaire de la Sant\u00e9 et du Travail, le f\u00e9licitant pour cette reconduction \u00e0 Matignon. M\u00eame son de cloche chez Elisabeth Borne. Sur les r\u00e9seaux sociaux, la ministre d\u00e9missionnaire de l&rsquo;\u00c9ducation lui \u00ab\u00a0r\u00e9it\u00e8re (ses) v\u0153ux de succ\u00e8s face aux d\u00e9fis majeurs du pays\u00a0\u00bb et appelle \u00ab\u00a0\u00e0 b\u00e2tir des compromis pour r\u00e9pondre aux attentes de nos concitoyens et faire avancer le pays.\u00a0\u00bb<\/p>\n<blockquote class=\"bluesky-embed\" data-bluesky-uri=\"at:\/\/did:plc:7anbkw7tnm6bose4s77ejptn\/app.bsky.feed.post\/3m2uhpvq5kk27\" data-bluesky-cid=\"bafyreia3p533rabllcbhvluxuf5p4szoqh56ylsxm665mraik6ikju5kqy\" data-bluesky-embed-color-mode=\"system\">\n<p lang=\"fr\">J\u2019adresse mes f\u00e9licitations \u00e0 S\u00e9bastien Lecornu pour son renouvellement en tant que Premier ministre. Je lui r\u00e9it\u00e8re mes v\u0153ux de succ\u00e8s face aux\u00a0d\u00e9fis majeurs\u00a0du pays. L&rsquo;heure est plus que jamais \u00e0 b\u00e2tir des compromis pour r\u00e9pondre aux attentes de nos concitoyens et faire avancer le pays.<\/p>\n<p>\u2014 \u00c9lisabeth Borne (<a href=\"https:\/\/bsky.app\/profile\/did:plc:7anbkw7tnm6bose4s77ejptn?ref_src=embed\" rel=\"nofollow noopener\" target=\"_blank\">@elisabeth-borne.bsky.social<\/a>) <a href=\"https:\/\/bsky.app\/profile\/did:plc:7anbkw7tnm6bose4s77ejptn\/post\/3m2uhpvq5kk27?ref_src=embed\" rel=\"nofollow noopener\" target=\"_blank\">10 October 2025 at 22:04<\/a><\/p><\/blockquote>\n<p>Pour Benjamin Haddad, ministre d\u00e9l\u00e9gu\u00e9 d\u00e9missionnaire charg\u00e9 de l&rsquo;Europe, S\u00e9bastien Lecornu a \u00ab\u00a0d\u00e9montr\u00e9 au cours de ces derniers jours son esprit de compromis, sa volont\u00e9 de dialogue et son sens de l\u2019\u00c9tat\u00a0\u00bb. \u00ab\u00a0Travaillons ensemble, mettons la France avant les logiques de partis\u00a0\u00bb, a plaid\u00e9 le ministre d\u00e9missionnaire sur X.<\/p>\n<p>Chez Horizons, le porte-parole Xavier Albertini a apport\u00e9 le \u00ab\u00a0soutien\u00a0\u00bb du parti centriste \u00e0 S\u00e9bastien Lecornu, en esp\u00e9rant avoir \u00ab\u00a0la possibilit\u00e9 de discuter sur un certain nombre de sujets\u00a0\u00bb. \u00ab\u00a0Il est n\u00e9cessaire de trouver des logiques de compromis\u00a0\u00bb, a ajout\u00e9 Xavier Albertini sur franceinfo.<\/p>\n<p><script async src=\"https:\/\/platform.twitter.com\/widgets.js\" charset=\"utf-8\"><\/script><\/p>\n","protected":false},"excerpt":{"rendered":"Quatre jours apr\u00e8s sa d\u00e9mission, S\u00e9bastien Lecornu est de retour \u00e0 Matignon, Emmanuel Macron lui a donn\u00e9 \u00ab\u00a0carte&hellip;\n","protected":false},"author":2,"featured_media":453661,"comment_status":"","ping_status":"","sticky":false,"template":"","format":"standard","meta":{"footnotes":""},"categories":[1888],"tags":[1111,1928,11,1927,1777,674,1011,27,12,1926,626,1925,25],"class_list":{"0":"post-453660","1":"post","2":"type-post","3":"status-publish","4":"format-standard","5":"has-post-thumbnail","7":"category-paris","8":"tag-actu","9":"tag-actu-paris","10":"tag-actualites","11":"tag-actualites-paris","12":"tag-eu","13":"tag-europe","14":"tag-fr","15":"tag-france","16":"tag-news","17":"tag-news-paris","18":"tag-paris","19":"tag-paris-news","20":"tag-republique-francaise"},"share_on_mastodon":{"url":"https:\/\/pubeurope.com\/@fr\/115352438570193084","error":""},"_links":{"self":[{"href":"https:\/\/www.europesays.com\/fr\/wp-json\/wp\/v2\/posts\/453660","targetHints":{"allow":["GET"]}}],"collection":[{"href":"https:\/\/www.europesays.com\/fr\/wp-json\/wp\/v2\/posts"}],"about":[{"href":"https:\/\/www.europesays.com\/fr\/wp-json\/wp\/v2\/types\/post"}],"author":[{"embeddable":true,"href":"https:\/\/www.europesays.com\/fr\/wp-json\/wp\/v2\/users\/2"}],"replies":[{"embeddable":true,"href":"https:\/\/www.europesays.com\/fr\/wp-json\/wp\/v2\/comments?post=453660"}],"version-history":[{"count":0,"href":"https:\/\/www.europesays.com\/fr\/wp-json\/wp\/v2\/posts\/453660\/revisions"}],"wp:featuredmedia":[{"embeddable":true,"href":"https:\/\/www.europesays.com\/fr\/wp-json\/wp\/v2\/media\/453661"}],"wp:attachment":[{"href":"https:\/\/www.europesays.com\/fr\/wp-json\/wp\/v2\/media?parent=453660"}],"wp:term":[{"taxonomy":"category","embeddable":true,"href":"https:\/\/www.europesays.com\/fr\/wp-json\/wp\/v2\/categories?post=453660"},{"taxonomy":"post_tag","embeddable":true,"href":"https:\/\/www.europesays.com\/fr\/wp-json\/wp\/v2\/tags?post=453660"}],"curies":[{"name":"wp","href":"https:\/\/api.w.org\/{rel}","templated":true}]}}