{"id":453662,"date":"2025-10-10T23:21:26","date_gmt":"2025-10-10T23:21:26","guid":{"rendered":"https:\/\/www.europesays.com\/fr\/453662\/"},"modified":"2025-10-10T23:21:26","modified_gmt":"2025-10-10T23:21:26","slug":"alexandra-de-hanovre-retrouve-george-condo-a-paris-deux-ans-apres-monaco","status":"publish","type":"post","link":"https:\/\/www.europesays.com\/fr\/453662\/","title":{"rendered":"Alexandra de Hanovre retrouve George Condo \u00e0 Paris, deux ans apr\u00e8s Monaco"},"content":{"rendered":"<p class=\"mb-4 text-lg md:leading-8 break-words\">Sur la story que la princesse a post\u00e9 sur son compte Instagram, elle pose <strong>aupr\u00e8s de son compagnon <\/strong><a href=\"https:\/\/www.pointdevue.fr\/grand-angle\/biographies\/ben-sylvester-strautmann\" rel=\"nofollow noopener\" target=\"_blank\" data-ylk=\"slk:Ben-Sylvester Strautmann;elm:context_link;itc:0;sec:content-canvas\" class=\"link \"><strong>Ben-Sylvester Strautmann<\/strong><\/a><strong> et de la belle-s\u0153ur de ce dernier, <\/strong><a href=\"https:\/\/www.pointdevue.fr\/grand-angle\/biographies\/ekaterina-de-hanovre\" rel=\"nofollow noopener\" target=\"_blank\" data-ylk=\"slk:Ekaterina;elm:context_link;itc:0;sec:content-canvas\" class=\"link \"><strong>Ekaterina<\/strong><\/a><strong>, \u00e9pouse d\u2019Ernst August Jr. <\/strong>Derri\u00e8re le trio, on reconna\u00eet les \u0153uvres de <strong>George Condo, immense artiste am\u00e9ricain auquel le Mus\u00e9e d\u2019Art Moderne de Paris consacre <\/strong><a href=\"https:\/\/www.mam.paris.fr\/fr\/expositions\/exposition-george-condo\" rel=\"nofollow noopener\" target=\"_blank\" data-ylk=\"slk:une passionnante r\u00e9trospective;elm:context_link;itc:0;sec:content-canvas\" class=\"link \"><strong>une passionnante r\u00e9trospective<\/strong><\/a>. L\u2019homme est l\u2019une des derni\u00e8res figures actives ayant fr\u00e9quent\u00e9 la Factory de Warhol, complice dans les ann\u00e9es 1980 de Jean-Michel Basquiat et Keith Haring. La toile au fond de l\u2019image \u00e0 droite est d\u2019ailleurs un hommage \u00e0 Keith Haring, disparu \u00e0 l\u2019\u00e2ge de 31 ans en 1990. Depuis, Condo a mis sa virtuosit\u00e9 au service d\u2019autres interrogations plastiques, s\u2019inspirant souvent des artistes europ\u00e9ens dont Rembrandt ou Picasso. <a href=\"https:\/\/www.pointdevue.fr\/grand-angle\/biographies\/alexandra-de-hanovre#\" rel=\"nofollow noopener\" target=\"_blank\" data-ylk=\"slk:La princesse Alexandra de Hanovre;elm:context_link;itc:0;sec:content-canvas\" class=\"link \">La princesse Alexandra de Hanovre<\/a> accompagne l\u2019image de ces mots, <strong>\u201cMost amazing show\u201d<\/strong> \u2013\u00a0l\u2019exposition la plus incroyable. Mais pour elle, le plaisir de d\u00e9couvrir ces 130 \u0153uvres r\u00e9unies pour la premi\u00e8re fois se double aussi de celui de retrouver un artiste qu\u2019elle avait d\u00e9j\u00e0 crois\u00e9 voil\u00e0 deux ans.<\/p>\n<p><img alt=\"Capture d'\u00e9cran du compte Instragram de la princesse Alexandra de Hanovre\" loading=\"lazy\" width=\"810\" height=\"1433\" decoding=\"async\" data-nimg=\"1\" class=\"rounded-lg\" style=\"color:transparent\" src=\"https:\/\/www.europesays.com\/fr\/wp-content\/uploads\/2025\/10\/e62f9a56b6f6b9eea57ff85469760544.jpeg\"\/><\/p>\n<p><strong>Capture d&rsquo;\u00e9cran du compte Instagram de la princesse Alexandra de Hanovre<\/strong> \u00a9 Princesse Alexandra de Hanovre &#8211; @alex.hanover &#8211; <strong>Instagram<\/strong><\/p>\n<p><strong>Humano\u00efdes associ\u00e9s<\/strong><\/p>\n<p class=\"mb-4 text-lg md:leading-8 break-words\">En effet, de mars \u00e0 octobre 2023, le Nouveau Mus\u00e9e National de Monaco avait accueilli dans les espaces de la Villa Paloma l\u2019exposition intitul\u00e9e \u201c<a href=\"https:\/\/www.nmnm.mc\/expositions\/george-condo-humanoides\/\" rel=\"nofollow noopener\" target=\"_blank\" data-ylk=\"slk:Humano\u00efdes;elm:context_link;itc:0;sec:content-canvas\" class=\"link \">Humano\u00efdes<\/a>\u201d, en r\u00e9f\u00e9rence \u00e0 une pr\u00e9occupation centrale de l\u2019\u0153uvre de Condo portant sur la r\u00e9v\u00e9lation des \u00e9motions profondes des individus au-del\u00e0 de la surface et des apparences, souvent trompeuses. \u201cL\u2019Humano\u00efde n\u2019est pas un monstre de science-fiction, c\u2019est une forme de repr\u00e9sentation qui utilise des moyens traditionnels pour faire remonter les \u00e9motions profondes \u00e0 la surface d\u2019une personne\u201d avait alors expliqu\u00e9 l\u2019artiste face \u00e0 ses portraits dont l\u2019extravagance color\u00e9e rec\u00e9lait une profondeur inattendue.<\/p>\n<p class=\"mb-4 text-lg md:leading-8 break-words\">Une \u0153uvre que la princesse Alexandra de Hanovre avait alors d\u00e9couverte en pr\u00e9sence de l\u2019artiste, mais aussi de sa famille, car <a href=\"https:\/\/www.pointdevue.fr\/grand-angle\/biographies\/albert-de-monaco\" rel=\"nofollow noopener\" target=\"_blank\" data-ylk=\"slk:le prince Albert de Monaco;elm:context_link;itc:0;sec:content-canvas\" class=\"link \">le prince Albert de Monaco<\/a>, la princesse <a href=\"https:\/\/www.pointdevue.fr\/grand-angle\/biographies\/caroline-de-monaco\" rel=\"nofollow noopener\" target=\"_blank\" data-ylk=\"slk:Caroline de Hanovre;elm:context_link;itc:0;sec:content-canvas\" class=\"link \">Caroline de Hanovre<\/a> et <a href=\"https:\/\/www.pointdevue.fr\/grand-angle\/biographies\/charlotte-casiraghi\" rel=\"nofollow noopener\" target=\"_blank\" data-ylk=\"slk:Charlotte Casiraghi;elm:context_link;itc:0;sec:content-canvas\" class=\"link \">Charlotte Casiraghi<\/a> et Ben Sylvester Strautmann avaient \u00e9galement assist\u00e9 \u00e0 l\u2019\u00e9v\u00e8nement.<\/p>\n<p><img alt=\"La princesse Caroline de Hanovre, Charlotte Casiraghi, George Condo et Alexandra de Hanovre durant le vernissage de l'exposition Humano\u00efdes de l'artiste George Condo au Nouveau Mus\u00e9e National de Monaco, le 30 mars 2023.\" loading=\"lazy\" width=\"810\" height=\"540\" decoding=\"async\" data-nimg=\"1\" class=\"rounded-lg\" style=\"color:transparent\" src=\"https:\/\/www.europesays.com\/fr\/wp-content\/uploads\/2025\/10\/be72c61d060f2c12f1c7b9afb8e88b57.jpeg\"\/><\/p>\n<p><strong>La princesse Caroline de Hanovre, Charlotte Casiraghi, George Condo et Alexandra de Hanovre durant le vernissage de l&rsquo;exposition Humano\u00efdes de l&rsquo;artiste George Condo au Nouveau Mus\u00e9e National de Monaco, le 30 mars 2023.<\/strong> \u00a9 Bruno Bebert \/ Bestimage<\/p>\n<p><strong>Liens anciens<\/strong><\/p>\n<p class=\"mb-4 text-lg md:leading-8 break-words\">Et les liens que l\u2019artiste entretient avec la famille de la princesse Alexandra suivent d\u2019autres ramifications inattendues. \u00c0 l\u2019image de sa collaboration avec la Compagnie des Ballets de Monte-Carlo, dirig\u00e9e par Jean-Christophe Maillot et pr\u00e9sid\u00e9e par Caroline de Hanovre, pour laquelle George Condo a r\u00e9alis\u00e9 un rideau de sc\u00e8ne d\u00e8s 1998. Puis en 2004 \u00e0 la galerie londonienne Spruth Magers et en 2007 \u00e0 l\u2019occasion du vernissage de son exposition \u00e0 la Galerie Simon Lee sur Berkeley Street, c\u2019est le p\u00e8re d\u2019Alexandra, le prince <a href=\"https:\/\/www.pointdevue.fr\/grand-angle\/biographies\/ernst-august-de-hanovre\" rel=\"nofollow noopener\" target=\"_blank\" data-ylk=\"slk:Ernst August de Hanovre;elm:context_link;itc:0;sec:content-canvas\" class=\"link \">Ernst August de Hanovre<\/a>, que rencontrait George Condo\u00a0!<\/p>\n<p><img alt=\"George Condo et Ernst August de Hanovre lors du vernissage de l'exposition de l\u2019artiste \u00e0 la Galerie Simon Lee, Berkeley Street \u00e0 Londres, le 6 f\u00e9vrier 2007.\" loading=\"lazy\" width=\"810\" height=\"1162\" decoding=\"async\" data-nimg=\"1\" class=\"rounded-lg\" style=\"color:transparent\" src=\"https:\/\/www.europesays.com\/fr\/wp-content\/uploads\/2025\/10\/47c8a29f5611840d6123b7629058a4f9.jpeg\"\/><\/p>\n<p><strong>George Condo et Ernst August de Hanovre lors du vernissage de l&rsquo;exposition de l\u2019artiste \u00e0 la Galerie Simon Lee, Berkeley Street \u00e0 Londres, le 6 f\u00e9vrier 2007.<\/strong> \u00a9 Davidson\/Goff\/Starface<\/p>\n<p class=\"mb-4 text-lg md:leading-8 break-words\">L\u2019artiste, quelques heures avant la visite d\u2019Alexandra de Hanovre, nous a fait quelques confidences sur la tenue de cette grande r\u00e9trospective parisienne. <strong>\u201cC\u2019est une grande fiert\u00e9 d\u2019\u00eatre expos\u00e9 ici. <\/strong>Le dialogue entre les \u0153uvres expos\u00e9es n\u2019est pas n\u00e9 de leur pr\u00e9sentation dans l\u2019ordre chronologique. Nous avons constitu\u00e9 des cycles et fait dialoguer les peintures qui avaient du sens ensemble, qu\u2019elles datent de 1991 ou de 2019. Je ne sais pas si je me suis am\u00e9lior\u00e9 en tant qu&rsquo;artiste parce que lorsque je retrouve certains de mes dessins dans mes tiroirs que j&rsquo;avais faits \u00e0 4 ou 15 ans, ils ont \u00e9t\u00e9 la base d\u2019id\u00e9es que j\u2019ai pu peindre plus tard. Ces d\u00e9buts \u00e9taient comme des graines, qui une fois plant\u00e9es ont pouss\u00e9 et sont devenues des fleurs ou des arbres\u2026\u201d<\/p>\n<p class=\"mb-4 text-lg md:leading-8 break-words\">Lire aussi &gt;&gt; <a href=\"https:\/\/www.pointdevue.fr\/royal\/monaco\/caroline-de-hanovre-instant-complice-avec-ses-filles-charlotte-et-alexandra\" rel=\"nofollow noopener\" target=\"_blank\" data-ylk=\"slk:Caroline de Hanovre, instant complice avec ses filles Charlotte et Alexandra;elm:context_link;itc:0;sec:content-canvas\" class=\"link \">Caroline de Hanovre, instant complice avec ses filles Charlotte et Alexandra<\/a><\/p>\n","protected":false},"excerpt":{"rendered":"Sur la story que la princesse a post\u00e9 sur son compte Instagram, elle pose aupr\u00e8s de son compagnon&hellip;\n","protected":false},"author":2,"featured_media":453663,"comment_status":"","ping_status":"","sticky":false,"template":"","format":"standard","meta":{"footnotes":""},"categories":[1888],"tags":[1111,1928,11,1927,28360,40065,28361,1777,674,1011,27,57917,57920,57919,12,1926,626,1925,57918,25],"class_list":{"0":"post-453662","1":"post","2":"type-post","3":"status-publish","4":"format-standard","5":"has-post-thumbnail","7":"category-paris","8":"tag-actu","9":"tag-actu-paris","10":"tag-actualites","11":"tag-actualites-paris","12":"tag-alexandra-de-hanovre","13":"tag-caroline-de-hanovre","14":"tag-ernst-august-de-hanovre","15":"tag-eu","16":"tag-europe","17":"tag-fr","18":"tag-france","19":"tag-george-condo","20":"tag-keith-haring","21":"tag-musee-national-de-monaco","22":"tag-news","23":"tag-news-paris","24":"tag-paris","25":"tag-paris-news","26":"tag-princesse-alexandra","27":"tag-republique-francaise"},"share_on_mastodon":{"url":"https:\/\/pubeurope.com\/@fr\/115352442359954599","error":""},"_links":{"self":[{"href":"https:\/\/www.europesays.com\/fr\/wp-json\/wp\/v2\/posts\/453662","targetHints":{"allow":["GET"]}}],"collection":[{"href":"https:\/\/www.europesays.com\/fr\/wp-json\/wp\/v2\/posts"}],"about":[{"href":"https:\/\/www.europesays.com\/fr\/wp-json\/wp\/v2\/types\/post"}],"author":[{"embeddable":true,"href":"https:\/\/www.europesays.com\/fr\/wp-json\/wp\/v2\/users\/2"}],"replies":[{"embeddable":true,"href":"https:\/\/www.europesays.com\/fr\/wp-json\/wp\/v2\/comments?post=453662"}],"version-history":[{"count":0,"href":"https:\/\/www.europesays.com\/fr\/wp-json\/wp\/v2\/posts\/453662\/revisions"}],"wp:featuredmedia":[{"embeddable":true,"href":"https:\/\/www.europesays.com\/fr\/wp-json\/wp\/v2\/media\/453663"}],"wp:attachment":[{"href":"https:\/\/www.europesays.com\/fr\/wp-json\/wp\/v2\/media?parent=453662"}],"wp:term":[{"taxonomy":"category","embeddable":true,"href":"https:\/\/www.europesays.com\/fr\/wp-json\/wp\/v2\/categories?post=453662"},{"taxonomy":"post_tag","embeddable":true,"href":"https:\/\/www.europesays.com\/fr\/wp-json\/wp\/v2\/tags?post=453662"}],"curies":[{"name":"wp","href":"https:\/\/api.w.org\/{rel}","templated":true}]}}