{"id":453666,"date":"2025-10-10T23:23:11","date_gmt":"2025-10-10T23:23:11","guid":{"rendered":"https:\/\/www.europesays.com\/fr\/453666\/"},"modified":"2025-10-10T23:23:11","modified_gmt":"2025-10-10T23:23:11","slug":"inquiets-pour-leur-avenir-des-salaries-se-mobilisent","status":"publish","type":"post","link":"https:\/\/www.europesays.com\/fr\/453666\/","title":{"rendered":"inquiets pour leur avenir, des salari\u00e9s se mobilisent"},"content":{"rendered":"<p>\u00ab\u00a0Merlin, Merlin, arr\u00eate ton baratin\u00a0\u00bb, chante aussi la foule de manifestants \u00e0 l\u2019adresse de Fr\u00e9d\u00e9ric Merlin, pr\u00e9sident de la fonci\u00e8re SGM qui a rachet\u00e9 le fonds de commerce du BHV aux Galeries Lafayette en 2023.<\/p>\n<p>Toll\u00e9<\/p>\n<p>En cause, <a href=\"https:\/\/www.sudouest.fr\/economie\/shein-commercants-et-elus-politiques-vent-debout-contre-l-implantation-de-magasins-en-france-26178123.php\" rel=\"nofollow noopener\" target=\"_blank\">l\u2019implantation de Shein, marque de mode ultra-\u00e9ph\u00e9m\u00e8re<\/a> r\u00e9guli\u00e8rement accus\u00e9e de pollution environnementale, de concurrence d\u00e9loyale ou encore de conditions de travail indignes, pr\u00e9vue en novembre au sixi\u00e8me \u00e9tage du BHV. Ce projet, dont l\u2019annonce a soulev\u00e9 un toll\u00e9, chez les commer\u00e7ants comme chez les politiques, \u00ab\u00a0menace \u00e0 court terme\u00a0\u00bb la \u00ab\u00a0survie\u00a0\u00bb du magasin, s\u2019alarment les syndicats. \u00ab\u00a0Shein ne correspond pas du tout aux valeurs du BHV, des grands magasins, et aux valeurs des marques, en fait, qui sont pr\u00e9sentes au BHV\u00a0\u00bb, a expliqu\u00e9 Doroth\u00e9e, porte-parole de l\u2019intersyndicale, qui n\u2019a pas souhait\u00e9 donner son nom de famille.<\/p>\n<p>Pr\u00e9sent pour soutenir les gr\u00e9vistes, l\u2019adjoint au commerce \u00e0 la mairie de Paris, Nicolas Bonnet-Oulaldj, s\u2019est \u00e0 nouveau dit \u00ab\u00a0totalement oppos\u00e9 \u00e0 la venue de Shein\u00a0\u00bb, assurant partager \u00ab\u00a0l\u2019inqui\u00e9tude\u00a0\u00bb des salari\u00e9s. La SGM s\u2019est au contraire dite \u00ab\u00a0convaincue\u00a0\u00bb que ce partenariat \u00e9tait \u00ab\u00a0b\u00e9n\u00e9fique pour le groupe et ses salari\u00e9s\u00a0\u00bb, affirmant vouloir \u00ab\u00a0maintenir le dialogue avec les salari\u00e9s et syndicats pour leur expliquer l\u2019int\u00e9r\u00eat de ce projet\u00a0\u00bb.<\/p>\n<p>Situation de plus en plus d\u00e9grad\u00e9e<\/p>\n<p>Au-del\u00e0 de l\u2019arriv\u00e9e de Shein, la situation du BHV n\u2019a cess\u00e9 de se d\u00e9grader depuis sa reprise en main par Fr\u00e9d\u00e9ric Merlin, selon les syndicats. Outre la suppression \u00ab\u00a0de plus de 300 emplois directs\u00a0\u00bb, ils pointent dans un communiqu\u00e9 l\u2019accumulation d\u2019impay\u00e9s qui a pouss\u00e9 plusieurs fournisseurs &#8211; comme le Slip Fran\u00e7ais &#8211; \u00e0 quitter le BHV ou suspendre leurs livraisons.<\/p>\n<p>Plus r\u00e9cemment, d\u2019autres marques (AIME, Culture Vintage, Talm\u2026) ont pli\u00e9 bagage pour protester contre le partenariat avec Shein. \u00ab\u00a0Il y a des marques qui partent, qui reviennent, comme dans un \u00ab\u00a0soap-opera\u00a0\u00bb, a d\u00e9plor\u00e9 une salari\u00e9e gr\u00e9viste de 45\u00a0ans, qui a souhait\u00e9 rester anonyme et pour qui la \u00ab\u00a0probl\u00e9matique est plus profonde\u00a0\u00bb que l\u2019arriv\u00e9e de Shein. \u00ab\u00a0On nous demande toujours plus\u00a0\u00bb, ajoute celle qui travaille depuis 21\u00a0ans au BHV, citant le \u00ab\u00a0sous-effectif\u00a0\u00bb ou encore le non-versement de primes de participation.<\/p>\n<p>Pour ne rien arranger, mercredi, la Banque des territoires s\u2019est retir\u00e9e des n\u00e9gociations entam\u00e9es en juin avec la SGM pour l\u2019aider \u00e0 racheter les murs du BHV, invoquant \u00ab\u00a0une rupture de confiance\u00a0\u00bb. La SGM a assur\u00e9 de son c\u00f4t\u00e9 avoir \u00ab\u00a0d\u2019autres partenaires qui ont confirm\u00e9 leur engagement\u00a0\u00bb.<\/p>\n<p>Un \u00ab\u00a0autre chemin\u00a0\u00bb<\/p>\n<p>Nicolas Bonnet-Oulaldj assure \u0153uvrer en coulisses pour un \u00ab\u00a0autre chemin\u00a0\u00bb\u00a0: \u00ab\u00a0On essaie de convaincre la direction g\u00e9n\u00e9rale et M. Merlin, on essaie de travailler avec la Banque des territoires pour une autre vision et relancer le BHV\u00a0\u00bb, dont le sort met en danger \u00ab\u00a0toute l\u2019\u00e9conomie du quartier\u00a0\u00bb.<\/p>\n<p>\u00ab\u00a0La vraie crainte, \u00e7a va \u00eatre vraiment l\u2019avenir du magasin\u00a0\u00bb, a abond\u00e9 Doroth\u00e9e. \u00ab\u00a0Comment il va pouvoir perdurer avec les marques qui partent (\u2026.) c\u2019est tr\u00e8s compliqu\u00e9, parce qu\u2019on n\u2019a plus de marchandises \u00e0 vendre, que notre chiffre d\u2019affaires s\u2019effondre\u00a0\u00bb. De nombreux rayons vides t\u00e9moignent de l\u2019ampleur des difficult\u00e9s, notamment dans les espaces r\u00e9serv\u00e9s au bricolage et \u00e0 la papeterie, o\u00f9 d\u00e9ambulaient toujours des clients vendredi malgr\u00e9 la gr\u00e8ve. \u00ab\u00a0Il y a des r\u00e9ductions\u00a0\u00bb, a justifi\u00e9 une retrait\u00e9e de 68\u00a0ans, pas au courant de la mobilisation. Si Shein et ses prix discount l&rsquo;\u00ab\u00a0interroge\u00a0\u00bb, celle qui pr\u00e9f\u00e8re \u00ab\u00a0acheter fran\u00e7ais\u00a0\u00bb pense \u00ab\u00a0aussi \u00e0 la jeunesse qui n\u2019a pas toujours les moyens\u00a0\u00bb.<\/p>\n","protected":false},"excerpt":{"rendered":"\u00ab\u00a0Merlin, Merlin, arr\u00eate ton baratin\u00a0\u00bb, chante aussi la foule de manifestants \u00e0 l\u2019adresse de Fr\u00e9d\u00e9ric Merlin, pr\u00e9sident de&hellip;\n","protected":false},"author":2,"featured_media":453667,"comment_status":"","ping_status":"","sticky":false,"template":"","format":"standard","meta":{"footnotes":""},"categories":[1888],"tags":[11,1777,674,1011,27,12,626,25],"class_list":{"0":"post-453666","1":"post","2":"type-post","3":"status-publish","4":"format-standard","5":"has-post-thumbnail","7":"category-paris","8":"tag-actualites","9":"tag-eu","10":"tag-europe","11":"tag-fr","12":"tag-france","13":"tag-news","14":"tag-paris","15":"tag-republique-francaise"},"share_on_mastodon":{"url":"https:\/\/pubeurope.com\/@fr\/115352450111120403","error":""},"_links":{"self":[{"href":"https:\/\/www.europesays.com\/fr\/wp-json\/wp\/v2\/posts\/453666","targetHints":{"allow":["GET"]}}],"collection":[{"href":"https:\/\/www.europesays.com\/fr\/wp-json\/wp\/v2\/posts"}],"about":[{"href":"https:\/\/www.europesays.com\/fr\/wp-json\/wp\/v2\/types\/post"}],"author":[{"embeddable":true,"href":"https:\/\/www.europesays.com\/fr\/wp-json\/wp\/v2\/users\/2"}],"replies":[{"embeddable":true,"href":"https:\/\/www.europesays.com\/fr\/wp-json\/wp\/v2\/comments?post=453666"}],"version-history":[{"count":0,"href":"https:\/\/www.europesays.com\/fr\/wp-json\/wp\/v2\/posts\/453666\/revisions"}],"wp:featuredmedia":[{"embeddable":true,"href":"https:\/\/www.europesays.com\/fr\/wp-json\/wp\/v2\/media\/453667"}],"wp:attachment":[{"href":"https:\/\/www.europesays.com\/fr\/wp-json\/wp\/v2\/media?parent=453666"}],"wp:term":[{"taxonomy":"category","embeddable":true,"href":"https:\/\/www.europesays.com\/fr\/wp-json\/wp\/v2\/categories?post=453666"},{"taxonomy":"post_tag","embeddable":true,"href":"https:\/\/www.europesays.com\/fr\/wp-json\/wp\/v2\/tags?post=453666"}],"curies":[{"name":"wp","href":"https:\/\/api.w.org\/{rel}","templated":true}]}}