{"id":453668,"date":"2025-10-10T23:24:15","date_gmt":"2025-10-10T23:24:15","guid":{"rendered":"https:\/\/www.europesays.com\/fr\/453668\/"},"modified":"2025-10-10T23:24:15","modified_gmt":"2025-10-10T23:24:15","slug":"a-moscou-la-coree-du-nord-sexpose-au-musee","status":"publish","type":"post","link":"https:\/\/www.europesays.com\/fr\/453668\/","title":{"rendered":"\u00c0 Moscou, la Cor\u00e9e du Nord s\u2019expose au mus\u00e9e"},"content":{"rendered":"<p class=\"mb-4 text-lg md:leading-8 break-words\">L\u2019exposition \u00ab\u00a0Pays d\u2019un grand peuple\u00a0\u00bb organis\u00e9e au mus\u00e9e des Arts d\u00e9coratifs de Moscou jusqu\u2019au 10 octobre met en valeur la population nord-cor\u00e9enne, les paysages du pays et sa culture. Mais les tableaux repr\u00e9sentent surtout l\u2019arsenal militaire de la Cor\u00e9e du Nord. Sans oublier la coop\u00e9ration avec la Russie.<\/p>\n<p class=\"mb-4 text-lg md:leading-8 break-words\">De notre envoy\u00e9 sp\u00e9cial \u00e0 Moscou,<\/p>\n<p class=\"mb-4 text-lg md:leading-8 break-words\">C\u2019est \u00e0 l\u2019entr\u00e9e de l\u2019exposition le premier tableau qui cueille le visiteur. Des soldats russes et nord-cor\u00e9ens, tout sourire, s\u2019\u00e9treignent en brandissant leurs drapeaux.\u00a0Au mus\u00e9e des Arts d\u00e9coratifs de Moscou, la coop\u00e9ration militaire entre les deux pays s\u2019affiche en peinture. \u00ab\u00a0Pour moi, c&rsquo;est assez nouveau, je n\u2019avais encore jamais vu ce genre de tableau, commente Dila, une jeune Russe, \u00e9tudiante en langues \u00e9trang\u00e8res. C\u2019est assez \u00e9vident que nous avons des liens politiques avec la <strong><a href=\"https:\/\/www.rfi.fr\/fr\/tag\/cor\u00e9e-du-nord\/\" rel=\"nofollow noopener\" target=\"_blank\" data-ylk=\"slk:Cor\u00e9e du Nord;elm:context_link;itc:0;sec:content-canvas\" class=\"link \">Cor\u00e9e du Nord<\/a><\/strong>. Et c\u2019est ce qui explique pourquoi ils sont dans ce mus\u00e9e, mais moi je pr\u00e9f\u00e8re des peintures plus&#8230; classiques, qui parlent de la vie des gens.\u00a0\u00bb<\/p>\n<p class=\"mb-4 text-lg md:leading-8 break-words\">Et pour cela, Dila est servie. Car au-del\u00e0 des peintures guerri\u00e8res \u2013 tr\u00e8s nombreuses qui repr\u00e9sentent les missiles ou les avions de chasse nord-cor\u00e9ens \u2013, l\u2019exposition vante aussi la \u00ab\u00a0grandeur\u00a0\u00bb de la population du pays, ses paysages ou sa culture. \u00ab\u00a0Les m\u00e9dias russes ont beaucoup parl\u00e9 de cette exposition, \u00e7a avait l\u2019air tellement int\u00e9ressant, se r\u00e9jouit Natalia Vladimorovna qui suit une visite guid\u00e9e. Nous savons si peu de choses sur ce pays avec son d\u00e9veloppement si particulier, sa fermeture. Et pourtant, on voit que m\u00eame dans ces conditions, on peut cr\u00e9er une culture magnifique. Comment est-ce que j\u2019aurais pu manquer \u00e7a\u00a0?\u00a0\u00bb<\/p>\n<p class=\"mb-4 text-lg md:leading-8 break-words\">\u00c0 lire aussi<a href=\"https:\/\/fr.news.yahoo.com\/cor%C3%A9e-nord-kim-jong-accueille-042059383.html\" class=\"link  yahoo-link\" data-ylk=\"slk:Cor\u00e9e du Nord: Kim Jong-un accueille ses alli\u00e9s chinois et russes pour les 80 ans du Parti du travail;elm:context_link;itc:0;sec:content-canvas;outcm:mb_qualified_link;_E:mb_qualified_link;ct:story;\" target=\"_blank\" rel=\"noopener\">Cor\u00e9e du Nord: Kim Jong-un accueille ses alli\u00e9s chinois et russes pour les 80 ans du Parti du travail<\/a><\/p>\n<p class=\"mb-4 text-lg md:leading-8 break-words\">Comme Natalia, 10 000 visiteurs, selon les organisateurs, sont venus observer les quelque 130 \u0153uvres expos\u00e9es depuis le 9 septembre \u00e0 Moscou. \u00ab\u00a0C\u2019est une exposition symbolique et importante, car la Russie et la R\u00e9publique d\u00e9mocratique populaire de Cor\u00e9e entretiennent des liens depuis des d\u00e9cennies, explique Natalia Detkova, guide au mus\u00e9e des Arts d\u00e9coratifs de Moscou, devant une grande photo encadr\u00e9e de Kim Jong-un et Vladimir Poutine prise en juin 2024. Ces liens sont culturels et diplomatiques. Et c\u2019est pour cela que dans la salle principale, vous avez devant vous les portraits des deux chefs d\u2019\u00c9tat.\u00a0\u00bb<\/p>\n<p class=\"mb-4 text-lg md:leading-8 break-words\">Depuis la guerre en Ukraine en f\u00e9vrier 2022, les relations entre la Russie et la Cor\u00e9e du Nord se sont renforc\u00e9es. Les deux pays sont li\u00e9s depuis juin 2024 par un accord de d\u00e9fense mutuelle qui pr\u00e9voit \u00ab\u00a0une aide militaire imm\u00e9diate\u00a0\u00bb r\u00e9ciproque en cas d\u2019attaque. Pyongyang fournit \u00e9galement \u00e0 Moscou des armes, des munitions, et le reconnait depuis le mois d\u2019avril, des soldats nord-cor\u00e9ens ont bien \u00e9t\u00e9 envoy\u00e9s au c\u00f4t\u00e9 de l\u2019arm\u00e9e russe pour combattre les ukrainiens dans la r\u00e9gion de Koursk.<\/p>\n","protected":false},"excerpt":{"rendered":"L\u2019exposition \u00ab\u00a0Pays d\u2019un grand peuple\u00a0\u00bb organis\u00e9e au mus\u00e9e des Arts d\u00e9coratifs de Moscou jusqu\u2019au 10 octobre met en&hellip;\n","protected":false},"author":2,"featured_media":453669,"comment_status":"","ping_status":"","sticky":false,"template":"","format":"standard","meta":{"footnotes":""},"categories":[1591],"tags":[11,2791,2488,13987,1887,1916,49435,12,1885,1886,132],"class_list":{"0":"post-453668","1":"post","2":"type-post","3":"status-publish","4":"format-standard","5":"has-post-thumbnail","7":"category-russie","8":"tag-actualites","9":"tag-cooperation-avec-la-russie","10":"tag-cooperation-militaire","11":"tag-coree-du-nord","12":"tag-federation-de-russie","13":"tag-moscou","14":"tag-musee-des-arts-decoratifs","15":"tag-news","16":"tag-russia","17":"tag-russian-federation","18":"tag-russie"},"share_on_mastodon":{"url":"https:\/\/pubeurope.com\/@fr\/115352454055854932","error":""},"_links":{"self":[{"href":"https:\/\/www.europesays.com\/fr\/wp-json\/wp\/v2\/posts\/453668","targetHints":{"allow":["GET"]}}],"collection":[{"href":"https:\/\/www.europesays.com\/fr\/wp-json\/wp\/v2\/posts"}],"about":[{"href":"https:\/\/www.europesays.com\/fr\/wp-json\/wp\/v2\/types\/post"}],"author":[{"embeddable":true,"href":"https:\/\/www.europesays.com\/fr\/wp-json\/wp\/v2\/users\/2"}],"replies":[{"embeddable":true,"href":"https:\/\/www.europesays.com\/fr\/wp-json\/wp\/v2\/comments?post=453668"}],"version-history":[{"count":0,"href":"https:\/\/www.europesays.com\/fr\/wp-json\/wp\/v2\/posts\/453668\/revisions"}],"wp:featuredmedia":[{"embeddable":true,"href":"https:\/\/www.europesays.com\/fr\/wp-json\/wp\/v2\/media\/453669"}],"wp:attachment":[{"href":"https:\/\/www.europesays.com\/fr\/wp-json\/wp\/v2\/media?parent=453668"}],"wp:term":[{"taxonomy":"category","embeddable":true,"href":"https:\/\/www.europesays.com\/fr\/wp-json\/wp\/v2\/categories?post=453668"},{"taxonomy":"post_tag","embeddable":true,"href":"https:\/\/www.europesays.com\/fr\/wp-json\/wp\/v2\/tags?post=453668"}],"curies":[{"name":"wp","href":"https:\/\/api.w.org\/{rel}","templated":true}]}}