{"id":453674,"date":"2025-10-10T23:27:12","date_gmt":"2025-10-10T23:27:12","guid":{"rendered":"https:\/\/www.europesays.com\/fr\/453674\/"},"modified":"2025-10-10T23:27:12","modified_gmt":"2025-10-10T23:27:12","slug":"meghan-markle-de-retour-au-royaume-uni-avant-la-fin-de-lannee-la-rumeur-ne-plait-pas-vraiment-a-la-famille-royale","status":"publish","type":"post","link":"https:\/\/www.europesays.com\/fr\/453674\/","title":{"rendered":"Meghan Markle de retour au Royaume-Uni avant la fin de l\u2019ann\u00e9e ? La rumeur ne pla\u00eet pas vraiment \u00e0 la famille royale\u2026"},"content":{"rendered":"<p>                                    <img decoding=\"async\" src=\"https:\/\/www.europesays.com\/fr\/wp-content\/uploads\/2025\/10\/ad02addd30b0843c3653f8122f6d35224d8cd9a837af994fb602958889bd74f6.jpg\" alt=\"GALA Meghan Markle\u00a0: ce qu'il faut conna\u00eetre\" class=\"a11y-hidden\" fetchpriority=\"high\"\/><\/p>\n<p class=\"fig-standfirst\">\n    Apr\u00e8s son apparition surprise lors de la Fashion Week de Paris, Meghan Markle a de nouveau fait couler de l\u2019encre. Selon certaines sources, la duchesse de Sussex pourrait effectuer son grand retour sur le sol britannique dans les prochaines semaines.<\/p>\n<p class=\"fig-paragraph\">Depuis qu\u2019ils ont mis fin \u00e0 leurs obligations royales, en mars 2020, le prince Harry et son \u00e9pouse, Meghan Markle, ont drastiquement chang\u00e9 de vie. Le couple avait en effet pris la d\u00e9cision de quitter l\u2019Angleterre pour emm\u00e9nager aux \u00c9tats-Unis, et plus pr\u00e9cis\u00e9ment<a href=\"http:\/\/www.gala.fr\/l_actu\/news_de_stars\/harry-beaucoup-plus-apprecie-que-meghan-markle-par-leurs-voisins-a-montecito-il-est-plus-a-l-aise-20250528\" data-fig-type=\"Article\" data-gtm-custom-categorie=\"navigation\" data-gtm-custom-action=\"crossclick\" data-gtm-custom-label=\"Contextuel\" data-gtm-event=\"customEventSPE\" data-fig-domain=\"GALA\" target=\"_blank\" rel=\"noopener\">\u00a0\u00e0 Montecito, en Californie<\/a>. Mais si le duc de Sussex est revenu \u00e0 plusieurs reprises sur sa terre natale,\u00a0<a href=\"http:\/\/www.gala.fr\/l_actu\/news_de_stars\/un-air-de-deja-vu-meghan-markle-sa-facon-d-embrasser-le-prince-harry-rappelle-des-scenes-de-suits-20250223\" data-fig-type=\"Article\" data-gtm-custom-categorie=\"navigation\" data-gtm-custom-action=\"crossclick\" data-gtm-custom-label=\"Contextuel\" data-gtm-event=\"customEventSPE\" data-fig-domain=\"GALA\" target=\"_blank\" rel=\"noopener\">l\u2019ancienne star de la s\u00e9rie Suits<\/a> \u00a0s\u2019est montr\u00e9e beaucoup plus discr\u00e8te. Au cours des trois derni\u00e8res ann\u00e9es, la m\u00e8re d\u2019Archie et de Lilibet n\u2019a pos\u00e9 ses valises qu\u2019une seule fois en Europe, \u00e0\u00a0<a href=\"http:\/\/www.gala.fr\/mode\/les_stars_et_la_mode\/meghan-markle-chez-balenciaga-chanel-et-son-decor-cosmique-12-temps-forts-a-retenir-de-cette-fashion-week-de-paris-20251008\" data-fig-type=\"Article\" data-gtm-custom-categorie=\"navigation\" data-gtm-custom-action=\"crossclick\" data-gtm-custom-label=\"Contextuel\" data-gtm-event=\"customEventSPE\" data-fig-domain=\"GALA\" target=\"_blank\" rel=\"noopener\">l\u2019occasion du d\u00e9fil\u00e9 Balenciaga,<\/a>\u00a0qui a eu lieu pendant la Fashion Week de Paris, le samedi 4 octobre 2025. Une apparition surprise qui a visiblement donn\u00e9 naissance \u00e0 des rumeurs.<\/p>\n<p class=\"fig-paragraph\">Selon une source proche du couple, interrog\u00e9e par le Daily Mail, la duchesse de Sussex pourrait en effet faire son grand retour\u2026 au Royaume-Uni. \u00ab Meghan reviendra en Grande-Bretagne avant la fin de l\u2019ann\u00e9e\u00a0\u00bb, a ainsi indiqu\u00e9 l\u2019interlocuteur de nos confr\u00e8res, ajoutant avec humour que la compagne du prince Harry \u00ab ravalera sa fiert\u00e9\u00a0\u00bb pour tenter d\u2019apaiser ses relations avec\u00a0<a href=\"http:\/\/www.gala.fr\/royautes\/charles-iii-star-d-un-documentaire-sur-prime-video-de-quoi-va-t-il-parler-20251010\" data-fig-type=\"Article\" data-gtm-custom-categorie=\"navigation\" data-gtm-custom-action=\"crossclick\" data-gtm-custom-label=\"Contextuel\" data-gtm-event=\"customEventSPE\" data-fig-domain=\"GALA\" target=\"_blank\" rel=\"noopener\">la famille royale britannique<\/a>. Comme l\u2019a indiqu\u00e9 la source, Meghan Markle aurait en effet accept\u00e9 de suivre un \u00ab processus\u00a0\u00bb appel\u00e9 \u00ab Project Thaw\u00a0\u00bb (ou \u00ab projet de d\u00e9gel\u00a0\u00bb, en fran\u00e7ais), qui vise \u00e0 renforcer ses liens avec la Firme. Une rumeur qui ne devrait pas faire l\u2019unanimit\u00e9 au sein de la famille royale, qui est toujours en froid avec le couple.<\/p>\n<p>    <a href=\"#slideshow-header\"><\/p>\n<p class=\"fig-slideshow__title\">\n                    PHOTOS &#8211; Isabelle Huppert, Meghan Markle, Philippine Leroy-Beaulieu&#8230; Le front row \u00e9toil\u00e9 du d\u00e9fil\u00e9 Balenciaga\n                <\/p>\n<p>    <\/a><\/p>\n<p>                                    <a class=\"fig-a11y-skip a11y-hidden\" href=\"#fig-a11y-skip-main-inarticle\"><br \/>\n        Passer la publicit\u00e9<br \/>\n    <\/a><\/p>\n<p>Harry et Meghan Markle proches de la rupture\u00a0? Ces gestes qui en disent long<\/p>\n<p class=\"fig-paragraph\">Outre les bruits de couloir concernant un \u00e9ventuel retour au Royaume-Uni avant la fin d\u2019ann\u00e9e, Meghan Markle est \u00e9galement au c\u0153ur d\u2019une autre rumeur. Selon plusieurs observateurs, l\u2019ancienne actrice et son \u00e9poux, le prince Harry, seraient au bord de la rupture. Des th\u00e9ories qui ont \u00e9t\u00e9 finalement balay\u00e9es d\u2019un revers de la main par les deux principaux concern\u00e9s, tant ils ont\u00a0<a href=\"http:\/\/www.gala.fr\/royautes\/harry-et-meghan-markle-au-bord-du-divorce-ces-gestes-qui-en-disent-long-20251010\" data-fig-type=\"Article\" data-gtm-custom-categorie=\"navigation\" data-gtm-custom-action=\"crossclick\" data-gtm-custom-label=\"Contextuel\" data-gtm-event=\"customEventSPE\" data-fig-domain=\"GALA\" target=\"_blank\" rel=\"noopener\">multipli\u00e9 les gestes de tendresse<\/a>\u00a0lors du gala du Project Healthy Minds, organis\u00e9 aux Spring Studios, \u00e0 New York, ce jeudi 9 octobre. Comme l\u2019a rapport\u00e9 Hello Magazine, le duc et la duchesse de Sussex sont arriv\u00e9s main dans la main, sur le tapis rouge. Quelques secondes plus tard, le prince Harry a \u00e9t\u00e9 aper\u00e7u tr\u00e8s tactile avec sa compagne, en lui effleurant les fesses. Des signes qui ne trompent pas.<\/p>\n<p class=\"fig-paragraph\">Article \u00e9crit en collaboration avec 6Medias.\u00a0<\/p>\n","protected":false},"excerpt":{"rendered":"Apr\u00e8s son apparition surprise lors de la Fashion Week de Paris, Meghan Markle a de nouveau fait couler&hellip;\n","protected":false},"author":2,"featured_media":453675,"comment_status":"","ping_status":"","sticky":false,"template":"","format":"standard","meta":{"footnotes":""},"categories":[1588],"tags":[11,1777,674,545,908,12,17730,473,1853,9965,1851,1850,1852],"class_list":{"0":"post-453674","1":"post","2":"type-post","3":"status-publish","4":"format-standard","5":"has-post-thumbnail","7":"category-royaume-uni","8":"tag-actualites","9":"tag-eu","10":"tag-europe","11":"tag-famille-royale-britannique","12":"tag-meghan-markle","13":"tag-news","14":"tag-relation","15":"tag-royaume-uni","16":"tag-royaume-uni-de-grande-bretagne-et-dirlande-du-nord","17":"tag-tensions","18":"tag-uk","19":"tag-united-kingdom","20":"tag-united-kingdom-of-great-britain-and-northern-ireland"},"share_on_mastodon":{"url":"https:\/\/pubeurope.com\/@fr\/115352466305568287","error":""},"_links":{"self":[{"href":"https:\/\/www.europesays.com\/fr\/wp-json\/wp\/v2\/posts\/453674","targetHints":{"allow":["GET"]}}],"collection":[{"href":"https:\/\/www.europesays.com\/fr\/wp-json\/wp\/v2\/posts"}],"about":[{"href":"https:\/\/www.europesays.com\/fr\/wp-json\/wp\/v2\/types\/post"}],"author":[{"embeddable":true,"href":"https:\/\/www.europesays.com\/fr\/wp-json\/wp\/v2\/users\/2"}],"replies":[{"embeddable":true,"href":"https:\/\/www.europesays.com\/fr\/wp-json\/wp\/v2\/comments?post=453674"}],"version-history":[{"count":0,"href":"https:\/\/www.europesays.com\/fr\/wp-json\/wp\/v2\/posts\/453674\/revisions"}],"wp:featuredmedia":[{"embeddable":true,"href":"https:\/\/www.europesays.com\/fr\/wp-json\/wp\/v2\/media\/453675"}],"wp:attachment":[{"href":"https:\/\/www.europesays.com\/fr\/wp-json\/wp\/v2\/media?parent=453674"}],"wp:term":[{"taxonomy":"category","embeddable":true,"href":"https:\/\/www.europesays.com\/fr\/wp-json\/wp\/v2\/categories?post=453674"},{"taxonomy":"post_tag","embeddable":true,"href":"https:\/\/www.europesays.com\/fr\/wp-json\/wp\/v2\/tags?post=453674"}],"curies":[{"name":"wp","href":"https:\/\/api.w.org\/{rel}","templated":true}]}}