{"id":453690,"date":"2025-10-10T23:36:12","date_gmt":"2025-10-10T23:36:12","guid":{"rendered":"https:\/\/www.europesays.com\/fr\/453690\/"},"modified":"2025-10-10T23:36:12","modified_gmt":"2025-10-10T23:36:12","slug":"rugby-nationale-une-deuxieme-victoire-a-lexterieur-cette-saison-cette-fois-a-marcq-en-baroeul-et-le-racing-club-narbonnais-saffirme-de-plus-en-plus","status":"publish","type":"post","link":"https:\/\/www.europesays.com\/fr\/453690\/","title":{"rendered":"Rugby \u2013 Nationale\u00a0: une deuxi\u00e8me victoire \u00e0 l\u2019ext\u00e9rieur cette saison, cette fois \u00e0 Marcq-en-Bar\u0153ul, et le Racing Club Narbonnais s\u2019affirme de plus en plus"},"content":{"rendered":"<p>\n                                                                Lors du plus long d\u00e9placement de la saison, vers le nord, le Racing Club Narbonnais passe sa s\u00e9rie \u00e0 quatre matches sans d\u00e9faite (27-36). \u00c0 Marcq-en-Bar\u0153ul, les Audois ont encore affich\u00e9 un visage conqu\u00e9rant, m\u00eame si la marge de progression est encore visible.\n                            <\/p>\n<p>Du probant succ\u00e8s contre Bourg-en-Bresse, samedi dernier (43-6), le Racing Club Narbonnais a r\u00e9cup\u00e9r\u00e9 de l\u2019assurance dans le jeu, de la s\u00e9r\u00e9nit\u00e9 dans ses phases offensives et enfin de la r\u00e9ussite dans ses mouvements. Comme depuis le d\u00e9but de la saison, les Audois affichent une progression constante, match apr\u00e8s match.\u00a0Ce d\u00e9placement \u00e0 Marcq-en-Bar\u0153ul, ce vendredi soir, ne d\u00e9roge pas \u00e0 la r\u00e8gle.<\/p>\n<p>Pour le\u00a0troisi\u00e8me d\u00e9placement de la saison, le Racing ram\u00e8ne des points dans l\u2019Aude (victoire 27-36). Et un\u00a0deuxi\u00e8me succ\u00e8s, apr\u00e8s celle \u00e0 Massy lors de l\u2019ouverture du championnat. Ce succ\u00e8s \u00e0 36 points montre aussi la mont\u00e9e en puissance de cette \u00e9quipe. Depuis le 2\u00a0mars 2024, \u00e0 Vienne (victoire 15-43), les Narbonnais n\u2019avaient pas inscrit autant de points \u00e0 l\u2019ext\u00e9rieur. Une preuve de leurs envies de retrouver ce jeu enthousiasmant.<\/p>\n<p>Des essais en premi\u00e8re main<\/p>\n<p>Des intentions, du volume de jeu et la volont\u00e9 d\u2019imposer du rythme. Et apr\u00e8s des essais la semaine derni\u00e8re, deux Narbonnais vont \u00e0 nouveau go\u00fbter \u00e0 l\u2019en-but, \u00e0 cette saveur de conclure les mouvements. D\u2019abord le centre Th\u00e9o Gomez (0-7, 5e), suite \u00e0 un parfait rasant de son ouvreur Thibault Santoro et amen\u00e9 au d\u00e9part par un grattage de\u00a0Mat\u00e9o Lavasele, tr\u00e8s pr\u00e9sent pour sa premi\u00e8re (2e), et l\u2019arri\u00e8re Boris Goutard (7-14, 20e), au bout d\u2019un mouvement brillant en premi\u00e8re main. Dans les 40 minutes suivantes, ou plut\u00f4t \u00e0 cinq minutes du terme, seul l\u2019ailier Pierre Hugo Ducom passe la terre promise, sur un nouveau mouvement en premi\u00e8re main brillant (20-36, 75e).<\/p>\n<p>Mais les orange et noir auraient pu\u00a0&#8211; et m\u00eame d\u00fb\u00a0! \u2013 prendre encore plus le large, en comptant dans leurs rangs ce fameux facteur efficacit\u00e9. Comme lorsque le talonneur Dan Jooste a fait tomber ce ballon \u00e0 quelques millim\u00e8tres de la ligne de marque (27e), ou cet en-avant\u00a0venu\u00a0arr\u00eater un ballon port\u00e9 d\u2019\u00e9cole \u00e0 quelques encablures de l\u2019en-but (33e). Ou encore un autre \u00e0 l\u2019issue d\u2019une perc\u00e9e d\u2019Axel Muller, et des relais de Thibault Santoro, Th\u00e9o Gomez ou Pierrick Nova et Paul Belzons (75e).<\/p>\n<p>L\u2019\u00e9cart au score pouvait \u00e9galement \u00eatre plus important entre les Nordistes et les Audois. Notamment parce que le Racing a offert des occasions de scorer \u00e0 son adversaire. L\u2019indiscipline a encore p\u00e9ch\u00e9, avec plusieurs p\u00e9nalit\u00e9s en m\u00eal\u00e9e notamment en premi\u00e8re p\u00e9riode. La d\u00e9fense a aussi \u00e9t\u00e9 prise \u00e0 mal, sur le coup d\u2019envoi de la seconde p\u00e9riode et sur les ext\u00e9rieurs (79e), elle qui est le point fort depuis le d\u00e9but de saison.<\/p>\n<p>Un bloc \u00e0 conclure sans d\u00e9faite<\/p>\n<p>Mais cette victoire est importante pour le Racing, surtout \u00e0 l\u2019ext\u00e9rieur, o\u00f9 les succ\u00e8s soudent un groupe, encore plus qu\u2019\u00e0 domicile. D\u2019autant plus que 18 membres de cet effectif manquent encore \u00e0 l\u2019appel. Et que le deuxi\u00e8me ligne Marius Antonescu (32e) et le pilier gauche Gr\u00e9gory Fichten (48e) ont quitt\u00e9 leur partenaire plus t\u00f4t que pr\u00e9vu, sonn\u00e9s.<\/p>\n<p>Mais les quatre points permettent \u00e0 Narbonne de continuer \u00e0 grimper vers les hauteurs de la Nationale, et de se rapprocher encore un peu plus de Nice, d\u00e9fait \u00e0 Rouen (18-11). La r\u00e9ception de Tarbes samedi prochain au Parc (18\u00a0h) doit d\u00e9bloquer un deuxi\u00e8me bloc sans conc\u00e9der la moindre d\u00e9faite.<\/p>\n","protected":false},"excerpt":{"rendered":"Lors du plus long d\u00e9placement de la saison, vers le nord, le Racing Club Narbonnais passe sa s\u00e9rie&hellip;\n","protected":false},"author":2,"featured_media":453691,"comment_status":"","ping_status":"","sticky":false,"template":"","format":"standard","meta":{"footnotes":""},"categories":[1416],"tags":[1011,27,479,1468,60],"class_list":{"0":"post-453690","1":"post","2":"type-post","3":"status-publish","4":"format-standard","5":"has-post-thumbnail","7":"category-rugby","8":"tag-fr","9":"tag-france","10":"tag-rugby","11":"tag-rugby-football","12":"tag-sports"},"share_on_mastodon":{"url":"https:\/\/pubeurope.com\/@fr\/115352501222414448","error":""},"_links":{"self":[{"href":"https:\/\/www.europesays.com\/fr\/wp-json\/wp\/v2\/posts\/453690","targetHints":{"allow":["GET"]}}],"collection":[{"href":"https:\/\/www.europesays.com\/fr\/wp-json\/wp\/v2\/posts"}],"about":[{"href":"https:\/\/www.europesays.com\/fr\/wp-json\/wp\/v2\/types\/post"}],"author":[{"embeddable":true,"href":"https:\/\/www.europesays.com\/fr\/wp-json\/wp\/v2\/users\/2"}],"replies":[{"embeddable":true,"href":"https:\/\/www.europesays.com\/fr\/wp-json\/wp\/v2\/comments?post=453690"}],"version-history":[{"count":0,"href":"https:\/\/www.europesays.com\/fr\/wp-json\/wp\/v2\/posts\/453690\/revisions"}],"wp:featuredmedia":[{"embeddable":true,"href":"https:\/\/www.europesays.com\/fr\/wp-json\/wp\/v2\/media\/453691"}],"wp:attachment":[{"href":"https:\/\/www.europesays.com\/fr\/wp-json\/wp\/v2\/media?parent=453690"}],"wp:term":[{"taxonomy":"category","embeddable":true,"href":"https:\/\/www.europesays.com\/fr\/wp-json\/wp\/v2\/categories?post=453690"},{"taxonomy":"post_tag","embeddable":true,"href":"https:\/\/www.europesays.com\/fr\/wp-json\/wp\/v2\/tags?post=453690"}],"curies":[{"name":"wp","href":"https:\/\/api.w.org\/{rel}","templated":true}]}}