{"id":453692,"date":"2025-10-10T23:37:15","date_gmt":"2025-10-10T23:37:15","guid":{"rendered":"https:\/\/www.europesays.com\/fr\/453692\/"},"modified":"2025-10-10T23:37:15","modified_gmt":"2025-10-10T23:37:15","slug":"je-ne-suis-pas-sur-detre-pret-a-faire-encore-plus-pour-remporter-un-grand-chelem","status":"publish","type":"post","link":"https:\/\/www.europesays.com\/fr\/453692\/","title":{"rendered":"\u00ab Je ne suis pas s\u00fbr d\u2019\u00eatre pr\u00eat \u00e0 faire encore plus pour remporter un Grand Chelem \u00bb"},"content":{"rendered":"<p>                <img decoding=\"async\" src=\"https:\/\/www.europesays.com\/fr\/wp-content\/uploads\/2025\/10\/rAqR.jpg\" fetchpriority=\"high\" alt=\"Medvedev : \u00ab Je ne suis pas s\u00fbr d\u2019\u00eatre pr\u00eat \u00e0 faire encore plus pour remporter un Grand Chelem \u00bb\"\/><\/p>\n<p>En pleine renaissance sur les courts, Daniil Medvedev a lev\u00e9 le voile sur ses doutes profonds et sa qu\u00eate presque douloureuse d\u2019un nouveau titre du Grand Chelem.<\/p>\n<p>Daniil Medvedev, 29 ans, ancien num\u00e9ro un mondial et vainqueur de l\u2019US Open 2021, a \u00e9t\u00e9 interrog\u00e9 sur les sacrifices qu\u2019il serait pr\u00eat \u00e0 faire pour remporter un nouveau Grand Chelem. Ce \u00e0 quoi il a r\u00e9pondu :<\/p>\n<p>\u00ab Question difficile. Je donne d\u00e9j\u00e0 tout et je ne suis pas s\u00fbr d\u2019\u00eatre pr\u00eat \u00e0 donner plus que cela. J\u2019essaie de donner le meilleur de moi-m\u00eame, toujours. C\u2019\u00e9tait une ann\u00e9e compliqu\u00e9e, o\u00f9 je n\u2019ai pas jou\u00e9 \u00e0 mon meilleur niveau. Aujourd&rsquo;hui, je joue un bon tennis, de bons signaux sont arriv\u00e9s et je veux juste regarder vers l\u2019avenir. \u00bb<\/p>\n<p>Depuis son triomphe \u00e0 l\u2019US Open, Medvedev court apr\u00e8s un second sacre en Majeur. Mais 2024 n\u2019a pas \u00e9t\u00e9 tendre : beaucoup de bas, et une pression constante pour maintenir son rang parmi les cadors du circuit.<\/p>\n","protected":false},"excerpt":{"rendered":"En pleine renaissance sur les courts, Daniil Medvedev a lev\u00e9 le voile sur ses doutes profonds et sa&hellip;\n","protected":false},"author":2,"featured_media":453693,"comment_status":"","ping_status":"","sticky":false,"template":"","format":"standard","meta":{"footnotes":""},"categories":[1415],"tags":[1011,27,60,1467],"class_list":{"0":"post-453692","1":"post","2":"type-post","3":"status-publish","4":"format-standard","5":"has-post-thumbnail","7":"category-tennis","8":"tag-fr","9":"tag-france","10":"tag-sports","11":"tag-tennis"},"share_on_mastodon":{"url":"https:\/\/pubeurope.com\/@fr\/115352505226648470","error":""},"_links":{"self":[{"href":"https:\/\/www.europesays.com\/fr\/wp-json\/wp\/v2\/posts\/453692","targetHints":{"allow":["GET"]}}],"collection":[{"href":"https:\/\/www.europesays.com\/fr\/wp-json\/wp\/v2\/posts"}],"about":[{"href":"https:\/\/www.europesays.com\/fr\/wp-json\/wp\/v2\/types\/post"}],"author":[{"embeddable":true,"href":"https:\/\/www.europesays.com\/fr\/wp-json\/wp\/v2\/users\/2"}],"replies":[{"embeddable":true,"href":"https:\/\/www.europesays.com\/fr\/wp-json\/wp\/v2\/comments?post=453692"}],"version-history":[{"count":0,"href":"https:\/\/www.europesays.com\/fr\/wp-json\/wp\/v2\/posts\/453692\/revisions"}],"wp:featuredmedia":[{"embeddable":true,"href":"https:\/\/www.europesays.com\/fr\/wp-json\/wp\/v2\/media\/453693"}],"wp:attachment":[{"href":"https:\/\/www.europesays.com\/fr\/wp-json\/wp\/v2\/media?parent=453692"}],"wp:term":[{"taxonomy":"category","embeddable":true,"href":"https:\/\/www.europesays.com\/fr\/wp-json\/wp\/v2\/categories?post=453692"},{"taxonomy":"post_tag","embeddable":true,"href":"https:\/\/www.europesays.com\/fr\/wp-json\/wp\/v2\/tags?post=453692"}],"curies":[{"name":"wp","href":"https:\/\/api.w.org\/{rel}","templated":true}]}}