{"id":453696,"date":"2025-10-10T23:40:16","date_gmt":"2025-10-10T23:40:16","guid":{"rendered":"https:\/\/www.europesays.com\/fr\/453696\/"},"modified":"2025-10-10T23:40:16","modified_gmt":"2025-10-10T23:40:16","slug":"alex-palou-en-conflit-avec-mclaren-lecurie-reclame-25-millions-de-dollars","status":"publish","type":"post","link":"https:\/\/www.europesays.com\/fr\/453696\/","title":{"rendered":"Alex Palou en conflit avec McLaren, l\u2019\u00e9curie r\u00e9clame 25 millions de dollars"},"content":{"rendered":"<p>\n    Le pilote espagnol Alex Palou est poursuivi en justice par l\u2019\u00e9curie McLaren qui lui r\u00e9clame 25 millions de dollars pour une rupture de contrat.<\/p>\n<p class=\"fig-paragraph\">Le\u00a0<a href=\"http:\/\/www.lefigaro.fr\/sports\/autres-sports\/indycar-l-espagnol-alex-palou-sacre-pour-la-troisieme-fois-consecutive-20250811\" data-fig-type=\"NewsFlash\" data-gtm-custom-categorie=\"navigation\" data-gtm-custom-action=\"crossclick\" data-gtm-custom-label=\"Contextuel\" data-gtm-event=\"customEventSPE\" data-fig-domain=\"LEFIGARO\" rel=\"nofollow noopener\" target=\"_blank\">quadruple champion du monde d\u2019Indycar<\/a>, avait sign\u00e9 chez McLaren en 2023 pour devenir pilote d\u2019essai puis pour rejoindre l\u2019\u00e9curie en 2024 afin d\u2019obtenir une place dans un baquet de Formule 1. Mais Alex Palou en a finalement d\u00e9cid\u00e9 autrement, il choisit de ne pas honorer cet engagement. Ce d\u00e9saccord pousse alors\u00a0<a href=\"https:\/\/www.lefigaro.fr\/tag\/mclaren\" target=\"_blank\" rel=\"sponsored noopener nofollow\" data-gtm-custom-categorie=\"navigation\" data-gtm-custom-action=\"crossclick\" data-gtm-custom-label=\"Contextuel\" data-gtm-event=\"customEventSPE\">McLaren\u00a0<\/a>\u00e0 poursuivre le pilote espagnol en justice r\u00e9clament 25 millions de dollars de d\u00e9dommagements pour rupture abusive de contrat, \u00e9voquant de lourdes pertes financi\u00e8res, perte de sponsors et des ajustements salariaux pour les autres pilotes. L\u2019\u00e9curie britannique demande aussi le remboursement de bonus de 400 000 dollars d\u00e9j\u00e0 vers\u00e9 \u00e0 Alex Palou.<\/p>\n<p class=\"fig-paragraph\">Alex Palou admet avoir mis fin \u00e0 son contrat avec McLaren, mais conteste le montant que l\u2019\u00e9curie r\u00e9clame. Son avocat, Nick De Marco, assure que des promesses trompeuses lui ont \u00e9t\u00e9 faites concernant une place assur\u00e9e en Formule 1. Mais selon le directeur, Zak Brown, Alex Palou n\u2019\u00e9tait envisag\u00e9 qu\u2019en \u00abplan B\u00bb, en cas de forfait d\u2019un pilote titulaire, sans aucune garantie. C\u2019est finalement\u00a0<a href=\"http:\/\/www.lefigaro.fr\/sports\/formule-1\/formule-1-piastri-reconnait-trop-erreurs-couteuses-mais-ne-cede-pas-a-l-inquietude-20250921\" data-fig-type=\"NewsFlash\" data-gtm-custom-categorie=\"navigation\" data-gtm-custom-action=\"crossclick\" data-gtm-custom-label=\"Contextuel\" data-gtm-event=\"customEventSPE\" data-fig-domain=\"LEFIGARO\" rel=\"nofollow noopener\" target=\"_blank\">Oscar Piastri\u00a0<\/a>qui a h\u00e9rit\u00e9 du si\u00e8ge en 2023.<\/p>\n<p>                                    <a class=\"fig-a11y-skip a11y-hidden\" href=\"#fig-a11y-skip-main-inarticle\"><br \/>\n        Passer la publicit\u00e9<br \/>\n    <\/a><\/p>\n<p class=\"fig-paragraph\">Ouvert depuis septembre 2025, le proc\u00e8s devrait bient\u00f4t compara\u00eetre \u00e0 la barre, mais le verdict ne sera rendu que vers nombre 2025, voire d\u00e9but 2026.<\/p>\n","protected":false},"excerpt":{"rendered":"Le pilote espagnol Alex Palou est poursuivi en justice par l\u2019\u00e9curie McLaren qui lui r\u00e9clame 25 millions de&hellip;\n","protected":false},"author":2,"featured_media":453697,"comment_status":"","ping_status":"","sticky":false,"template":"","format":"standard","meta":{"footnotes":""},"categories":[1412],"tags":[1451,1452,1453,1454,1455,1011,27,4475,60],"class_list":{"0":"post-453696","1":"post","2":"type-post","3":"status-publish","4":"format-standard","5":"has-post-thumbnail","7":"category-f1","8":"tag-f1","9":"tag-formula-1","10":"tag-formula1","11":"tag-formule-1","12":"tag-formule1","13":"tag-fr","14":"tag-france","15":"tag-mclaren","16":"tag-sports"},"share_on_mastodon":{"url":"https:\/\/pubeurope.com\/@fr\/115352516926792543","error":""},"_links":{"self":[{"href":"https:\/\/www.europesays.com\/fr\/wp-json\/wp\/v2\/posts\/453696","targetHints":{"allow":["GET"]}}],"collection":[{"href":"https:\/\/www.europesays.com\/fr\/wp-json\/wp\/v2\/posts"}],"about":[{"href":"https:\/\/www.europesays.com\/fr\/wp-json\/wp\/v2\/types\/post"}],"author":[{"embeddable":true,"href":"https:\/\/www.europesays.com\/fr\/wp-json\/wp\/v2\/users\/2"}],"replies":[{"embeddable":true,"href":"https:\/\/www.europesays.com\/fr\/wp-json\/wp\/v2\/comments?post=453696"}],"version-history":[{"count":0,"href":"https:\/\/www.europesays.com\/fr\/wp-json\/wp\/v2\/posts\/453696\/revisions"}],"wp:featuredmedia":[{"embeddable":true,"href":"https:\/\/www.europesays.com\/fr\/wp-json\/wp\/v2\/media\/453697"}],"wp:attachment":[{"href":"https:\/\/www.europesays.com\/fr\/wp-json\/wp\/v2\/media?parent=453696"}],"wp:term":[{"taxonomy":"category","embeddable":true,"href":"https:\/\/www.europesays.com\/fr\/wp-json\/wp\/v2\/categories?post=453696"},{"taxonomy":"post_tag","embeddable":true,"href":"https:\/\/www.europesays.com\/fr\/wp-json\/wp\/v2\/tags?post=453696"}],"curies":[{"name":"wp","href":"https:\/\/api.w.org\/{rel}","templated":true}]}}