{"id":453698,"date":"2025-10-10T23:41:15","date_gmt":"2025-10-10T23:41:15","guid":{"rendered":"https:\/\/www.europesays.com\/fr\/453698\/"},"modified":"2025-10-10T23:41:15","modified_gmt":"2025-10-10T23:41:15","slug":"cyclisme-transfert-la-groupama-fdj-a-prolonge-un-solide-puncheur-grimpeur","status":"publish","type":"post","link":"https:\/\/www.europesays.com\/fr\/453698\/","title":{"rendered":"Cyclisme. Transfert &#8211; La Groupama-FDJ a prolong\u00e9 un solide puncheur-grimpeur"},"content":{"rendered":"<p>L&rsquo;effectif 2026 de la <strong><a href=\"https:\/\/www.cyclismactu.net\/..\/news-transfert-route-la-groupama-fdj-recrute-un-grimpeur-neo-zelandais-de-24-ans-90513.html\" target=\"_blank\" rel=\"nofollow noopener\">Groupama-FDJ<\/a><\/strong> commence \u00e0 se d\u00e9ciner. Ils sont d\u00e9sormais 26 coureurs sous contrat avec l&rsquo;\u00e9quipe fran\u00e7aise pour la saison \u00e0 venir, puisque <strong>R\u00e9my Rochas<\/strong> a prolong\u00e9 d&rsquo;une ann\u00e9e. Arriv\u00e9 en 2024, le Fran\u00e7ais de 29 ans a r\u00e9ussi \u00e0 faire ses preuves au sein de la formation de <strong>Marc Madiot<\/strong>.<\/p>\n<p>Vid\u00e9o &#8211; R\u00e9my Rochas, 4e d&rsquo;une \u00e9tape sur le dernier Giro Lire la suite de l&rsquo;article&#13;<\/p>\n<p>\u00a0<\/p>\n<p>&#13;<br \/>\nUne seule ann\u00e9e suppl\u00e9mentaire&#13;<\/p>\n<p><strong>Rochas <\/strong>s&rsquo;est notamment montr\u00e9 \u00e0 l&rsquo;avant sur le dernier<strong> Giro d&rsquo;Italia<\/strong>, o\u00f9 il a \u00e9t\u00e9 chercher deux top 5 d&rsquo;\u00e9tapes. Malgr\u00e9 son gabarit de poche (1,64m pour environ 50kg), le natif de La Motte-Servolex a d\u00e9montr\u00e9 \u00e0 de nombreuses reprises se capacit\u00e9s en tant qu&rsquo;excellent puncheur. Il a donc prolong\u00e9 pour une ann\u00e9e suppl\u00e9mentaire au sein de la <strong>Groupama-FDJ<\/strong>.<\/p>\n","protected":false},"excerpt":{"rendered":"L&rsquo;effectif 2026 de la Groupama-FDJ commence \u00e0 se d\u00e9ciner. Ils sont d\u00e9sormais 26 coureurs sous contrat avec l&rsquo;\u00e9quipe&hellip;\n","protected":false},"author":2,"featured_media":453699,"comment_status":"","ping_status":"","sticky":false,"template":"","format":"standard","meta":{"footnotes":""},"categories":[1411],"tags":[1154,207,211,1011,27,209,60,210,969,212,208,213],"class_list":{"0":"post-453698","1":"post","2":"type-post","3":"status-publish","4":"format-standard","5":"has-post-thumbnail","7":"category-cyclisme","8":"tag-cycling","9":"tag-cyclisme","10":"tag-ffc","11":"tag-fr","12":"tag-france","13":"tag-route","14":"tag-sports","15":"tag-tour-de-france","16":"tag-transfert","17":"tag-uci","18":"tag-velo","19":"tag-world-tour"},"share_on_mastodon":{"url":"https:\/\/pubeurope.com\/@fr\/115352520941426432","error":""},"_links":{"self":[{"href":"https:\/\/www.europesays.com\/fr\/wp-json\/wp\/v2\/posts\/453698","targetHints":{"allow":["GET"]}}],"collection":[{"href":"https:\/\/www.europesays.com\/fr\/wp-json\/wp\/v2\/posts"}],"about":[{"href":"https:\/\/www.europesays.com\/fr\/wp-json\/wp\/v2\/types\/post"}],"author":[{"embeddable":true,"href":"https:\/\/www.europesays.com\/fr\/wp-json\/wp\/v2\/users\/2"}],"replies":[{"embeddable":true,"href":"https:\/\/www.europesays.com\/fr\/wp-json\/wp\/v2\/comments?post=453698"}],"version-history":[{"count":0,"href":"https:\/\/www.europesays.com\/fr\/wp-json\/wp\/v2\/posts\/453698\/revisions"}],"wp:featuredmedia":[{"embeddable":true,"href":"https:\/\/www.europesays.com\/fr\/wp-json\/wp\/v2\/media\/453699"}],"wp:attachment":[{"href":"https:\/\/www.europesays.com\/fr\/wp-json\/wp\/v2\/media?parent=453698"}],"wp:term":[{"taxonomy":"category","embeddable":true,"href":"https:\/\/www.europesays.com\/fr\/wp-json\/wp\/v2\/categories?post=453698"},{"taxonomy":"post_tag","embeddable":true,"href":"https:\/\/www.europesays.com\/fr\/wp-json\/wp\/v2\/tags?post=453698"}],"curies":[{"name":"wp","href":"https:\/\/api.w.org\/{rel}","templated":true}]}}