{"id":453704,"date":"2025-10-10T23:44:10","date_gmt":"2025-10-10T23:44:10","guid":{"rendered":"https:\/\/www.europesays.com\/fr\/453704\/"},"modified":"2025-10-10T23:44:10","modified_gmt":"2025-10-10T23:44:10","slug":"il-grimpe-sur-une-statue-de-bronze-et-finit-ecrase-par-celle-ci","status":"publish","type":"post","link":"https:\/\/www.europesays.com\/fr\/453704\/","title":{"rendered":"Il grimpe sur une statue de bronze et finit \u00e9cras\u00e9 par celle-ci"},"content":{"rendered":"<p>Un drame s\u2019est produit dans la nuit du 4 au 5\u00a0octobre \u00e0 Glorenza, dans le nord de l\u2019<a href=\"https:\/\/www.20minutes.fr\/dossier\/italie\" target=\"_blank\" class=\"c-link c-link--is-underlined\" rel=\"nofollow noopener\">Italie<\/a>. Un jeune homme de 19 ans a trouv\u00e9 la mort apr\u00e8s avoir grimp\u00e9 sur une <a href=\"https:\/\/www.20minutes.fr\/dossier\/statue\" target=\"_blank\" class=\"c-link c-link--is-underlined\" rel=\"nofollow noopener\">statue<\/a> de bronze de pr\u00e8s de deux m\u00e8tres, qui s\u2019est brutalement effondr\u00e9e sur lui, rapporte <a href=\"https:\/\/www.midilibre.fr\/2025\/10\/10\/une-betise-dadolescent-il-grimpe-sur-une-statue-de-bronze-le-monument-de-2-metres-seffondre-et-lecrase-12983582.php\" rel=\"nofollow noopener\" target=\"_blank\" class=\"c-link c-link--is-underlined\">Midi Libre<\/a> citant le m\u00e9dia italien Corriere Alto Adige.<\/p>\n<p>Originaire de Tubre, la victime, pr\u00e9nomm\u00e9e Leon, passait la soir\u00e9e avec des amis lorsqu\u2019il a d\u00e9cid\u00e9 de monter sur la fontaine de la place de la mairie, vers trois heures du matin. Le monument, install\u00e9 sur un socle sur\u00e9lev\u00e9, n\u2019a pas r\u00e9sist\u00e9 au poids du jeune homme et s\u2019est renvers\u00e9, l\u2019\u00e9crasant sous sa masse m\u00e9tallique. Malgr\u00e9 l\u2019intervention rapide de la Croix-Rouge et des carabiniers, le jeune homme \u00e9tait d\u00e9j\u00e0 d\u00e9c\u00e9d\u00e9 \u00e0 l\u2019arriv\u00e9e des secours.<\/p>\n<\/p>\n<p>Un geste qualifi\u00e9 de simple \u00ab\u00a0b\u00eatise d\u2019adolescent\u00a0\u00bb<\/p>\n<p>Selon les habitants, le jeune homme venait tout juste d\u2019obtenir son brevet de pilote d\u2019h\u00e9licopt\u00e8re et r\u00eavait de rejoindre les \u00e9quipes de secours a\u00e9rien. Dans cette petite commune du Trentin, le drame a provoqu\u00e9 une vive \u00e9motion. Plusieurs habitants ont \u00e9voqu\u00e9 un geste malheureux, qualifi\u00e9 de simple \u00ab\u00a0b\u00eatise d\u2019adolescent\u00a0\u00bb, qui a tourn\u00e9 \u00e0 la trag\u00e9die.<\/p>\n<p><a href=\"https:\/\/www.20minutes.fr\/dossier\/italie\" target=\"_blank\" class=\"c-link c-btn c-btn--primary\" rel=\"nofollow noopener\">Notre dossier sur l&rsquo;Italie<\/a><\/p>\n<p>Une enqu\u00eate a \u00e9t\u00e9 ouverte pour d\u00e9terminer les circonstances exactes de l\u2019accident et comprendre comment la statue de bronze a pu se d\u00e9tacher de son socle.<\/p>\n","protected":false},"excerpt":{"rendered":"Un drame s\u2019est produit dans la nuit du 4 au 5\u00a0octobre \u00e0 Glorenza, dans le nord de l\u2019Italie.&hellip;\n","protected":false},"author":2,"featured_media":453705,"comment_status":"","ping_status":"","sticky":false,"template":"","format":"standard","meta":{"footnotes":""},"categories":[1358],"tags":[47,1348,1384,1385,19056,3983,1386,58,59,1011,27,452,74,11600],"class_list":{"0":"post-453704","1":"post","2":"type-post","3":"status-publish","4":"format-standard","5":"has-post-thumbnail","7":"category-arts-et-design","8":"tag-actualite","9":"tag-arts","10":"tag-arts-and-design","11":"tag-arts-et-design","12":"tag-croix-rouge","13":"tag-deces","14":"tag-design","15":"tag-divertissement","16":"tag-entertainment","17":"tag-fr","18":"tag-france","19":"tag-italie","20":"tag-monde","21":"tag-statue"},"share_on_mastodon":{"url":"https:\/\/pubeurope.com\/@fr\/115352532659647606","error":""},"_links":{"self":[{"href":"https:\/\/www.europesays.com\/fr\/wp-json\/wp\/v2\/posts\/453704","targetHints":{"allow":["GET"]}}],"collection":[{"href":"https:\/\/www.europesays.com\/fr\/wp-json\/wp\/v2\/posts"}],"about":[{"href":"https:\/\/www.europesays.com\/fr\/wp-json\/wp\/v2\/types\/post"}],"author":[{"embeddable":true,"href":"https:\/\/www.europesays.com\/fr\/wp-json\/wp\/v2\/users\/2"}],"replies":[{"embeddable":true,"href":"https:\/\/www.europesays.com\/fr\/wp-json\/wp\/v2\/comments?post=453704"}],"version-history":[{"count":0,"href":"https:\/\/www.europesays.com\/fr\/wp-json\/wp\/v2\/posts\/453704\/revisions"}],"wp:featuredmedia":[{"embeddable":true,"href":"https:\/\/www.europesays.com\/fr\/wp-json\/wp\/v2\/media\/453705"}],"wp:attachment":[{"href":"https:\/\/www.europesays.com\/fr\/wp-json\/wp\/v2\/media?parent=453704"}],"wp:term":[{"taxonomy":"category","embeddable":true,"href":"https:\/\/www.europesays.com\/fr\/wp-json\/wp\/v2\/categories?post=453704"},{"taxonomy":"post_tag","embeddable":true,"href":"https:\/\/www.europesays.com\/fr\/wp-json\/wp\/v2\/tags?post=453704"}],"curies":[{"name":"wp","href":"https:\/\/api.w.org\/{rel}","templated":true}]}}