{"id":453706,"date":"2025-10-10T23:45:34","date_gmt":"2025-10-10T23:45:34","guid":{"rendered":"https:\/\/www.europesays.com\/fr\/453706\/"},"modified":"2025-10-10T23:45:34","modified_gmt":"2025-10-10T23:45:34","slug":"livres-jen-parle-parce-que-je-suis-juive-et-que-jai-peur-le-conflit-israelo-palestinien-vu-par-amanda-sthers","status":"publish","type":"post","link":"https:\/\/www.europesays.com\/fr\/453706\/","title":{"rendered":"LIVRES \u00ab\u00a0J\u2019en parle, parce que je suis juive et que j\u2019ai peur\u00a0\u00bb\u00a0: le conflit isra\u00e9lo-palestinien vu par Amanda Sthers"},"content":{"rendered":"<p>\n                                                                L\u2019\u00e9crivaine et r\u00e9alisatrice signe une variation contemporaine de La M\u00e9tamorphose de Kafka, un roman acide et tragique sur notre soci\u00e9t\u00e9 obs\u00e9d\u00e9e par les questions identitaires.\n                            <\/p>\n<p>        <img decoding=\"async\" class=\"std-img__img responsive-img\" src=\"https:\/\/www.europesays.com\/fr\/wp-content\/uploads\/2025\/10\/1760139934_622_image.jpg\" alt=\"La couverture du livre.\"\/><\/p>\n<p>                La couverture du livre.<\/p>\n<p class=\"txt-question\">Dans cette satire politico-sociale aux accents kafka\u00efens, vous auscultez la soci\u00e9t\u00e9 fran\u00e7aise de l\u2019apr\u00e8s 7\u00a0Octobre. De quoi ce livre est-il n\u00e9\u00a0?<\/p>\n<p>D\u2019une envie urgente de survivre \u00e0 cette r\u00e9surgence de l\u2019antis\u00e9mitisme, \u00e0 la violence de l\u2019actualit\u00e9, et \u00e0 la polarisation de la soci\u00e9t\u00e9 o\u00f9 tout d\u00e9bat est impossible. Tout est devenu binaire. On s\u2019est habitu\u00e9s \u00e0 vivre des choses d\u00e9lirantes, et on a tellement l\u2019impression parfois d\u2019\u00e9voluer dans un \u00e9pisode de South Park qu\u2019il est difficile d\u2019amener un \u00e9l\u00e9ment disruptif dans un livre.<\/p>\n<blockquote>\n<p>R\u00e9becca fait partie de ces Juifs ramen\u00e9s, malgr\u00e9 eux, \u00e0 leur identit\u00e9 par la haine qu\u2019on leur renvoie. Gilles, que l\u2019on voit basculer du c\u00f4t\u00e9 du RN, est de ceux qui en ont ras le bol d\u2019entendre parler du conflit isra\u00e9lo-palestinien ou des Juifs.<\/p>\n<\/blockquote>\n<p>C\u2019est pour \u00e7a qu\u2019il m\u2019a fallu pousser le curseur, jouer la carte de l\u2019humour et du surnaturel. Tout le monde a d\u00e9cid\u00e9 de prendre position dans ce conflit isra\u00e9lo-palestinien comme s\u2019il s\u2019agissait d\u2019un match de foot o\u00f9 on pourrait brandir des drapeaux et o\u00f9 il y aurait un bon et un mauvais c\u00f4t\u00e9, chacun \u00e9tant persuad\u00e9 de d\u00e9tenir une v\u00e9rit\u00e9. Pour r\u00e9introduire de la nuance, j\u2019ai d\u00e9cid\u00e9 de rire de tout cela pour pouvoir souffler et r\u00e9fl\u00e9chir quand on nous donnera cet espace \u00e0 nouveau.<\/p>\n<p class=\"txt-question\">R\u00e9becca est une \u00e9ditrice parisienne, d\u2019origine juive. Depuis le 7\u00a0octobre, le couple qu\u2019elle forme avec Gilles, son mari, se d\u00e9lite. Et un \u00e9trange champignon appara\u00eet au plafond de leur chambre \u00e0 coucher\u2026<\/p>\n<p>Ce champignon, c\u2019est \u00e9videmment la France qui moisit, qui s\u2019ab\u00eeme. Dans le livre, il est impossible \u00e0 \u00e9radiquer, chaque fois qu\u2019on l\u2019enl\u00e8ve, il r\u00e9appara\u00eet. Un peu comme cette violence, cette haine de chacun contre chacun, et cet antis\u00e9mitisme qui revient cycliquement dans l\u2019Histoire. R\u00e9becca fait partie de ces Juifs ramen\u00e9s, malgr\u00e9 eux, \u00e0 leur identit\u00e9 par la haine qu\u2019on leur renvoie. Gilles, que l\u2019on voit basculer du c\u00f4t\u00e9 du RN, est de ceux qui en ont ras le bol d\u2019entendre parler du conflit isra\u00e9lo-palestinien ou des Juifs. Je pense que tout le monde en a ras le bol, les Juifs les premiers.<\/p>\n<blockquote>\n<p>Romain Gary disait \u00ab\u00a0La plus grande force spirituelle de tous les temps, c\u2019est la Connerie avec un C majuscule\u00a0\u00bb. Pour moi, le diable, c\u2019est la connerie.<\/p>\n<\/blockquote>\n<p>Moi, j\u2019aimerais bien ne pas parler de \u00e7a, honn\u00eatement. Mais j\u2019en parle, parce que je suis juive et que j\u2019ai peur. On croit toujours \u00eatre arriv\u00e9 \u00e0 un niveau de civilisation suffisant pour que cette chose n\u2019arrive plus, et elle recommence\u2026 Pourquoi les gens sont-ils obsessionnels d\u00e8s que \u00e7a touche au juda\u00efsme\u00a0? Il n\u2019y a que 0,2\u00a0% de Juifs sur la plan\u00e8te. Ha\u00efr massivement tout un groupe d\u2019individus me semble toujours une h\u00e9r\u00e9sie. Il n\u2019y a aucune rationalit\u00e9 \u00e0 imaginer que les Noirs, les Arabes ou les juifs seraient identiques\u00a0!<\/p>\n<p class=\"txt-question\">Pourquoi ce titre C, totalement elliptique\u00a0?<\/p>\n<p>C\u2019est le C de connerie\u2026 Et aussi de champignon. Dans la religion juive, on ne donne pas le nom de dieu, seulement son initiale. Comme le sujet ici s\u2019apparente au diable, incarn\u00e9 dans ce champignon, j\u2019ai choisi de le nommer aussi par son initiale. Romain Gary disait \u00ab\u00a0La plus grande force spirituelle de tous les temps, c\u2019est la Connerie avec un C majuscule\u00a0\u00bb. Pour moi, le diable, c\u2019est la connerie.<\/p>\n<p class=\"txt-question\">Qu\u2019esp\u00e9rez-vous de ce livre courageux qui \u00ab\u00a0s\u2019amuse\u00a0\u00bb de nos pr\u00e9conceptions et du d\u00e9litement de notre soci\u00e9t\u00e9\u00a0?<\/p>\n<p>Je n\u2019ai pas la na\u00efvet\u00e9 de penser que je vais changer le monde, mais j\u2019ai toujours eu l\u2019impression que les artistes qui m\u2019avaient autoris\u00e9e\u00a0\u00e0 rire de choses intouchables \u2013 comme Benigni dans La vie est belle \u2013 m\u2019avaient sauv\u00e9e. Alors, j\u2019esp\u00e8re aider certains lecteurs, pas que les Juifs, qui \u00e9touffent de cette actualit\u00e9 et qui voudraient qu\u2019on redonne un peu de bon sens au monde.<\/p>\n<p>Nous traversons actuellement l\u2019\u0153il du cyclone, le cycle de haine est de retour, mais je veux croire que l\u2019humanit\u00e9 retournera vers la lumi\u00e8re et que le bien reviendra.<\/p>\n<p>    Une pi\u00e8ce qui d\u00e9range\u00a0?<\/p>\n<p>L\u2019adaptation au cin\u00e9ma qu\u2019Amanda Sthers a faite de sa pi\u00e8ce Le Vieux juif blonde, ne verra pas le jour. Jou\u00e9 dans le monde entier, et \u00e9tudi\u00e9 \u00e0 Harvard, ce texte n\u2019a trouv\u00e9 le soutien d\u2019aucun distributeur ou de cha\u00eene TV.<\/p>\n<p>\u00ab\u00a0C\u2019est la premi\u00e8re fois que cela m\u2019arrive, dit Amanda Sthers, j\u2019avais une distribution \u00e9norme, un budget resserr\u00e9, le soutien du producteur Jean-Louis Livi, mais on m\u2019a expliqu\u00e9 qu\u2019un titre pareil, c\u2019\u00e9tait compliqu\u00e9 en ce moment. Je l\u2019ai chang\u00e9, mais rien n\u2019y a fait. Et \u00e7a, c\u2019\u00e9tait avant le 7\u00a0octobre, alors vous pensez bien qu\u2019aujourd\u2019hui, il est impensable d\u2019esp\u00e9rer quoi que ce soit\u00a0\u00bb.<\/p>\n<p>\u00a0<\/p>\n<p>\u00a0<\/p>\n<p>\u00a0<\/p>\n<p>\u00a0<\/p>\n<p>\u00ab\u00a0C\u00a0\u00bb, \u00e9ditions Grasset, 20\u00a0euros, 224 pages.<\/p>\n<p>\u00a0<\/p>\n<p>\u00a0<\/p>\n<p>\u00a0<\/p>\n","protected":false},"excerpt":{"rendered":"L\u2019\u00e9crivaine et r\u00e9alisatrice signe une variation contemporaine de La M\u00e9tamorphose de Kafka, un roman acide et tragique sur&hellip;\n","protected":false},"author":2,"featured_media":453707,"comment_status":"","ping_status":"","sticky":false,"template":"","format":"standard","meta":{"footnotes":""},"categories":[1357],"tags":[1379,58,59,1011,27,1380],"class_list":{"0":"post-453706","1":"post","2":"type-post","3":"status-publish","4":"format-standard","5":"has-post-thumbnail","7":"category-livres","8":"tag-books","9":"tag-divertissement","10":"tag-entertainment","11":"tag-fr","12":"tag-france","13":"tag-livres"},"share_on_mastodon":{"url":"https:\/\/pubeurope.com\/@fr\/115352537167812193","error":""},"_links":{"self":[{"href":"https:\/\/www.europesays.com\/fr\/wp-json\/wp\/v2\/posts\/453706","targetHints":{"allow":["GET"]}}],"collection":[{"href":"https:\/\/www.europesays.com\/fr\/wp-json\/wp\/v2\/posts"}],"about":[{"href":"https:\/\/www.europesays.com\/fr\/wp-json\/wp\/v2\/types\/post"}],"author":[{"embeddable":true,"href":"https:\/\/www.europesays.com\/fr\/wp-json\/wp\/v2\/users\/2"}],"replies":[{"embeddable":true,"href":"https:\/\/www.europesays.com\/fr\/wp-json\/wp\/v2\/comments?post=453706"}],"version-history":[{"count":0,"href":"https:\/\/www.europesays.com\/fr\/wp-json\/wp\/v2\/posts\/453706\/revisions"}],"wp:featuredmedia":[{"embeddable":true,"href":"https:\/\/www.europesays.com\/fr\/wp-json\/wp\/v2\/media\/453707"}],"wp:attachment":[{"href":"https:\/\/www.europesays.com\/fr\/wp-json\/wp\/v2\/media?parent=453706"}],"wp:term":[{"taxonomy":"category","embeddable":true,"href":"https:\/\/www.europesays.com\/fr\/wp-json\/wp\/v2\/categories?post=453706"},{"taxonomy":"post_tag","embeddable":true,"href":"https:\/\/www.europesays.com\/fr\/wp-json\/wp\/v2\/tags?post=453706"}],"curies":[{"name":"wp","href":"https:\/\/api.w.org\/{rel}","templated":true}]}}