{"id":453708,"date":"2025-10-10T23:46:19","date_gmt":"2025-10-10T23:46:19","guid":{"rendered":"https:\/\/www.europesays.com\/fr\/453708\/"},"modified":"2025-10-10T23:46:19","modified_gmt":"2025-10-10T23:46:19","slug":"faustine-bollaert-destabilise-gautier-capucon-dans-la-boite-a-secrets","status":"publish","type":"post","link":"https:\/\/www.europesays.com\/fr\/453708\/","title":{"rendered":"Faustine Bollaert d\u00e9stabilise Gautier Capu\u00e7on dans La Bo\u00eete \u00e0 secrets"},"content":{"rendered":"<p>Depuis la rentr\u00e9e de septembre, <a href=\"https:\/\/www.programme-tv.net\/news\/people\/389166-je-peux-remarquer-des-signes-ce-sujet-sur-lequel-faustine-bollaert-est-vigilante-avec-son-fils-de-11-ans\/\" data-api-deeplink=\"teleloisirs:\/\/news\/389166\" target=\"_blank\" rel=\"noopener\">Faustine Bollaert<\/a> a retrouv\u00e9 ses espaces intimes de confidences \u00e0 b\u00e2tons rompus que sont <a href=\"https:\/\/www.programme-tv.net\/news\/people\/389282-je-ne-peux-jamais-cette-question-taboue-dans-ca-commence-aujourd-hui-qui-frustre-faustine-bollaert\/\" data-api-deeplink=\"teleloisirs:\/\/news\/389282\" target=\"_blank\" rel=\"noopener\">\u00c7a commence aujourd&rsquo;hui <\/a>sur France 2 et <a href=\"https:\/\/www.programme-tv.net\/news\/tv\/388433-c-est-la-famille-yannick-noah-raconte-son-tendre-lien-avec-mireille-dumas-dans-la-boite-a-secrets\/\" data-api-deeplink=\"teleloisirs:\/\/news\/388433\" target=\"_blank\" rel=\"noopener\">La Bo\u00eete \u00e0 secrets<\/a> sur France 3. D\u00e9sormais aussi \u00e0 la t\u00eate des Enfants de la t\u00e9l\u00e9 nouvelle g\u00e9n\u00e9ration, <a href=\"https:\/\/www.programme-tv.net\/news\/people\/388039-cest-desormais-mon-tour-faustine-bollaert-adresse-un-petit-mot-a-laurence-boccolini-des-son-arrivee-aux-enfants-de-la-tele\/\" data-api-deeplink=\"teleloisirs:\/\/news\/388039\" target=\"_blank\" rel=\"noopener\">\u00e0 la place de Laurence Boccolini<\/a>, elle pr\u00eate son oreille aux anonymes dans la premi\u00e8re \u00e9mission comme aux personnalit\u00e9s dans la seconde. Celles-ci y racontent leur enfance, leur vie de famille, leurs doutes, leurs craintes, elles y partagent les sentiments \u00e9prouv\u00e9s lors des grandes \u00e9tapes de leur existence. Ces derni\u00e8res semaines, l&rsquo;animatrice a re\u00e7u <a href=\"https:\/\/www.programme-tv.net\/news\/tv\/388434-j-etais-triste-je-n-allais-pas-bien-natasha-st-pier-partage-une-anecdote-meconnue-sur-garou-dans-la-boite-a-secrets\/\" data-api-deeplink=\"teleloisirs:\/\/news\/388434\" target=\"_blank\" rel=\"noopener\">Garou<\/a>, <a href=\"https:\/\/www.programme-tv.net\/news\/tv\/388433-c-est-la-famille-yannick-noah-raconte-son-tendre-lien-avec-mireille-dumas-dans-la-boite-a-secrets\/\" data-api-deeplink=\"teleloisirs:\/\/news\/388433\" target=\"_blank\" rel=\"noopener\">Mireille Dumas<\/a>, <a href=\"https:\/\/www.programme-tv.net\/biographie\/2661-berleand-francois\/\" data-link-people=\"8655f34b-2f42-40de-8a5e-ca41a63a3aef\" target=\"_blank\" rel=\"noopener\">Fran\u00e7ois Berl\u00e9and<\/a> lors d&rsquo;un premier \u00e9pisode puis <a href=\"https:\/\/www.programme-tv.net\/biographie\/246324-torr-michele\/\" data-link-people=\"8827a3eb-d0a5-4020-8d18-1d994f7d656c\" target=\"_blank\" rel=\"noopener\">Mich\u00e8le Torr<\/a>, Lorie et <a href=\"https:\/\/www.programme-tv.net\/biographie\/35880-ouali-kamel\/\" data-link-people=\"cbdc5522-dde2-43aa-ab1c-ae10ffe9e01d\" target=\"_blank\" rel=\"noopener\">Kamel Ouali<\/a> lors du suivant, le 3\u00a0octobre.<\/p>\n<p>                        La bo\u00eete \u00e0 secrets : Gautier Capu\u00e7on, Laurent Gerra et Anny Duperey autour de Faustine Bollaert ce vendredi 10 octobre sur France 3<\/p>\n<p>Vendredi 10\u00a0octobre, Faustine Bollaert recevait un trio encore une fois \u00e9clectique\u00a0: la com\u00e9dienne <a href=\"https:\/\/www.programme-tv.net\/biographie\/231439-duperey-anny\/\" data-link-people=\"f7a25cea-258a-44a5-9a9c-6a749faa70a7\" target=\"_blank\" rel=\"noopener\">Anny Duperey<\/a>, actrice culte d&rsquo;<a href=\"https:\/\/www.programme-tv.net\/news\/series-tv\/375638-tf1-etait-quelque-fois-un-peu-effrayee-anny-duperey-ne-s-est-rien-interdit-dans-la-serie-une-famille-formidable\/\" data-api-deeplink=\"teleloisirs:\/\/news\/375638\" target=\"_blank\" rel=\"noopener\">Une famille formidable <\/a>entre autres, l&rsquo;humoriste-imitateur Laurent Gerra, lui, inimitable, touchant \u00e0 souhait dans cet \u00e9pisode, et le violoncelliste star Gautier Capu\u00e7on. Ce dernier, \u00e0 l&rsquo;instar des autres convives, a \u00e9voqu\u00e9 sa vie en toute simplicit\u00e9, sa relation avec ses parents issus d&rsquo;un milieu modeste m\u00e9lomanes non musiciens, avec son fr\u00e8re, musicien professionnel accompli lui aussi, et sa s\u0153ur, orthophoniste, \u00e9galement musicienne exp\u00e9riment\u00e9e, fan dans son adolescence de <a href=\"https:\/\/www.programme-tv.net\/biographie\/41555-goldman-jean-jacques\/\" data-link-people=\"cb849552-01a0-42f2-8f41-07613187054e\" target=\"_blank\" rel=\"noopener\">Jean-Jacques Goldman<\/a>. Mais il n&rsquo;\u00e9tait pas pr\u00eat pour la d\u00e9claration de Faustine Bollaert \u00e0 son attention.<\/p>\n<p>            \u00ab\u00a0Un gros secret&#8230;\u00a0\u00bb\u00a0: Faustine Bollaert d\u00e9stabilise Gautier Capu\u00e7on qui ne sait plus de quoi il est question dans La Bo\u00eete \u00e0 secrets !<\/p>\n<p>Apr\u00e8s avoir laiss\u00e9 Gautier Capu\u00e7on parler de son fr\u00e8re et de sa s\u0153ur, Faustine Bollaert a continu\u00e9 et abord\u00e9 sa relation avec le musicien\u00a0: \u00ab\u00a0On se conna\u00eet bien, on a un b\u00e9b\u00e9 en commun\u00a0!\u00a0\u00bb De quoi saisir Gautier Capu\u00e7on qui ne s&rsquo;attendait pas \u00e0 telle information\u00a0! L&rsquo;animatrice s&rsquo;est amus\u00e9e \u00e0 jouer avec son invit\u00e9 et parlait de leur \u00e9mission commune, Prodiges, t\u00e9l\u00e9-crochet pour jeunes musiciens classiques. \u00ab\u00a0Mais qu&rsquo;est-ce qu&rsquo;elle raconte\u00a0\u00bb, s&rsquo;est \u00e9cri\u00e9 Gautier Capu\u00e7on, interloqu\u00e9 mais mort de rire. \u00ab\u00a0Eh oui, je ne l&rsquo;avais pas dit\u00a0!\u00a0\u00bb poursuit Faustine Bollaert, malicieuse. \u00ab\u00a0C&rsquo;est la bo\u00eete \u00e0 secrets, vraiment\u00a0\u00bb, a plaisant\u00e9 Laurent Gerra.<b> <\/b><b>\u00ab\u00a0Un gros secret m\u00eame pour lui-m\u00eame pour moi\u00a0\u00bb,<\/b><b> a insist\u00e9 la ma\u00eetresse de maison.<\/b> Une blague au long cours.<\/p>\n<p>Apr\u00e8s une performance de quelques-uns de ses \u00ab\u00a0prot\u00e9g\u00e9s\u00a0\u00bb, Gautier Capu\u00e7on a pr\u00e9sent\u00e9 les membres de la formation d&rsquo;un jour dont Maxime Grizard, rencontr\u00e9 \u00e0 Prodiges o\u00f9 il a gagn\u00e9 la cat\u00e9gorie Instruments. \u00ab\u00a0C&rsquo;est notre enfant du coup\u00a0\u00bb, a conclu logiquement Faustine Bollaert. \u00ab\u00a0Voil\u00e0 exactement\u00a0! C&rsquo;est \u00e7a\u00a0!\u00a0\u00bb, a fil\u00e9 Gautier Capu\u00e7on avant de remercier chaleureusement ses \u00e9l\u00e8ves pour le moins talentueux.<\/p>\n","protected":false},"excerpt":{"rendered":"Depuis la rentr\u00e9e de septembre, Faustine Bollaert a retrouv\u00e9 ses espaces intimes de confidences \u00e0 b\u00e2tons rompus que&hellip;\n","protected":false},"author":2,"featured_media":453709,"comment_status":"","ping_status":"","sticky":false,"template":"","format":"standard","meta":{"footnotes":""},"categories":[1356],"tags":[244,58,59,6308,1011,27,876,57923,6098,252,1364,1630],"class_list":{"0":"post-453708","1":"post","2":"type-post","3":"status-publish","4":"format-standard","5":"has-post-thumbnail","7":"category-television","8":"tag-commentaire","9":"tag-divertissement","10":"tag-entertainment","11":"tag-faustine-bollaert","12":"tag-fr","13":"tag-france","14":"tag-france-3","15":"tag-gautier-capuu00e7on","16":"tag-laurent-gerra","17":"tag-television","18":"tag-tv","19":"tag-zapping"},"share_on_mastodon":{"url":"https:\/\/pubeurope.com\/@fr\/115352540527977085","error":""},"_links":{"self":[{"href":"https:\/\/www.europesays.com\/fr\/wp-json\/wp\/v2\/posts\/453708","targetHints":{"allow":["GET"]}}],"collection":[{"href":"https:\/\/www.europesays.com\/fr\/wp-json\/wp\/v2\/posts"}],"about":[{"href":"https:\/\/www.europesays.com\/fr\/wp-json\/wp\/v2\/types\/post"}],"author":[{"embeddable":true,"href":"https:\/\/www.europesays.com\/fr\/wp-json\/wp\/v2\/users\/2"}],"replies":[{"embeddable":true,"href":"https:\/\/www.europesays.com\/fr\/wp-json\/wp\/v2\/comments?post=453708"}],"version-history":[{"count":0,"href":"https:\/\/www.europesays.com\/fr\/wp-json\/wp\/v2\/posts\/453708\/revisions"}],"wp:featuredmedia":[{"embeddable":true,"href":"https:\/\/www.europesays.com\/fr\/wp-json\/wp\/v2\/media\/453709"}],"wp:attachment":[{"href":"https:\/\/www.europesays.com\/fr\/wp-json\/wp\/v2\/media?parent=453708"}],"wp:term":[{"taxonomy":"category","embeddable":true,"href":"https:\/\/www.europesays.com\/fr\/wp-json\/wp\/v2\/categories?post=453708"},{"taxonomy":"post_tag","embeddable":true,"href":"https:\/\/www.europesays.com\/fr\/wp-json\/wp\/v2\/tags?post=453708"}],"curies":[{"name":"wp","href":"https:\/\/api.w.org\/{rel}","templated":true}]}}