{"id":453712,"date":"2025-10-10T23:48:19","date_gmt":"2025-10-10T23:48:19","guid":{"rendered":"https:\/\/www.europesays.com\/fr\/453712\/"},"modified":"2025-10-10T23:48:19","modified_gmt":"2025-10-10T23:48:19","slug":"the-blues-brothers-un-steelbook-4k-special-fnac-steelbookpro","status":"publish","type":"post","link":"https:\/\/www.europesays.com\/fr\/453712\/","title":{"rendered":"The Blues Brothers : un steelbook 4K sp\u00e9cial fnac \u00ab Steelbookpro"},"content":{"rendered":"<p>\t\t    \t\t\t\tThe Blues Brothers : un steelbook 4K sp\u00e9cial fnac<\/p>\n<p>\u00a0<\/p>\n<p>\u2014 10 octobre 2025 \u2014 Le film<strong> \u00ab\u00a0The Blues Brothers\u00a0\u00bb<\/strong> aura droit \u00e0 un<strong> nouveau steelbook 4K<\/strong> en <strong>France<\/strong>. Il s\u2019agit d\u2019une <strong>\u00e9dition sp\u00e9ciale fnac<\/strong> avec <strong>5 \u20ac offerts.<\/strong><\/p>\n<p>\u00c9diteur : <strong>Universal<\/strong><\/p>\n<p>Prix: <strong>29,99 \u20ac + 5 \u20ac offerts<\/strong> \u00a0(blu-ray 4K + 2 blu-ray)<\/p>\n<p style=\"text-align: center;\"><a style=\"color: #3366ff;\" href=\"https:\/\/steelbookpro.fr\/2020\/02\/19\/the-blues-brothers-un-steelbook-4k-en-france\/\" data-wpel-link=\"internal\" rel=\"nofollow noopener\" target=\"_blank\"><strong>VOIR 1er STEELBOOK 4K FR<\/strong><\/a><\/p>\n<p>\u00a0<\/p>\n<p style=\"text-align: center;\"><strong>Audio: <\/strong>\u00a0<img loading=\"lazy\" decoding=\"async\" class=\"alignnone wp-image-45951\" src=\"https:\/\/www.europesays.com\/fr\/wp-content\/uploads\/2025\/04\/Drapeau-FR.png\" alt=\"\" width=\"14\" height=\"10\" \/><br \/><strong>Sous-titres:\u00a0 <img loading=\"lazy\" decoding=\"async\" class=\"alignnone wp-image-45951\" src=\"https:\/\/www.europesays.com\/fr\/wp-content\/uploads\/2025\/04\/Drapeau-FR.png\" alt=\"\" width=\"14\" height=\"10\" \/><\/strong><\/p>\n<p style=\"text-align: center;\"><a href=\"https:\/\/www.europesays.com\/fr\/wp-content\/uploads\/2025\/10\/Les-Blues-Brothers-Edition-Collector-Limitee-Speciale-Fnac-Steelbook-Blu-ray-4K-Ultra-HD.jpg\" data-slb-active=\"1\" data-slb-asset=\"1228831251\" data-slb-internal=\"0\" data-slb-group=\"96542\" data-wpel-link=\"internal\"><img loading=\"lazy\" decoding=\"async\" class=\"alignnone size-full wp-image-96543\" src=\"https:\/\/www.europesays.com\/fr\/wp-content\/uploads\/2025\/10\/Les-Blues-Brothers-Edition-Collector-Limitee-Speciale-Fnac-Steelbook-Blu-ray-4K-Ultra-HD.jpg\" alt=\"\" width=\"400\" height=\"517\"   \/><\/a><\/p>\n<p style=\"text-align: center;\"><a href=\"https:\/\/www.europesays.com\/fr\/wp-content\/uploads\/2025\/10\/Les-Blues-Brothers-Edition-Collector-Limitee-Speciale-Fnac-Steelbook-Blu-ray-4K-Ultra-HD-1.jpg\" data-slb-active=\"1\" data-slb-asset=\"2079461934\" data-slb-internal=\"0\" data-slb-group=\"96542\" data-wpel-link=\"internal\"><img loading=\"lazy\" decoding=\"async\" class=\"alignnone size-full wp-image-96544\" src=\"https:\/\/www.europesays.com\/fr\/wp-content\/uploads\/2025\/10\/Les-Blues-Brothers-Edition-Collector-Limitee-Speciale-Fnac-Steelbook-Blu-ray-4K-Ultra-HD-1.jpg\" alt=\"\" width=\"500\" height=\"281\"   \/><\/a><\/p>\n<p style=\"text-align: center;\"><strong>Pr\u00e9commandez* The Blues Brothers STEELBOOK 4K sp\u00e9cial fnac :\u00a0<\/strong><\/p>\n<p style=\"text-align: center;\"><a href=\"https:\/\/www.awin1.com\/cread.php?awinmid=12665&amp;awinaffid=206233&amp;ued=https%3A%2F%2Fwww.fnac.com%2Fa22021131%2FLes-Blues-Brothers-Edition-Collector-Limitee-Speciale-Fnac-Steelbook-Blu-ray-4K-Ultra-HD-John-Belushi-Blu-ray-4K\" data-wpel-link=\"external\" target=\"_blank\" rel=\"nofollow external noopener noreferrer\" class=\"ext-link\"><img loading=\"lazy\" decoding=\"async\" class=\"alignnone wp-image-42742\" src=\"https:\/\/www.europesays.com\/fr\/wp-content\/uploads\/2025\/06\/bouton-acheter-fnac.png\" alt=\"\" width=\"161\" height=\"67\" \/><\/a><\/p>\n<p>\u00a0<\/p>\n<p><img loading=\"lazy\" decoding=\"async\" src=\"https:\/\/www.europesays.com\/fr\/wp-content\/uploads\/2025\/08\/loading.gif\" width=\"16\" height=\"16\" alt=\"Chargement ...\" title=\"Chargement ...\" class=\"wp-polls-image\" \/>\u00a0Chargement &#8230;<br \/>\n<br \/>\n\u00a0<\/p>\n<p>* liens r\u00e9mun\u00e9r\u00e9s par Amazon, fnac, zavvi, Leclerc ou Cultura en cas d\u2019achat (<a href=\"https:\/\/steelbookpro.fr\/affiliation\/\" data-wpel-link=\"internal\" rel=\"nofollow noopener\" target=\"_blank\">en savoir plus<\/a>)<br \/>\u00a0<\/p>\n","protected":false},"excerpt":{"rendered":"The Blues Brothers : un steelbook 4K sp\u00e9cial fnac \u00a0 \u2014 10 octobre 2025 \u2014 Le film \u00ab\u00a0The&hellip;\n","protected":false},"author":2,"featured_media":35410,"comment_status":"","ping_status":"","sticky":false,"template":"","format":"standard","meta":{"footnotes":""},"categories":[1354],"tags":[58,59,1346,1011,27,1360],"class_list":{"0":"post-453712","1":"post","2":"type-post","3":"status-publish","4":"format-standard","5":"has-post-thumbnail","7":"category-films","8":"tag-divertissement","9":"tag-entertainment","10":"tag-films","11":"tag-fr","12":"tag-france","13":"tag-movies"},"share_on_mastodon":{"url":"https:\/\/pubeurope.com\/@fr\/115352549466270772","error":""},"_links":{"self":[{"href":"https:\/\/www.europesays.com\/fr\/wp-json\/wp\/v2\/posts\/453712","targetHints":{"allow":["GET"]}}],"collection":[{"href":"https:\/\/www.europesays.com\/fr\/wp-json\/wp\/v2\/posts"}],"about":[{"href":"https:\/\/www.europesays.com\/fr\/wp-json\/wp\/v2\/types\/post"}],"author":[{"embeddable":true,"href":"https:\/\/www.europesays.com\/fr\/wp-json\/wp\/v2\/users\/2"}],"replies":[{"embeddable":true,"href":"https:\/\/www.europesays.com\/fr\/wp-json\/wp\/v2\/comments?post=453712"}],"version-history":[{"count":0,"href":"https:\/\/www.europesays.com\/fr\/wp-json\/wp\/v2\/posts\/453712\/revisions"}],"wp:featuredmedia":[{"embeddable":true,"href":"https:\/\/www.europesays.com\/fr\/wp-json\/wp\/v2\/media\/35410"}],"wp:attachment":[{"href":"https:\/\/www.europesays.com\/fr\/wp-json\/wp\/v2\/media?parent=453712"}],"wp:term":[{"taxonomy":"category","embeddable":true,"href":"https:\/\/www.europesays.com\/fr\/wp-json\/wp\/v2\/categories?post=453712"},{"taxonomy":"post_tag","embeddable":true,"href":"https:\/\/www.europesays.com\/fr\/wp-json\/wp\/v2\/tags?post=453712"}],"curies":[{"name":"wp","href":"https:\/\/api.w.org\/{rel}","templated":true}]}}