{"id":453715,"date":"2025-10-10T23:50:12","date_gmt":"2025-10-10T23:50:12","guid":{"rendered":"https:\/\/www.europesays.com\/fr\/453715\/"},"modified":"2025-10-10T23:50:12","modified_gmt":"2025-10-10T23:50:12","slug":"le-superbe-but-de-florian-thauvin-pour-son-retour-en-equipe-de-france","status":"publish","type":"post","link":"https:\/\/www.europesays.com\/fr\/453715\/","title":{"rendered":"Le superbe but de Florian Thauvin pour son retour en \u00c9quipe de France"},"content":{"rendered":"<p>Son retour avait suscit\u00e9 de l\u2019interrogation et \u00e9tait escort\u00e9 de doutes. Finalement, <a href=\"https:\/\/www.footmercato.net\/joueur\/florian-thauvin\/\" rel=\"nofollow noopener\" target=\"_blank\">Florian Thauvin<\/a> a fait taire ses d\u00e9tracteurs ce vendredi face \u00e0 l\u2019Azerba\u00efdjan. Auteur d\u2019un bon d\u00e9but de saison avec le RC Lens, l\u2019ailier de 32 ans, qui n\u2019avait plus \u00e9t\u00e9 appel\u00e9 depuis six ans, a inscrit le deuxi\u00e8me but de sa carri\u00e8re internationale au bout de trois minutes sur le terrain. <\/p>\n<p>            La suite apr\u00e8s cette publicit\u00e9<\/p>\n<p>En effet, trouv\u00e9 sur un beau centre venu de la gauche, celui qui est entr\u00e9 \u00e0 la place de Kylian Mbapp\u00e9 n\u2019a pas h\u00e9sit\u00e9. Apr\u00e8s un joli contr\u00f4le, l\u2019ancien de l\u2019OM a arm\u00e9 une reprise de vol\u00e9e pr\u00e9cise du pied gauche. Un but qui a rapidement transform\u00e9 les sifflets du Parc des Princes en des applaudissements m\u00e9rit\u00e9s. <\/p>\n<p>\n    Pub. le 10\/10\/2025 22:50<br \/>\n            &#8211; MAJ le 11\/10\/2025 00:02\n    <\/p>\n","protected":false},"excerpt":{"rendered":"Son retour avait suscit\u00e9 de l\u2019interrogation et \u00e9tait escort\u00e9 de doutes. Finalement, Florian Thauvin a fait taire ses&hellip;\n","protected":false},"author":2,"featured_media":391512,"comment_status":"","ping_status":"","sticky":false,"template":"","format":"standard","meta":{"footnotes":""},"categories":[9],"tags":[1011,27,60],"class_list":{"0":"post-453715","1":"post","2":"type-post","3":"status-publish","4":"format-standard","5":"has-post-thumbnail","7":"category-sports","8":"tag-fr","9":"tag-france","10":"tag-sports"},"share_on_mastodon":{"url":"https:\/\/pubeurope.com\/@fr\/115352556264582183","error":""},"_links":{"self":[{"href":"https:\/\/www.europesays.com\/fr\/wp-json\/wp\/v2\/posts\/453715","targetHints":{"allow":["GET"]}}],"collection":[{"href":"https:\/\/www.europesays.com\/fr\/wp-json\/wp\/v2\/posts"}],"about":[{"href":"https:\/\/www.europesays.com\/fr\/wp-json\/wp\/v2\/types\/post"}],"author":[{"embeddable":true,"href":"https:\/\/www.europesays.com\/fr\/wp-json\/wp\/v2\/users\/2"}],"replies":[{"embeddable":true,"href":"https:\/\/www.europesays.com\/fr\/wp-json\/wp\/v2\/comments?post=453715"}],"version-history":[{"count":0,"href":"https:\/\/www.europesays.com\/fr\/wp-json\/wp\/v2\/posts\/453715\/revisions"}],"wp:featuredmedia":[{"embeddable":true,"href":"https:\/\/www.europesays.com\/fr\/wp-json\/wp\/v2\/media\/391512"}],"wp:attachment":[{"href":"https:\/\/www.europesays.com\/fr\/wp-json\/wp\/v2\/media?parent=453715"}],"wp:term":[{"taxonomy":"category","embeddable":true,"href":"https:\/\/www.europesays.com\/fr\/wp-json\/wp\/v2\/categories?post=453715"},{"taxonomy":"post_tag","embeddable":true,"href":"https:\/\/www.europesays.com\/fr\/wp-json\/wp\/v2\/tags?post=453715"}],"curies":[{"name":"wp","href":"https:\/\/api.w.org\/{rel}","templated":true}]}}