{"id":453716,"date":"2025-10-10T23:51:17","date_gmt":"2025-10-10T23:51:17","guid":{"rendered":"https:\/\/www.europesays.com\/fr\/453716\/"},"modified":"2025-10-10T23:51:17","modified_gmt":"2025-10-10T23:51:17","slug":"la-justice-ouvre-une-nouvelle-enquete-et-ferme-le-lieu-de-tournage","status":"publish","type":"post","link":"https:\/\/www.europesays.com\/fr\/453716\/","title":{"rendered":"la justice ouvre une nouvelle enqu\u00eate et ferme le lieu de tournage"},"content":{"rendered":"<p class=\"fs-5 \">La justice s\u2019int\u00e9resse une nouvelle fois au contenu de la cha\u00eene Le Lokal, r\u00e9v\u00e8le Mediapart.<\/p>\n<p class=\"fs-5 \">Moins de deux mois apr\u00e8s <a href=\"https:\/\/www.nicematin.com\/societe\/justice\/mort-en-direct-du-streamer-jean-pormanove-auditions-autopsie-a-venir-saisies-de-videos-ce-que-l-on-sait-sur-l-enquete-en-cours-et-les-circonstances-du-drame-998759\" rel=\"nofollow noopener\" target=\"_blank\">la mort en direct de Jean Pormanove<\/a>, l\u2019influenceur maltrait\u00e9 et humili\u00e9 pendant les \u00e9missions, la justice a ouvert une enqu\u00eate en flagrance, ce vendredi, selon nos confr\u00e8res, pour \u00ab violences volontaires en r\u00e9union et diffusion d\u2019images d\u2019atteintes volontaires \u00e0 la personne \u00bb.<\/p>\n<p>            <img decoding=\"async\" src=\"https:\/\/www.europesays.com\/fr\/wp-content\/uploads\/2025\/10\/eb740f7_upload-from-url-1-aoow6wmxwnvl-data-art-16350711.jpg\" loading=\"lazy\" alt=\"C\u2019est Gwen, le fr\u00e8re d\u2019Owen Cenazandotti qui a relanc\u00e9 la cha\u00eene le Lokal, moins de deux mois apr\u00e8s le d\u00e9c\u00e8s de Rapha\u00ebl Graven. \" class=\"img-fluid position-absolute w-100 object-fit-coverrounded-2\" width=\"600\" height=\"400\"\/><\/p>\n<p class=\"fs-5 \">Et le lieu de tournage de la Pointe-de-Contes, dans la vall\u00e9e du Paillon, o\u00f9 Rapha\u00ebl Graven, 46 ans, a rendu son dernier souffle le 18 ao\u00fbt, aurait \u00e9t\u00e9 perquisitionn\u00e9 et plac\u00e9 sous scell\u00e9s.<\/p>\n<p class=\"fs-5 \">Le mat\u00e9riel informatique des streamers aurait \u00e9t\u00e9 saisi.<\/p>\n<p>                                                                                Des coups, des cris, des rires<\/p>\n<p class=\"fs-5 \">Depuis la mi-septembre, le Drapois Gwen Cenazandotti, fr\u00e8re d\u2019Owen, alias NarutoVie, a relanc\u00e9 Le Lokal, sur sa propre cha\u00eene OGK_Decoy. Mais plus sur la plateforme Kick.<\/p>\n<p class=\"fs-5 \">Les directs ont repris sur Twitch, le concurrent, avec une \u00e9quipe comportant des anciens du temps de \u00ab JP \u00bb et des nouveaux acolytes.<\/p>\n<p class=\"fs-5 \">Et ils auraient recommenc\u00e9 \u00e0 diffuser des sc\u00e8nes de violence, notamment les 7 et 8 octobre derniers. Mediapart a pu visionner certaines vid\u00e9os. On y voit un homme \u00e0 terre et deux autres qui lui promettent des gifles, avant de couper la cam\u00e9ra sur ordre de Gwen Cenazandotti : \u00ab Je coupe la cam et je le bastonne \u00bb.<\/p>\n<p>            <img decoding=\"async\" src=\"https:\/\/www.europesays.com\/fr\/wp-content\/uploads\/2025\/09\/placeholder-article-nm.jpg\" loading=\"lazy\" alt=\"\" class=\"img-fluid position-absolute w-100 object-fit-coverrounded-2\" width=\"600\" height=\"400\"\/><\/p>\n<p class=\"fs-5 \">Si l\u2019image est effectivement coup\u00e9e, pas le son : des coups, des cris de douleur et des \u00e9clats de rire. Cette fois, la cible des coups pr\u00e9sum\u00e9s est un Laurentin surnomm\u00e9 \u00ab 3 cheveux \u00bb. Jonathan, son vrai pr\u00e9nom, participait r\u00e9guli\u00e8rement aux directs du premier \u00ab Lokal \u00bb, au cours desquels Jean Pormanove se faisait maltraiter.<\/p>\n<p>                                                                                D\u00e9j\u00e0 une enqu\u00eate en d\u00e9cembre<\/p>\n<p class=\"fs-5 \">C\u2019est donc une nouvelle enqu\u00eate qui vise la clique de la Pointe-de-Contes, apr\u00e8s celle d\u00e9clench\u00e9e en d\u00e9cembre 2024 des chefs de \u00ab violences, diffusion de violences et provocation \u00e0 la haine contre des personnes handicap\u00e9es \u00bb. <\/p>\n<p class=\"fs-5 \">Owen Cenazandotti et Safine Hamidi, qui ne participent plus aux directs pour le moment, avaient \u00e9t\u00e9 plac\u00e9s en garde \u00e0 vue en janvier dernier, avant d\u2019\u00eatre remis en libert\u00e9.<\/p>\n<p class=\"fs-5 \">Les investigations ne sont pas termin\u00e9es.<\/p>\n","protected":false},"excerpt":{"rendered":"La justice s\u2019int\u00e9resse une nouvelle fois au contenu de la cha\u00eene Le Lokal, r\u00e9v\u00e8le Mediapart. Moins de deux&hellip;\n","protected":false},"author":2,"featured_media":453717,"comment_status":"","ping_status":"","sticky":false,"template":"","format":"standard","meta":{"footnotes":""},"categories":[8],"tags":[58,59,1011,27],"class_list":{"0":"post-453716","1":"post","2":"type-post","3":"status-publish","4":"format-standard","5":"has-post-thumbnail","7":"category-divertissement","8":"tag-divertissement","9":"tag-entertainment","10":"tag-fr","11":"tag-france"},"share_on_mastodon":{"url":"https:\/\/pubeurope.com\/@fr\/115352560877958425","error":""},"_links":{"self":[{"href":"https:\/\/www.europesays.com\/fr\/wp-json\/wp\/v2\/posts\/453716","targetHints":{"allow":["GET"]}}],"collection":[{"href":"https:\/\/www.europesays.com\/fr\/wp-json\/wp\/v2\/posts"}],"about":[{"href":"https:\/\/www.europesays.com\/fr\/wp-json\/wp\/v2\/types\/post"}],"author":[{"embeddable":true,"href":"https:\/\/www.europesays.com\/fr\/wp-json\/wp\/v2\/users\/2"}],"replies":[{"embeddable":true,"href":"https:\/\/www.europesays.com\/fr\/wp-json\/wp\/v2\/comments?post=453716"}],"version-history":[{"count":0,"href":"https:\/\/www.europesays.com\/fr\/wp-json\/wp\/v2\/posts\/453716\/revisions"}],"wp:featuredmedia":[{"embeddable":true,"href":"https:\/\/www.europesays.com\/fr\/wp-json\/wp\/v2\/media\/453717"}],"wp:attachment":[{"href":"https:\/\/www.europesays.com\/fr\/wp-json\/wp\/v2\/media?parent=453716"}],"wp:term":[{"taxonomy":"category","embeddable":true,"href":"https:\/\/www.europesays.com\/fr\/wp-json\/wp\/v2\/categories?post=453716"},{"taxonomy":"post_tag","embeddable":true,"href":"https:\/\/www.europesays.com\/fr\/wp-json\/wp\/v2\/tags?post=453716"}],"curies":[{"name":"wp","href":"https:\/\/api.w.org\/{rel}","templated":true}]}}