{"id":453720,"date":"2025-10-10T23:53:19","date_gmt":"2025-10-10T23:53:19","guid":{"rendered":"https:\/\/www.europesays.com\/fr\/453720\/"},"modified":"2025-10-10T23:53:19","modified_gmt":"2025-10-10T23:53:19","slug":"granules-de-bois-en-vrac-totalenergies-inaugure-a-landivisiau-son-premier-silo-finisterien","status":"publish","type":"post","link":"https:\/\/www.europesays.com\/fr\/453720\/","title":{"rendered":"Granul\u00e9s de bois en vrac\u00a0: TotalEnergies inaugure, \u00e0 Landivisiau, son premier silo finist\u00e9rien"},"content":{"rendered":"<p>Le symbole se voulait fort. Le silo de stockage de granul\u00e9s de bois inaugur\u00e9 \u00e0 Landivisiau, ce vendredi 10 octobre, s\u2019\u00e9rige en lieu et place d\u2019un ancien d\u00e9p\u00f4t p\u00e9trolier. Depuis l\u2019interdiction d\u2019installer des nouvelles chaudi\u00e8res au fioul dans les habitats, TotalEnergies d\u00e9veloppe des propositions alternatives, parmi lesquelles les granul\u00e9s de bois. \u00ab\u00a0\u00c7a fait quinze ans qu\u2019on distribue du granul\u00e9 de bois en sacs, partout en France. Mais ce qui est nouveau aujourd\u2019hui, c\u2019est de pouvoir offrir ce service sur le vrac et, en particulier ici, dans le Finist\u00e8re, o\u00f9 il n\u2019y en avait pas\u00a0\u00bb, explique Marc Dunet, directeur r\u00e9gional TotalEnergies pour la Bretagne. \u00ab\u00a0L\u2019id\u00e9e, c\u2019est d\u2019avoir un point de stockage ici pour pouvoir, avec le camion de livraison, rayonner autour\u00a0\u00bb, pr\u00e9cise, de son c\u00f4t\u00e9, Philippe Bodilis, le pr\u00e9sident de TotalEnergies Proxi Nord Ouest.<\/p>\n<p>Une demande qui explose en Bretagne<\/p>\n<p>Avec plus de 640\u00a0000 maisons individuelles chauff\u00e9es au bois, en Bretagne, en 2022, le march\u00e9 du granul\u00e9 de bois se d\u00e9veloppe. Si sa consommation a augment\u00e9 de 25\u00a0% en quinze ans, le bois demeure la source la moins ch\u00e8re disponible sur le march\u00e9 de l\u2019\u00e9nergie. Selon l\u2019Ademe, le chauffage par b\u00fbches revenait \u00e0 4,5 cts d\u2019euro par kWh, en 2023. Le prix variait de 10,4 \u00e0 12 cts d\u2019euro pour les granul\u00e9s. \u00ab\u00a0Cette source de production de chaleur et de chauffage est une alternative au gaz, au fioul, \u00e0 l\u2019\u00e9lectricit\u00e9. \u00c7a fait partie de la palette de propositions de chauffage qui sont propos\u00e9es \u00e0 nos clients en recherche de transition \u00e9nerg\u00e9tique\u00a0\u00bb, indique Philippe Bodilis.<\/p>\n<p><img decoding=\"async\" src=\"https:\/\/www.europesays.com\/fr\/wp-content\/uploads\/2025\/10\/68e92e8683160d11aa0426f2.1.jpeg\" width=\"480\" height=\"300\" class=\"web_golden_m\" loading=\"lazy\" alt=\"Marc Dunet, directeur r\u00e9gional TotalEnergies pour la Bretagne, Laurence Claisse, maire de Landivisiau, et Philippe Bodilis, pr\u00e9sident de TotalEnergies Proxi Nord Ouest.\"\/>Marc Dunet, directeur r\u00e9gional TotalEnergies pour la Bretagne, Laurence Claisse, maire de Landivisiau, et Philippe Bodilis, pr\u00e9sident de TotalEnergies Proxi Nord Ouest. (Photo \u00c9lise Le Mer\/Le T\u00e9l\u00e9gramme)\u00c0 terme, 3\u00a0000 \u00e0 4\u00a0000 tonnes annuelles stock\u00e9es<\/p>\n<p>Concr\u00e8tement, ce nouveau silo &#8211; qui aura co\u00fbt\u00e9 un million d\u2019euros &#8211; sera approvisionn\u00e9 par des producteurs bretons et pourra contenir, dans un premier temps, pr\u00e8s de 300 tonnes de granul\u00e9s. \u00ab\u00a0\u00c0 terme, on voudrait monter progressivement \u00e0 3\u00a0000 voire 4\u00a0000 tonnes par an, pr\u00e9cise Philippe Bodilis, car la demande est l\u00e0. Les particuliers s\u2019approvisionnent plut\u00f4t avec des sacs, que nous distribuons aussi avec un autre camion. Mais l\u00e0, il s\u2019agit surtout d\u2019\u00e9quiper des \u00e9tablissements publics, comme des salles communautaires, des \u00e9coles ou des installations sportives, mais aussi des entreprises, des usines comme des bureaux.\u00a0\u00bb<\/p>\n<p>\u00c9quip\u00e9 d\u2019un d\u00e9poussi\u00e9reur, le silo aspire les poussi\u00e8res et les r\u00e9cup\u00e8re au maximum. \u00ab\u00a0On cherche encore une fili\u00e8re pour les valoriser. Pourquoi pas les utiliser dans les man\u00e8ges et carri\u00e8res \u00e9questres\u00a0? Cette d\u00e9marche RSE est encore \u00e0 construire\u00a0\u00bb, conclut Philippe Bodilis.<\/p>\n","protected":false},"excerpt":{"rendered":"Le symbole se voulait fort. Le silo de stockage de granul\u00e9s de bois inaugur\u00e9 \u00e0 Landivisiau, ce vendredi&hellip;\n","protected":false},"author":2,"featured_media":453721,"comment_status":"","ping_status":"","sticky":false,"template":"","format":"standard","meta":{"footnotes":""},"categories":[6],"tags":[829,35,33,34,765,893,57924,257,3321,1011,27,6821,2131],"class_list":{"0":"post-453720","1":"post","2":"type-post","3":"status-publish","4":"format-standard","5":"has-post-thumbnail","7":"category-economie","8":"tag-bretagne","9":"tag-business","10":"tag-economie","11":"tag-economy","12":"tag-en-continu","13":"tag-energie","14":"tag-energies-bois","15":"tag-entreprise","16":"tag-finistere","17":"tag-fr","18":"tag-france","19":"tag-landivisiau","20":"tag-morlaix"},"share_on_mastodon":{"url":"https:\/\/pubeurope.com\/@fr\/115352568152806686","error":""},"_links":{"self":[{"href":"https:\/\/www.europesays.com\/fr\/wp-json\/wp\/v2\/posts\/453720","targetHints":{"allow":["GET"]}}],"collection":[{"href":"https:\/\/www.europesays.com\/fr\/wp-json\/wp\/v2\/posts"}],"about":[{"href":"https:\/\/www.europesays.com\/fr\/wp-json\/wp\/v2\/types\/post"}],"author":[{"embeddable":true,"href":"https:\/\/www.europesays.com\/fr\/wp-json\/wp\/v2\/users\/2"}],"replies":[{"embeddable":true,"href":"https:\/\/www.europesays.com\/fr\/wp-json\/wp\/v2\/comments?post=453720"}],"version-history":[{"count":0,"href":"https:\/\/www.europesays.com\/fr\/wp-json\/wp\/v2\/posts\/453720\/revisions"}],"wp:featuredmedia":[{"embeddable":true,"href":"https:\/\/www.europesays.com\/fr\/wp-json\/wp\/v2\/media\/453721"}],"wp:attachment":[{"href":"https:\/\/www.europesays.com\/fr\/wp-json\/wp\/v2\/media?parent=453720"}],"wp:term":[{"taxonomy":"category","embeddable":true,"href":"https:\/\/www.europesays.com\/fr\/wp-json\/wp\/v2\/categories?post=453720"},{"taxonomy":"post_tag","embeddable":true,"href":"https:\/\/www.europesays.com\/fr\/wp-json\/wp\/v2\/tags?post=453720"}],"curies":[{"name":"wp","href":"https:\/\/api.w.org\/{rel}","templated":true}]}}