{"id":453727,"date":"2025-10-10T23:57:11","date_gmt":"2025-10-10T23:57:11","guid":{"rendered":"https:\/\/www.europesays.com\/fr\/453727\/"},"modified":"2025-10-10T23:57:11","modified_gmt":"2025-10-10T23:57:11","slug":"loire-cette-commune-recherche-son-pere-noel-pour-les-fetes-de-fin-dannee","status":"publish","type":"post","link":"https:\/\/www.europesays.com\/fr\/453727\/","title":{"rendered":"Loire : cette commune recherche son P\u00e8re No\u00ebl pour les f\u00eates de fin d&rsquo;ann\u00e9e"},"content":{"rendered":"<p>Avis aux barbes blanches : un P\u00e8re No\u00ebl est recherch\u00e9 par la Ville de Firminy (Loire) pour incarner la magie des f\u00eates et faire briller les yeux des enfants lors des f\u00eates de fin d&rsquo;ann\u00e9e.<\/p>\n<p>L&rsquo;esprit de No\u00ebl se pr\u00e9pare d\u00e9j\u00e0 \u00e0 <b>Firminy<\/b> ! Une annonce pas comme les autres circule : on recherche activement <b>un P\u00e8re No\u00ebl<\/b> jovial, patient et \u00e0 l&rsquo;aise face aux enfants comme devant l&rsquo;objectif.<\/p>\n<p>Sur ses r\u00e9seaux sociaux, la ville lig\u00e9rienne lance un appel \u00e0 l&rsquo;aide \u00e0 plus de deux mois de No\u00ebl.<\/p>\n<p>\u00ab\u00a0Individu barbu (ou non, on est ouverts), jovial et \u00e9ventuellement l\u00e9g\u00e8rement bedonnant, recherch\u00e9 d&rsquo;urgence, peut-on lire sur <a class=\"url\" href=\"https:\/\/www.facebook.com\/ville.defirminy\" target=\"_blank\" rel=\"noopener\">la page Facebook de la Ville de Firminy<\/a>. Voix chaleureuse, sourire naturel et aisance en rouge int\u00e9grale devant les appareils photo.\u00a0\u00bb<\/p>\n<p>Comment \u00eatre un bon P\u00e8re No\u00ebl ?<\/p>\n<p>Mais attention, en cas de correspondance avec toutes ses qualit\u00e9s, il faut \u00e9galement \u00eatre capable de remplir la mission si importante du P\u00e8re No\u00ebl !<\/p>\n<p>Trois choses sont alors tr\u00e8s importantes :<br \/>&#8211; Distribuer un peu de magie dans le c\u0153ur des enfants ;<\/p>\n<p>&#8211; Multiplier les sourires et poser sur des photos \u00ab\u00a0avec enthousiasme\u00a0\u00bb ;<\/p>\n<p>&#8211; R\u00e9pondre avec r\u00e9partie et conviction \u00e0 toutes les questions des enfants.<\/p>\n<p>Dans une derni\u00e8re phrase, la Ville de Firminy appelle \u00e0 la solidarit\u00e9 de ses abonn\u00e9s et de ses habitants, le tout avec humour : \u00ab\u00a0Si vous l&rsquo;apercevez ou si vous pensez en conna\u00eetre un, contactez-nous sur Messenger en message priv\u00e9 avant qu&rsquo;il ne signe ailleurs.\u00a0\u00bb<\/p>\n<p><img loading=\"lazy\" decoding=\"async\" src=\"https:\/\/www.europesays.com\/fr\/wp-content\/uploads\/2025\/10\/1760140631_274_img\" width=\"350\" height=\"200\" border=\"0\" title=\"Les Halles Mazerat vont revivre \u00c3\u00a0 Saint-\u00c3\u0089tienne\"\/><\/p>\n<p>\u25baSoci\u00e9t\u00e9<\/p>\n<p style=\"font-size: 22px;\"><b>Travaux, capacit\u00e9, chefs : tout ce qu&rsquo;il faut savoir sur les futures Halles Mazerat \u00e0 Saint-\u00c9tienne<\/b><\/p>\n<p>Les travaux des nouvelles Halles Mazerat, \u00e0 Saint-\u00c9tienne,&#8230;<\/p>\n<p><\/p>\n","protected":false},"excerpt":{"rendered":"Avis aux barbes blanches : un P\u00e8re No\u00ebl est recherch\u00e9 par la Ville de Firminy (Loire) pour incarner&hellip;\n","protected":false},"author":2,"featured_media":453728,"comment_status":"","ping_status":"","sticky":false,"template":"","format":"standard","meta":{"footnotes":""},"categories":[9653],"tags":[57926,1111,11,2430,1777,674,10282,1011,27,3367,12,57925,25,4001],"class_list":{"0":"post-453727","1":"post","2":"type-post","3":"status-publish","4":"format-standard","5":"has-post-thumbnail","7":"category-saint-etienne","8":"tag-25-dcembre","9":"tag-actu","10":"tag-actualites","11":"tag-auvergne-rhone-alpes","12":"tag-eu","13":"tag-europe","14":"tag-firminy","15":"tag-fr","16":"tag-france","17":"tag-loire","18":"tag-news","19":"tag-pre-nol","20":"tag-republique-francaise","21":"tag-saint-etienne"},"share_on_mastodon":{"url":"https:\/\/pubeurope.com\/@fr\/115352584409908322","error":""},"_links":{"self":[{"href":"https:\/\/www.europesays.com\/fr\/wp-json\/wp\/v2\/posts\/453727","targetHints":{"allow":["GET"]}}],"collection":[{"href":"https:\/\/www.europesays.com\/fr\/wp-json\/wp\/v2\/posts"}],"about":[{"href":"https:\/\/www.europesays.com\/fr\/wp-json\/wp\/v2\/types\/post"}],"author":[{"embeddable":true,"href":"https:\/\/www.europesays.com\/fr\/wp-json\/wp\/v2\/users\/2"}],"replies":[{"embeddable":true,"href":"https:\/\/www.europesays.com\/fr\/wp-json\/wp\/v2\/comments?post=453727"}],"version-history":[{"count":0,"href":"https:\/\/www.europesays.com\/fr\/wp-json\/wp\/v2\/posts\/453727\/revisions"}],"wp:featuredmedia":[{"embeddable":true,"href":"https:\/\/www.europesays.com\/fr\/wp-json\/wp\/v2\/media\/453728"}],"wp:attachment":[{"href":"https:\/\/www.europesays.com\/fr\/wp-json\/wp\/v2\/media?parent=453727"}],"wp:term":[{"taxonomy":"category","embeddable":true,"href":"https:\/\/www.europesays.com\/fr\/wp-json\/wp\/v2\/categories?post=453727"},{"taxonomy":"post_tag","embeddable":true,"href":"https:\/\/www.europesays.com\/fr\/wp-json\/wp\/v2\/tags?post=453727"}],"curies":[{"name":"wp","href":"https:\/\/api.w.org\/{rel}","templated":true}]}}