{"id":453739,"date":"2025-10-11T00:04:15","date_gmt":"2025-10-11T00:04:15","guid":{"rendered":"https:\/\/www.europesays.com\/fr\/453739\/"},"modified":"2025-10-11T00:04:15","modified_gmt":"2025-10-11T00:04:15","slug":"previsions-du-samedi-11-octobre-2025-3","status":"publish","type":"post","link":"https:\/\/www.europesays.com\/fr\/453739\/","title":{"rendered":"pr\u00e9visions du samedi 11 octobre 2025"},"content":{"rendered":"<p class=\"mb-4 text-lg md:leading-8 break-words\"><strong>M\u00e9t\u00e9o &#8211; Cette journ\u00e9e sera synonyme de beau soleil. Les temp\u00e9ratures seront de 19\u00b0C la matin\u00e9e et de 23\u00b0C l&rsquo;apr\u00e8s-midi&#8230;<\/strong><\/p>\n<p class=\"mb-4 text-lg md:leading-8 break-words\">Aujourd&rsquo;hui, un grand soleil rayonnera sur Montpellier. Les temp\u00e9ratures tourneront autour des 19\u00b0C. Une brise de nord-est soufflera doucement dans la matin\u00e9e. Les temp\u00e9ratures vont conna\u00eetre une hausse de quelques degr\u00e9s pendant l&rsquo;apr\u00e8s-midi. Les valeurs afficheront entre 19 et 24\u00b0C. Le ciel va quelque peu se d\u00e9gager dans la soir\u00e9e avec des \u00e9claircies. On anticipe des valeurs d&rsquo;environ 18\u00b0C. On attend une nuit avec un ciel relativement clair.<\/p>\n<p class=\"mb-4 text-lg md:leading-8 break-words\">Demain, le soleil va progressivement supplanter les nuages \u00e0 Montpellier. Les temp\u00e9ratures s&rsquo;\u00e9chelonneront entre 15 et 23\u00b0C. Le matin, un l\u00e9ger vent de nord-est sera ressenti par les habitants. Les valeurs iront de 18 \u00e0 23\u00b0C sur l&rsquo;ensemble de l&rsquo;apr\u00e8s-midi. Demain soir, le vent va peu \u00e0 peu \u00e9loigner la grisaille. Les temp\u00e9ratures avoisineront les 17\u00b0C. Un vent de sud-ouest rafra\u00eechira l\u00e9g\u00e8rement l&rsquo;atmosph\u00e8re.<\/p>\n<p class=\"mb-4 text-lg md:leading-8 break-words\">Le temps restera stable les jours \u00e0 venir. Un ciel ensoleill\u00e9, pour des temp\u00e9ratures de 19\u00b0C en moyenne, est \u00e0 pr\u00e9voir.<\/p>\n<p class=\"mb-4 text-lg md:leading-8 break-words\"><a href=\"https:\/\/www.20minutes.fr\/planete\/previsions-meteo\/4178638-20251011-meteo-montpellier-previsions-samedi-11-octobre-2025?at_medium=RSS%20feed&amp;at_campaign=ynews&amp;utm_source=yahoo&amp;utm_medium=rss&amp;utm_campaign=news_feed&amp;utm_content=read_more_link&quot;\" rel=\"nofollow noopener\" target=\"_blank\" data-ylk=\"slk:Lire la suite sur 20minutes;elm:context_link;itc:0;sec:content-canvas\" class=\"link \">Lire la suite sur 20minutes<\/a><\/p>\n","protected":false},"excerpt":{"rendered":"M\u00e9t\u00e9o &#8211; Cette journ\u00e9e sera synonyme de beau soleil. Les temp\u00e9ratures seront de 19\u00b0C la matin\u00e9e et de&hellip;\n","protected":false},"author":2,"featured_media":453740,"comment_status":"","ping_status":"","sticky":false,"template":"","format":"standard","meta":{"footnotes":""},"categories":[9599],"tags":[1111,11,1777,674,1011,27,51394,44166,6172,2487,2208,12,2680,25],"class_list":{"0":"post-453739","1":"post","2":"type-post","3":"status-publish","4":"format-standard","5":"has-post-thumbnail","7":"category-montpellier","8":"tag-actu","9":"tag-actualites","10":"tag-eu","11":"tag-europe","12":"tag-fr","13":"tag-france","14":"tag-la-matinee","15":"tag-le-matin","16":"tag-le-soleil","17":"tag-meteo","18":"tag-montpellier","19":"tag-news","20":"tag-occitanie","21":"tag-republique-francaise"},"share_on_mastodon":{"url":"https:\/\/pubeurope.com\/@fr\/115352611265270390","error":""},"_links":{"self":[{"href":"https:\/\/www.europesays.com\/fr\/wp-json\/wp\/v2\/posts\/453739","targetHints":{"allow":["GET"]}}],"collection":[{"href":"https:\/\/www.europesays.com\/fr\/wp-json\/wp\/v2\/posts"}],"about":[{"href":"https:\/\/www.europesays.com\/fr\/wp-json\/wp\/v2\/types\/post"}],"author":[{"embeddable":true,"href":"https:\/\/www.europesays.com\/fr\/wp-json\/wp\/v2\/users\/2"}],"replies":[{"embeddable":true,"href":"https:\/\/www.europesays.com\/fr\/wp-json\/wp\/v2\/comments?post=453739"}],"version-history":[{"count":0,"href":"https:\/\/www.europesays.com\/fr\/wp-json\/wp\/v2\/posts\/453739\/revisions"}],"wp:featuredmedia":[{"embeddable":true,"href":"https:\/\/www.europesays.com\/fr\/wp-json\/wp\/v2\/media\/453740"}],"wp:attachment":[{"href":"https:\/\/www.europesays.com\/fr\/wp-json\/wp\/v2\/media?parent=453739"}],"wp:term":[{"taxonomy":"category","embeddable":true,"href":"https:\/\/www.europesays.com\/fr\/wp-json\/wp\/v2\/categories?post=453739"},{"taxonomy":"post_tag","embeddable":true,"href":"https:\/\/www.europesays.com\/fr\/wp-json\/wp\/v2\/tags?post=453739"}],"curies":[{"name":"wp","href":"https:\/\/api.w.org\/{rel}","templated":true}]}}