{"id":453745,"date":"2025-10-11T00:09:22","date_gmt":"2025-10-11T00:09:22","guid":{"rendered":"https:\/\/www.europesays.com\/fr\/453745\/"},"modified":"2025-10-11T00:09:22","modified_gmt":"2025-10-11T00:09:22","slug":"les-6-infos-rugby-quil-ne-fallait-pas-louper-aujourdhui-3","status":"publish","type":"post","link":"https:\/\/www.europesays.com\/fr\/453745\/","title":{"rendered":"Les 6 infos rugby qu&rsquo;il ne fallait pas louper aujourd&rsquo;hui"},"content":{"rendered":"<p>            Par<br \/>\n        <strong><br \/>\n            <a href=\"https:\/\/actu.fr\/auteur\/emilie-dudonfournier\" title=\"Consulter tous les articles de Emilie Dudon-Fournier\" target=\"_blank\" rel=\"noopener\">Emilie Dudon-Fournier<\/a><br \/>\n        <\/strong><\/p>\n<p>        Publi\u00e9 le<\/p>\n<p>            10 oct. 2025 \u00e0 15h22        <\/p>\n<p>Il se passe toujours quelque chose, quelque part, sur la plan\u00e8te rugby.\u00a0<a href=\"https:\/\/actu.fr\/rugby\/\" target=\"_blank\" rel=\"noopener\">Actu Rugby<\/a> vous \u00e9vite de passer des heures \u00e0 scroller sur tous les sites pour \u00eatre au parfum de toutes les infos \u00e0 retenir de ce vendredi 10 octobre. C\u2019est parti\u2009!<\/p>\n<p>Grenoble : Jeff Dubois nouvel entra\u00eeneur<\/p>\n<p class=\" wall-content\">Comme annonc\u00e9 dans la presse ces derniers jours, c\u2019est bien Jeff Dubois qui a \u00e9t\u00e9 nomm\u00e9 nouveau coach de Grenoble. Le FCG a annonc\u00e9 l\u2019arriv\u00e9e de l\u2019ancien coach de Dax, Bayonne, Montauban, Paris, Massy et du XV de France \u00e0 l\u2019occasion d\u2019une conf\u00e9rence de presse ce vendredi apr\u00e8s-midi. Il s\u2019est engag\u00e9 comme entra\u00eeneur en chef jusqu\u2019en 2028.<\/p>\n<p class=\" wall-content\">Il succ\u00e8de \u00e0 Nicolas Nadau, licenci\u00e9 apr\u00e8s ses propos \u00e0 l\u2019encontre du m\u00e9decin de match et de Aubin Hueber lors du d\u00e9placement \u00e0 Brive le 26 septembre dernier.<\/p>\n<p class=\" wall-content\">\n<p>Grenoble (2) : Le Bayonnais Nadir Megdoud en joker<\/p>\n<p class=\" wall-content\">Selon Le Dauphin\u00e9 Lib\u00e9r\u00e9, l\u2019ailier Nadir Megdoud quitte Bayonne et va se relancer \u00e0 Grenoble, qui \u00e9tait en recherche d\u2019un joker m\u00e9dical \u00e0 son poste apr\u00e8s la blessure \u00e0 un genou de Gerswin Mouton. Peu utilis\u00e9 par le club basque (1 match cette saison, \u00e0 Castres), le joueur de 28 ans a d\u00e9j\u00e0 jou\u00e9 en Pro D2, \u00e0 Rouen en 2021-2022.\u00a0<\/p>\n<p>Toulon : Baptiste Serin choisit de rester<\/p>\n<p class=\" wall-content\">Le demi de m\u00eal\u00e9e international Baptiste Serin a d\u00e9cid\u00e9 de rester \u00e0 Toulon. Selon l\u2018\u00c9quipe, le joueur (31 ans, 46 s\u00e9lections) se serait engag\u00e9 pour les deux prochaines saisons avec le club varois, qu\u2019il avait rejoint en 2019.<\/p>\n<p>Perpignan : Sanction modifi\u00e9e apr\u00e8s les incidents contre Grenoble<\/p>\n<p class=\" wall-content\">La commission d\u2019appel de la FFR a rendu sa d\u00e9cision apr\u00e8s l\u2019appel effectu\u00e9 par Perpignan concernant les sanctions inflig\u00e9es en rapport aux incidents de l\u2019access-match \u00e0 Grenoble en juin dernier. En premi\u00e8re instance, la commission de discipline de la LNR avait inflig\u00e9 \u00e0 l\u2019Usap une amende de 25 000 euros et d\u2019une suspension du stade Aim\u00e9-Giral avec sursis. La commission d\u2019appel de la F\u00e9d\u00e9ration a finalement lev\u00e9 la suspension de stade avec sursis\u00a0 tout en augmentant l\u2019amende de 5 000 euros, la portant \u00e0 30 000 euros.\u00a0<\/p>\n<p>Votre r\u00e9gion, votre actu !<\/p>\n<p>Recevez chaque jour les infos qui comptent pour vous.<\/p>\n<p>\t<a href=\"https:\/\/actu.fr\/newsletter\" class=\"ac-btn ac-btn--corner ac-btn--medium ac-btn--blue800\" target=\"_blank\" rel=\"noopener\">S&rsquo;incrire<\/a><\/p>\n<p class=\" wall-content\">Pour rappel, le club de Perpignan reste toutefois contraint \u00e0 une suspension de match et une d\u00e9localisation en raison des incidents survenus en tribunes lors du match contre le Racing 92 \u00e0 la mi-septembre.<\/p>\n<p>Stade fran\u00e7ais : Coup dur pour Zack Henry\u00a0<\/p>\n<p class=\" wall-content\">Le demi d\u2019ouverture du Stade fran\u00e7ais Zack Henry souffre d\u2019une entorse du ligament lat\u00e9ral interne d\u2019un genou et sera \u00e9loign\u00e9 des terrains pendant deux \u00e0 trois mois. L\u2019Anglais s\u2019est bless\u00e9 lors de la victoire \u00e0 Perpignan samedi dernier (11-28), durant laquelle il \u00e9tait titulaire.\u00a0<\/p>\n<p class=\" wall-content\"><a href=\"https:\/\/www.instagram.com\/reel\/DPjmDIsDGUf\/embed\" title=\"Ouvrir le lien sur Instagram\" target=\"_blank\" rel=\"noopener\">Visualiser le contenu sur Instagram<\/a><\/p>\n<p>Bayonne : Cheikh Tiberghien reste<\/p>\n<p class=\" wall-content\">L\u2019arri\u00e8re de Bayonne Cheikh Tiberghien reste au Pays basque. Le joueur de 25 ans, qui \u00e9tait en fin de contrat en juin prochain, s\u2019est engag\u00e9 pour deux saisons suppl\u00e9mentaires, soit jusqu\u2019en 2028. Il a disput\u00e9 les 5 premi\u00e8res journ\u00e9es du championnat, dont 4 comme titulaire. L\u2019an pass\u00e9, il avait \u00e9t\u00e9 utilis\u00e9 \u00e0 26 reprises.<\/p>\n<p class=\" wall-content\">\n<p class=\" wall-content\">Personnalisez votre actualit\u00e9 en ajoutant vos villes et m\u00e9dias en favori avec <a href=\"https:\/\/moncompte.actu.fr\" title=\"D\u00e9couvez Mon Actu\" rel=\"nofollow noopener\" data-trk=\"{&quot;cta&quot;:{&quot;action&quot;:&quot;https:\\\/\\\/moncompte.actu.fr&quot;,&quot;category&quot;:&quot;mon compte&quot;,&quot;from&quot;:&quot;article footer&quot;,&quot;name&quot;:&quot;Mon actu&quot;,&quot;type&quot;:&quot;cta&quot;}}\" target=\"_blank\">Mon Actu<\/a>.<\/p>\n<p>                    <script async src=\"\/\/www.instagram.com\/embed.js\"><\/script><\/p>\n","protected":false},"excerpt":{"rendered":"Par Emilie Dudon-Fournier Publi\u00e9 le 10 oct. 2025 \u00e0 15h22 Il se passe toujours quelque chose, quelque part,&hellip;\n","protected":false},"author":2,"featured_media":452610,"comment_status":"","ping_status":"","sticky":false,"template":"","format":"standard","meta":{"footnotes":""},"categories":[9566],"tags":[1111,11,2430,1777,674,26025,1011,27,2731,12,2308,6717,25,479,60,478],"class_list":{"0":"post-453745","1":"post","2":"type-post","3":"status-publish","4":"format-standard","5":"has-post-thumbnail","7":"category-grenoble","8":"tag-actu","9":"tag-actualites","10":"tag-auvergne-rhone-alpes","11":"tag-eu","12":"tag-europe","13":"tag-fc-grenoble-rugby","14":"tag-fr","15":"tag-france","16":"tag-grenoble","17":"tag-news","18":"tag-pro-d2","19":"tag-rct-rugby-club-toulonnais","20":"tag-republique-francaise","21":"tag-rugby","22":"tag-sports","23":"tag-top-14"},"share_on_mastodon":{"url":"https:\/\/pubeurope.com\/@fr\/115352633751920343","error":""},"_links":{"self":[{"href":"https:\/\/www.europesays.com\/fr\/wp-json\/wp\/v2\/posts\/453745","targetHints":{"allow":["GET"]}}],"collection":[{"href":"https:\/\/www.europesays.com\/fr\/wp-json\/wp\/v2\/posts"}],"about":[{"href":"https:\/\/www.europesays.com\/fr\/wp-json\/wp\/v2\/types\/post"}],"author":[{"embeddable":true,"href":"https:\/\/www.europesays.com\/fr\/wp-json\/wp\/v2\/users\/2"}],"replies":[{"embeddable":true,"href":"https:\/\/www.europesays.com\/fr\/wp-json\/wp\/v2\/comments?post=453745"}],"version-history":[{"count":0,"href":"https:\/\/www.europesays.com\/fr\/wp-json\/wp\/v2\/posts\/453745\/revisions"}],"wp:featuredmedia":[{"embeddable":true,"href":"https:\/\/www.europesays.com\/fr\/wp-json\/wp\/v2\/media\/452610"}],"wp:attachment":[{"href":"https:\/\/www.europesays.com\/fr\/wp-json\/wp\/v2\/media?parent=453745"}],"wp:term":[{"taxonomy":"category","embeddable":true,"href":"https:\/\/www.europesays.com\/fr\/wp-json\/wp\/v2\/categories?post=453745"},{"taxonomy":"post_tag","embeddable":true,"href":"https:\/\/www.europesays.com\/fr\/wp-json\/wp\/v2\/tags?post=453745"}],"curies":[{"name":"wp","href":"https:\/\/api.w.org\/{rel}","templated":true}]}}