{"id":453746,"date":"2025-10-11T00:10:27","date_gmt":"2025-10-11T00:10:27","guid":{"rendered":"https:\/\/www.europesays.com\/fr\/453746\/"},"modified":"2025-10-11T00:10:27","modified_gmt":"2025-10-11T00:10:27","slug":"lagenda-culturel-dans-louest-du-11-au-25-octobre","status":"publish","type":"post","link":"https:\/\/www.europesays.com\/fr\/453746\/","title":{"rendered":"L\u2019agenda culturel dans l\u2019Ouest du 11 au 25\u00a0octobre"},"content":{"rendered":"<p>En famille<\/p>\n<p>Ce sont bient\u00f4t les vacances et les id\u00e9es de <a href=\"https:\/\/rennes.maville.com\/actu\/actudet_-neuf-idees-d-excursion-pour-toute-la-famille-au-depart-de-rennes-_7-6927732_actu.Htm\" target=\"_self\" rel=\"noopener\">sorties en famille<\/a> sont nombreuses. C\u2019est le cas du 15 au 22\u00a0octobre, avec M\u00f4mes d\u2019automne dans la Communaut\u00e9 de communes <a href=\"https:\/\/rennes.maville.com\/bretagne\/ille-et-vilaine\/saint-meen-le-grand\/\" target=\"_self\" rel=\"noopener\">Saint-M\u00e9en-Montauban (Ille-et-Vilaine),<\/a> qui propose des spectacles jeune public, cin\u00e9-concert, danse, atelier\u2026, parfois accessibles d\u00e8s la naissance, pour un prix unique de 2\u20ac\u00a0: de quoi ravir les petits pendant la premi\u00e8re semaine des vacances scolaires.<\/p>\n<p>Lire aussi\u00a0: <a href=\"https:\/\/rennes.maville.com\/actu\/actudet_-un-festival-pour-enfants-du-15-au-22-octobre-autour-de-montauban-de-bretagne-au-prix-unique-de-2-e-_7-6984872_actu.Htm\" target=\"_self\" rel=\"noopener\">Le festival M\u00f4mes d\u2019automne revient pour sa 18e \u00e9dition<\/a> <\/p>\n<p>Du c\u00f4t\u00e9 de<a href=\"https:\/\/alencon.maville.com\/normandie\/orne\/flers\/\" target=\"_self\" rel=\"noopener\"> Flers (Orne),<\/a> c\u2019est Vibra\u2019M\u00f4mes qui \u00e9gayent les vacances d\u2019automne des petits avec des spectacles, concerts et ateliers du 15 au 19\u00a0octobre avec un tarif unique \u00e0 4\u20ac.<\/p>\n<p>\u00c0 <a href=\"https:\/\/pontivy.maville.com\/info\/info-locale\/\" target=\"_self\" rel=\"noopener\">Pontivy<\/a> communaut\u00e9 (Morbihan), le Festival des familles programme des ateliers, des heures du conte, mais aussi expositions, cin\u00e9-rencontre ou encore une Chasse aux sorci\u00e8res du 13 au 25\u00a0octobre.<\/p>\n<p>Expositions<\/p>\n<p>\u00c0 <a href=\"https:\/\/rennes.maville.com\/actu\/actudet_-a-rennes-l-espace-des-sciences-fete-son-40e-anniversaire-_7-6228246_actu.Htm\" target=\"_self\" rel=\"noopener\">l\u2019Espace des sciences des Champs libres \u00e0 Rennes<\/a> (Ille-et-Vilaine), venez en famille d\u00e9couvrir l\u2019exposition \u00e0 la fois scientifique et ludique, Quand la Terre tremble, visible jusqu\u2019au 8\u00a0mars, avec le mercredi 22\u00a0octobre une Chouette conf\u00e9rence \u00e0 partir de 7\u00a0ans sur les tremblements de terre avec le sismologue, Pascal Bernard.<\/p>\n<p>Pour la 3e \u00e9dition de Wave \u00e0 <a href=\"https:\/\/nantes.maville.com\/info\/info-locale\/\" target=\"_self\" rel=\"noopener\">Nantes (Loire-Atlantique)<\/a> et sa m\u00e9tropole, la Biennale des arts visuels multiplie les d\u00e9couvertes avec 392\u00a0artistes dans 59\u00a0lieux jusqu\u2019au 31\u00a0octobre. Pour vous guider, le collectif Les T\u00eates Renversantes propose dix circuits (huit g\u00e9ographiques et deux th\u00e9matiques) \u00e0 faire en autonomie ou en r\u00e9servant gratuitement un temps de m\u00e9diation organis\u00e9.<\/p>\n<p>Patrimoine industriel<\/p>\n<p>\u00c0 l\u2019occasion d\u2019Industrielle attitude, les entreprises de<a href=\"https:\/\/laval.maville.com\/info\/info-locale\/\" target=\"_self\" rel=\"noopener\"> Laval (Mayenne)<\/a> et des environs ouvrent leurs portes pour des visites guid\u00e9es jusqu\u2019au 25\u00a0octobre, parmi lesquelles la Chocolaterie BIM, la fromagerie Lait bio du Maine ou encore l\u2019\u00e9levage et la production de Mohair du Maine. Les visites s\u2019adressent aux curieux et peut-\u00eatre un peu plus pour les demandeurs d\u2019emploi, personnes en formation, coll\u00e9gien et lyc\u00e9ens\u2026 car pour eux, c\u2019est gratuit\u00a0!<\/p>\n<p>Lire aussi\u00a0: <a href=\"https:\/\/laval.maville.com\/actu\/actudet_-la-chocolaterie-bim-fait-rayonner-le-cacao-dans-la-cite-de-sainte-suzanne-et-chammes-_11-6543109_actu.Htm\" target=\"_self\" rel=\"noopener\">La chocolaterie BIM fait rayonner le cacao dans la cit\u00e9 de Sainte-Suzanne-et-Chammes<\/a> <\/p>\n<p>\t<img decoding=\"async\" src=\"https:\/\/www.europesays.com\/fr\/wp-content\/uploads\/2025\/10\/P35514285D7014532G_px_640_.jpg\" alt=\"photo l\u2019atlantique jazz festival aura lieu du 15 au 19\u00a0octobre.  \u00a9  dominique cresson, archives ouest-france\" width=\"640\" title=\" L\u2019Atlantique Jazz festival aura lieu du 15 au 19\u00a0octobre.   Dominique Cresson, archives Ouest-France \"\/><\/p>\n<p class=\"elmt-legende\"> L\u2019Atlantique Jazz festival aura lieu du 15 au 19\u00a0octobre.   Dominique Cresson, archives Ouest-France <\/p>\n<p>Concerts<\/p>\n<p>Apr\u00e8s l\u2019Atlantique Jazz Tour qui f\u00eate les 20\u00a0ans du Jacky Molard quartet, le 11 \u00e0 <a href=\"https:\/\/lannion-perros.maville.com\/bretagne\/cotes-d-armor\/tredrez-locquemeau\/\" target=\"_self\" rel=\"noopener\">Tr\u00e9dez-Locqu\u00e9meau (C\u00f4tes d\u2019Armor)<\/a> le 12 \u00e0 <a href=\"https:\/\/redon.maville.com\/bretagne\/ille-et-vilaine\/pipriac\/\" target=\"_self\" rel=\"noopener\">Pipriac (Ille-et-Vilaine),<\/a> l\u2019Atlantique Jazz Festival donne une douzaine de spectacles \u00e0 Brest (Finist\u00e8re), du 15 au 19\u00a0octobre, avec plusieurs rendez-vous atypiques et gratuits.<\/p>\n<p>Les 17 et 18\u00a0octobre, rendez-vous au Fort de Tourneville au <a href=\"https:\/\/www.ouest-france.fr\/normandie\/le-havre-76600\/\" target=\"_self\" rel=\"noopener\">Havre (Seine-Martime)<\/a> pour le festival Ouest Park avec notamment l\u2019\u00e9nergie de la musique de Deluxe, les ritournelles absurdes de Roland Cristal et la pr\u00e9sence de l\u2019autre star issue de la sc\u00e8ne caennaise, Jyeuhair.<\/p>\n<p>Du 8 au 18\u00a0octobre, place \u00e0 NDK festival \u00e0<a href=\"https:\/\/caen.maville.com\/info\/info-locale\/\" target=\"_self\" rel=\"noopener\"> Caen (Calvados)<\/a> pour les amateurs de musique \u00e9lectronique avec des concerts, deux nuits de danse au Carg\u00f6, un programme pour les petits et des rendez-vous gratuits.<\/p>\n<p>Si vous \u00eates plut\u00f4t musique traditionnelle, rendez-vous dans le pays de<a href=\"https:\/\/quimper.maville.com\/bretagne\/finistere\/douarnenez\/\" target=\"_self\" rel=\"noopener\"> Douarnenez (Finist\u00e8re)<\/a> pour le Dispar Amzer, le festival de danse et culture bretonnes jusqu\u2019au 22\u00a0octobre.<\/p>\n<p>\t<img decoding=\"async\" src=\"https:\/\/www.europesays.com\/fr\/wp-content\/uploads\/2025\/10\/P35514286D7014532G_px_640_.jpg\" alt=\"photo thomas pesquet rencontrera ses lecteurs aux franciscaines de deauville.  \u00a9  franck dubray, archives ouest-france\" width=\"640\" title=\" Thomas Pesquet rencontrera ses lecteurs aux Franciscaines de Deauville.   Franck Dubray, Archives Ouest-France \"\/><\/p>\n<p class=\"elmt-legende\"> Thomas Pesquet rencontrera ses lecteurs aux Franciscaines de Deauville.   Franck Dubray, Archives Ouest-France <\/p>\n<p>Livres<\/p>\n<p>Les 18 et 19\u00a0octobre aux Franciscaines de<a href=\"https:\/\/trouville-deauville.maville.com\/info\/info-locale\/\" target=\"_self\" rel=\"noopener\"> Deauville (Calvados),<\/a> les \u00e9ditions Flammarion c\u00e9l\u00e8brent les 150\u00a0ans lors d\u2019un Fameux Festival. Au programme des rencontres et des ateliers gratuits sur inscription avec de nombreux auteurs invit\u00e9s parmi lesquels\u00a0: l\u2019\u00e9crivaine normande Alice Zeniter, la top model Estelle Lefebure pour parler bien-\u00eatre ou encore l\u2019astronaute Thomas Pesquet.<\/p>\n<p>Cin\u00e9ma<\/p>\n<p>Le 16e Festival du film international de <a href=\"https:\/\/www.ouest-france.fr\/pays-de-la-loire\/la-roche-sur-yon-85000\/\" target=\"_self\" rel=\"noopener\">La Roche-sur-Yon (Vend\u00e9e)<\/a> du 13 au 19\u00a0octobre propose une semaine intense ! Au total, 115\u00a0projections, essentiellement des premi\u00e8res et avant-premi\u00e8res, avec une invit\u00e9e d\u2019honneur ; Camille Cottin. L\u2019artiste se d\u00e9place pour la projection de six\u00a0des \u0153uvres de sa filmographie. Au programme \u00e9galement, un focus sur la r\u00e9alisatrice et sc\u00e9nariste canadienne Chlo\u00e9 Robichaud, avec la premi\u00e8re fran\u00e7aise de sa com\u00e9die, Deux femmes en or.<\/p>\n<p>Il est temps de r\u00e9server pour\u2026<\/p>\n<p>La tourn\u00e9e 2026 d\u2019<a href=\"https:\/\/www.ouest-france.fr\/culture\/musiques\/orelsan\/\" target=\"_self\" rel=\"noopener\">Orelsan<\/a> qui d\u00e9butera le 16\u00a0janvier par Caen, et passera par Nantes et Rouen pour un final \u00e0 Paris du 9 au 20\u00a0d\u00e9cembre 2026.<\/p>\n<p><a href=\"https:\/\/rennes.maville.com\/actu\/actudet_-vu.-l-humoriste-nora-hamzawi-ausculte-son-couple-sur-la-scene-du-liberte-a-rennes-_52674-6629077_actu.Htm\" target=\"_self\" rel=\"noopener\">Nora Hamzawi<\/a> qui passera par Brest et Lorient en janvier, et Nantes, Rennes et Angers en avril\u00a02026.<\/p>\n<p>Si les premi\u00e8res dates fran\u00e7aises de <a href=\"https:\/\/rennes.maville.com\/actu\/actudet_-rencontre.-avec-son-album-sains-et-saufs-zaz-se-revele-comme-jamais-_54135-6996574_actu.Htm\" target=\"_self\" rel=\"noopener\">Zaz<\/a> affichent souvent complet, la chanteuse passera par l\u2019ouest pendant sa tourn\u00e9e internationale en avril\u00a02026\u00a0: le 7 \u00e0 Rennes, le 8 \u00e0 Nantes et le 9 \u00e0 Rouen.<\/p>\n<p>\u00a0<\/p>\n","protected":false},"excerpt":{"rendered":"En famille Ce sont bient\u00f4t les vacances et les id\u00e9es de sorties en famille sont nombreuses. C\u2019est le&hellip;\n","protected":false},"author":2,"featured_media":453747,"comment_status":"","ping_status":"","sticky":false,"template":"","format":"standard","meta":{"footnotes":""},"categories":[2821],"tags":[7560,13204,1111,11,4763,829,7019,1777,674,1011,27,12,7518,9144,584,25],"class_list":{"0":"post-453746","1":"post","2":"type-post","3":"status-publish","4":"format-standard","5":"has-post-thumbnail","7":"category-rennes","8":"tag-7560","9":"tag-13204","10":"tag-actu","11":"tag-actualites","12":"tag-agenda","13":"tag-bretagne","14":"tag-culturel","15":"tag-eu","16":"tag-europe","17":"tag-fr","18":"tag-france","19":"tag-news","20":"tag-octobre","21":"tag-ouest","22":"tag-rennes","23":"tag-republique-francaise"},"share_on_mastodon":{"url":"https:\/\/pubeurope.com\/@fr\/115352635596115722","error":""},"_links":{"self":[{"href":"https:\/\/www.europesays.com\/fr\/wp-json\/wp\/v2\/posts\/453746","targetHints":{"allow":["GET"]}}],"collection":[{"href":"https:\/\/www.europesays.com\/fr\/wp-json\/wp\/v2\/posts"}],"about":[{"href":"https:\/\/www.europesays.com\/fr\/wp-json\/wp\/v2\/types\/post"}],"author":[{"embeddable":true,"href":"https:\/\/www.europesays.com\/fr\/wp-json\/wp\/v2\/users\/2"}],"replies":[{"embeddable":true,"href":"https:\/\/www.europesays.com\/fr\/wp-json\/wp\/v2\/comments?post=453746"}],"version-history":[{"count":0,"href":"https:\/\/www.europesays.com\/fr\/wp-json\/wp\/v2\/posts\/453746\/revisions"}],"wp:featuredmedia":[{"embeddable":true,"href":"https:\/\/www.europesays.com\/fr\/wp-json\/wp\/v2\/media\/453747"}],"wp:attachment":[{"href":"https:\/\/www.europesays.com\/fr\/wp-json\/wp\/v2\/media?parent=453746"}],"wp:term":[{"taxonomy":"category","embeddable":true,"href":"https:\/\/www.europesays.com\/fr\/wp-json\/wp\/v2\/categories?post=453746"},{"taxonomy":"post_tag","embeddable":true,"href":"https:\/\/www.europesays.com\/fr\/wp-json\/wp\/v2\/tags?post=453746"}],"curies":[{"name":"wp","href":"https:\/\/api.w.org\/{rel}","templated":true}]}}