{"id":453748,"date":"2025-10-11T00:11:11","date_gmt":"2025-10-11T00:11:11","guid":{"rendered":"https:\/\/www.europesays.com\/fr\/453748\/"},"modified":"2025-10-11T00:11:11","modified_gmt":"2025-10-11T00:11:11","slug":"previsions-du-samedi-11-octobre-2025-4","status":"publish","type":"post","link":"https:\/\/www.europesays.com\/fr\/453748\/","title":{"rendered":"pr\u00e9visions du samedi 11 octobre 2025"},"content":{"rendered":"<p class=\"mb-4 text-lg md:leading-8 break-words\"><strong>M\u00e9t\u00e9o &#8211; Aujourd&rsquo;hui, le vent va progressivement chasser la grisaille. Les temp\u00e9ratures seront de 14\u00b0C la matin\u00e9e et de 22\u00b0C l&rsquo;apr\u00e8s-midi&#8230;<\/strong><\/p>\n<p class=\"mb-4 text-lg md:leading-8 break-words\">Des \u00e9claircies sont attendues \u00e0 Rennes : on passera une journ\u00e9e cl\u00e9mente. Les temp\u00e9ratures seront de 16\u00b0C. Un vent de nord-est soufflera doucement. Le matin, le mercure affichera 14\u00b0C en moyenne. La m\u00e9t\u00e9o va se r\u00e9chauffer l&rsquo;apr\u00e8s-midi avec une hausse de plusieurs degr\u00e9s. Les temp\u00e9ratures afficheront entre 19 et 23\u00b0C. Le ciel va s&rsquo;\u00e9claircir dans la soir\u00e9e. Pendant que vous dormirez, dans la nuit de samedi \u00e0 dimanche, le ciel sera clair.<\/p>\n<p class=\"mb-4 text-lg md:leading-8 break-words\">Demain, un beau soleil brillera sur Rennes. Un temps plus chaud est attendu \u00e9tant donn\u00e9 que le mercure va conna\u00eetre une augmentation. Il va faire environ 17\u00b0C. Un vent de nord-est rafra\u00eechira l\u00e9g\u00e8rement l&rsquo;atmosph\u00e8re. Il fera 15\u00b0C en moyenne le matin. Demain apr\u00e8s-midi, c&rsquo;est une hausse de plusieurs degr\u00e9s que vont enregistrer les temp\u00e9ratures. Les valeurs s&rsquo;\u00e9chelonneront entre 20 et 24\u00b0C. On annonce une embellie pour cette soir\u00e9e.<\/p>\n<p class=\"mb-4 text-lg md:leading-8 break-words\">Peu de changements pour la suite. Il fera 17\u00b0C en moyenne pour des journ\u00e9es avec une m\u00e9t\u00e9o ensoleill\u00e9e.<\/p>\n<p class=\"mb-4 text-lg md:leading-8 break-words\"><a href=\"https:\/\/www.20minutes.fr\/planete\/previsions-meteo\/4178641-20251011-meteo-rennes-previsions-samedi-11-octobre-2025?at_medium=RSS%20feed&amp;at_campaign=ynews&amp;utm_source=yahoo&amp;utm_medium=rss&amp;utm_campaign=news_feed&amp;utm_content=read_more_link&quot;\" rel=\"nofollow noopener\" target=\"_blank\" data-ylk=\"slk:Lire la suite sur 20minutes;elm:context_link;itc:0;sec:content-canvas\" class=\"link \">Lire la suite sur 20minutes<\/a><\/p>\n","protected":false},"excerpt":{"rendered":"M\u00e9t\u00e9o &#8211; Aujourd&rsquo;hui, le vent va progressivement chasser la grisaille. Les temp\u00e9ratures seront de 14\u00b0C la matin\u00e9e et&hellip;\n","protected":false},"author":2,"featured_media":453749,"comment_status":"","ping_status":"","sticky":false,"template":"","format":"standard","meta":{"footnotes":""},"categories":[2821],"tags":[1111,11,829,1777,674,1011,27,56028,44166,2487,12,584,25],"class_list":{"0":"post-453748","1":"post","2":"type-post","3":"status-publish","4":"format-standard","5":"has-post-thumbnail","7":"category-rennes","8":"tag-actu","9":"tag-actualites","10":"tag-bretagne","11":"tag-eu","12":"tag-europe","13":"tag-fr","14":"tag-france","15":"tag-la-meteo","16":"tag-le-matin","17":"tag-meteo","18":"tag-news","19":"tag-rennes","20":"tag-republique-francaise"},"share_on_mastodon":{"url":"","error":""},"_links":{"self":[{"href":"https:\/\/www.europesays.com\/fr\/wp-json\/wp\/v2\/posts\/453748","targetHints":{"allow":["GET"]}}],"collection":[{"href":"https:\/\/www.europesays.com\/fr\/wp-json\/wp\/v2\/posts"}],"about":[{"href":"https:\/\/www.europesays.com\/fr\/wp-json\/wp\/v2\/types\/post"}],"author":[{"embeddable":true,"href":"https:\/\/www.europesays.com\/fr\/wp-json\/wp\/v2\/users\/2"}],"replies":[{"embeddable":true,"href":"https:\/\/www.europesays.com\/fr\/wp-json\/wp\/v2\/comments?post=453748"}],"version-history":[{"count":0,"href":"https:\/\/www.europesays.com\/fr\/wp-json\/wp\/v2\/posts\/453748\/revisions"}],"wp:featuredmedia":[{"embeddable":true,"href":"https:\/\/www.europesays.com\/fr\/wp-json\/wp\/v2\/media\/453749"}],"wp:attachment":[{"href":"https:\/\/www.europesays.com\/fr\/wp-json\/wp\/v2\/media?parent=453748"}],"wp:term":[{"taxonomy":"category","embeddable":true,"href":"https:\/\/www.europesays.com\/fr\/wp-json\/wp\/v2\/categories?post=453748"},{"taxonomy":"post_tag","embeddable":true,"href":"https:\/\/www.europesays.com\/fr\/wp-json\/wp\/v2\/tags?post=453748"}],"curies":[{"name":"wp","href":"https:\/\/api.w.org\/{rel}","templated":true}]}}