{"id":453758,"date":"2025-10-11T00:16:53","date_gmt":"2025-10-11T00:16:53","guid":{"rendered":"https:\/\/www.europesays.com\/fr\/453758\/"},"modified":"2025-10-11T00:16:53","modified_gmt":"2025-10-11T00:16:53","slug":"lhumoriste-nawell-madani-convoquee-pour-une-alternative-a-un-proces-apres-avoir-frappe-un","status":"publish","type":"post","link":"https:\/\/www.europesays.com\/fr\/453758\/","title":{"rendered":"L\u2019humoriste Nawell Madani convoqu\u00e9e pour une alternative \u00e0 un proc\u00e8s apr\u00e8s avoir frapp\u00e9 un"},"content":{"rendered":"<p>L\u2019humoriste <a href=\"https:\/\/rennes.maville.com\/actu\/actudet_--le-gamin-vole-et-s-ecrase-au-sol-nawell-madani-accusee-d-avoir-frappe-un-enfant-de-six-ans-_53511-7011232_actu.Htm\" target=\"_self\" rel=\"noopener\">Nawell Madani<\/a> est convoqu\u00e9e devant la justice en vue d\u2019une contribution citoyenne, soit une alternative \u00e0 un proc\u00e8s, <a href=\"https:\/\/rennes.maville.com\/actu\/actudet_--le-gamin-vole-et-s-ecrase-au-sol-nawell-madani-accusee-d-avoir-frappe-un-enfant-de-six-ans-_53511-7011232_actu.Htm\" target=\"_self\" rel=\"noopener\">apr\u00e8s un coup port\u00e9 \u00e0 un enfant dans la rue par mauvais \u00ab\u00a0r\u00e9flexe\u00a0\u00bb selon elle<\/a>, a indiqu\u00e9 vendredi le parquet de Paris, cit\u00e9 par l\u2019Agence France Presse (AFP).<\/p>\n<p>\u00ab\u00a0Cette affaire ne m\u00e9ritait pas de proc\u00e8s\u00a0\u00bb<\/p>\n<p>Nawell Madani est convoqu\u00e9e devant un d\u00e9l\u00e9gu\u00e9 du procureur en vue d\u2019une contribution citoyenne <strong>\u00ab\u00a0pour violences sur mineur de 15\u00a0ans ayant entra\u00een\u00e9 une incapacit\u00e9 de travail n\u2019exc\u00e9dant pas huit jours\u00a0\u00bb<\/strong>, a pr\u00e9cis\u00e9 la m\u00eame source.<\/p>\n<p>L\u2019enfant<strong> \u00ab\u00a0s\u2019est vu reconna\u00eetre une incapacit\u00e9 totale de travail de trois jours\u00a0\u00bb<\/strong>, stipule encore le parquet.<\/p>\n<p><strong>\u00ab\u00a0Cette affaire ne m\u00e9ritait pas de proc\u00e8s. Le parquet partage cette analyse puisque madame Madani est convoqu\u00e9e pour une mesure alternative qui permettra une r\u00e9paration proportionnelle aux faits\u00a0\u00bb<\/strong>, a comment\u00e9 vendredi pour l\u2019AFP l\u2019avocate de l\u2019humoriste, Me Caroline Toby.<\/p>\n<p>Au lieu de faire juger l\u2019auteur d\u2019une infraction par une juridiction p\u00e9nale, le minist\u00e8re public peut d\u00e9cider de mettre en place des mesures alternatives aux poursuites, comme demander de verser une contribution citoyenne aupr\u00e8s d\u2019une association d\u2019aide aux victimes.<\/p>\n<p>Le montant de cette contribution est fix\u00e9 par le procureur en fonction de la gravit\u00e9 des faits, des ressources et des charges de l\u2019auteur des faits. Le montant maximum est de 3\u00a0000\u00a0\u20ac.<\/p>\n<p>L\u2019humoriste s\u2019\u00e9tait pr\u00e9sent\u00e9e lundi \u00e0 la police apr\u00e8s avoir frapp\u00e9 un enfant, dans <strong>\u00ab\u00a0un r\u00e9flexe de d\u00e9fense face \u00e0 une situation\u00a0\u00bb<\/strong> per\u00e7ue <strong>\u00ab\u00a0comme dangereuse\u00a0\u00bb<\/strong>, avait fait part Me Toby \u00e0 l\u2019AFP.<\/p>\n<p>\u00ab\u00a0Un \u00e9norme coup au thorax\u00a0\u00bb<\/p>\n<p>Nawell Madani avait <strong>\u00ab\u00a0expliqu\u00e9 avoir \u00e9t\u00e9 approch\u00e9e par des enfants, avoir eu peur d\u2019un vol et avoir port\u00e9 un coup \u00e0 un enfant\u00a0\u00bb,<\/strong> pressentant <strong>\u00ab\u00a0qu\u2019une plainte serait s\u00fbrement d\u00e9pos\u00e9e en ce sens, ce qui a effectivement \u00e9t\u00e9 le cas par la suite\u00a0\u00bb<\/strong>, expliquait le minist\u00e8re public.<\/p>\n<p>L\u2019humoriste belgo-alg\u00e9rienne est <strong>\u00ab\u00a0profond\u00e9ment affect\u00e9e par ce qui s\u2019est pass\u00e9 et tient \u00e0 exprimer toute sa tristesse \u00e0 l\u2019\u00e9gard de l\u2019enfant et de sa famille\u00a0\u00bb<\/strong>, avait expos\u00e9 son avocate.<\/p>\n<p>Selon Le Parisien, l\u2019enfant \u00e2g\u00e9 de 6\u00a0ans, accompagn\u00e9 d\u2019adultes, voulait prendre une photo avec l\u2019humoriste, mais aurait re\u00e7u, d\u2019apr\u00e8s le t\u00e9moignage de son p\u00e8re, <strong>\u00ab\u00a0un \u00e9norme coup au thorax\u00a0\u00bb.<\/strong><\/p>\n<p>Nawell Madani, 45\u00a0ans, a fait partie du jury Miss France 2025 et a d\u00e9but\u00e9 au Jamel Comedy Club. Elle a aussi jou\u00e9 dans le succ\u00e8s Alibi.com, a r\u00e9alis\u00e9 le film C\u2019est tout pour moi et a sign\u00e9 une s\u00e9rie Netflix Jusqu\u2019ici tout va bien dans laquelle elle joue.<\/p>\n<p>\u00a0<\/p>\n","protected":false},"excerpt":{"rendered":"L\u2019humoriste Nawell Madani est convoqu\u00e9e devant la justice en vue d\u2019une contribution citoyenne, soit une alternative \u00e0 un&hellip;\n","protected":false},"author":2,"featured_media":453759,"comment_status":"","ping_status":"","sticky":false,"template":"","format":"standard","meta":{"footnotes":""},"categories":[2818],"tags":[1111,11,42910,17025,847,1777,674,1011,27,11731,2701,57929,766,57928,12,2636,2694,25],"class_list":{"0":"post-453758","1":"post","2":"type-post","3":"status-publish","4":"format-standard","5":"has-post-thumbnail","7":"category-nantes","8":"tag-actu","9":"tag-actualites","10":"tag-alternative","11":"tag-convoquee","12":"tag-enfant","13":"tag-eu","14":"tag-europe","15":"tag-fr","16":"tag-france","17":"tag-frappe","18":"tag-humoriste","19":"tag-madani","20":"tag-nantes","21":"tag-nawell","22":"tag-news","23":"tag-pays-de-la-loire","24":"tag-proces","25":"tag-republique-francaise"},"share_on_mastodon":{"url":"https:\/\/pubeurope.com\/@fr\/115352662408638148","error":""},"_links":{"self":[{"href":"https:\/\/www.europesays.com\/fr\/wp-json\/wp\/v2\/posts\/453758","targetHints":{"allow":["GET"]}}],"collection":[{"href":"https:\/\/www.europesays.com\/fr\/wp-json\/wp\/v2\/posts"}],"about":[{"href":"https:\/\/www.europesays.com\/fr\/wp-json\/wp\/v2\/types\/post"}],"author":[{"embeddable":true,"href":"https:\/\/www.europesays.com\/fr\/wp-json\/wp\/v2\/users\/2"}],"replies":[{"embeddable":true,"href":"https:\/\/www.europesays.com\/fr\/wp-json\/wp\/v2\/comments?post=453758"}],"version-history":[{"count":0,"href":"https:\/\/www.europesays.com\/fr\/wp-json\/wp\/v2\/posts\/453758\/revisions"}],"wp:featuredmedia":[{"embeddable":true,"href":"https:\/\/www.europesays.com\/fr\/wp-json\/wp\/v2\/media\/453759"}],"wp:attachment":[{"href":"https:\/\/www.europesays.com\/fr\/wp-json\/wp\/v2\/media?parent=453758"}],"wp:term":[{"taxonomy":"category","embeddable":true,"href":"https:\/\/www.europesays.com\/fr\/wp-json\/wp\/v2\/categories?post=453758"},{"taxonomy":"post_tag","embeddable":true,"href":"https:\/\/www.europesays.com\/fr\/wp-json\/wp\/v2\/tags?post=453758"}],"curies":[{"name":"wp","href":"https:\/\/api.w.org\/{rel}","templated":true}]}}