{"id":453768,"date":"2025-10-11T00:22:12","date_gmt":"2025-10-11T00:22:12","guid":{"rendered":"https:\/\/www.europesays.com\/fr\/453768\/"},"modified":"2025-10-11T00:22:12","modified_gmt":"2025-10-11T00:22:12","slug":"previsions-du-samedi-11-octobre-2025-7","status":"publish","type":"post","link":"https:\/\/www.europesays.com\/fr\/453768\/","title":{"rendered":"pr\u00e9visions du samedi 11 octobre 2025"},"content":{"rendered":"<p class=\"mb-4 text-lg md:leading-8 break-words\"><strong>M\u00e9t\u00e9o &#8211; Un splendide soleil va briller et ce, tout au long de la journ\u00e9e. Les temp\u00e9ratures seront de 17\u00b0C le matin et de 25\u00b0C l&rsquo;apr\u00e8s-midi&#8230;<\/strong><\/p>\n<p class=\"mb-4 text-lg md:leading-8 break-words\">C&rsquo;est une magnifique journ\u00e9e dont va b\u00e9n\u00e9ficier Toulouse, o\u00f9 le soleil va briller avec force. Les maximales iront jusqu&rsquo;\u00e0 26\u00b0C tandis que les minimales seront de 11\u00b0C. Dans la matin\u00e9e, les temp\u00e9ratures avoisineront les 17\u00b0C. Un vent d&rsquo;est rafra\u00eechira quelque peu l&rsquo;atmosph\u00e8re. Une m\u00e9t\u00e9o plus chaude est attendue l&rsquo;apr\u00e8s-midi puisque les temp\u00e9ratures vont enregistrer une augmentation. Les valeurs seront de 22\u00b0C au minimum et de 26\u00b0C au plus haut. On annonce une embellie pour cette soir\u00e9e. Il va faire 18\u00b0C en moyenne. On pr\u00e9voit une nuit avec un ciel relativement d\u00e9pourvu de nuages.<\/p>\n<p class=\"mb-4 text-lg md:leading-8 break-words\">Demain, un important soleil rayonnera sur Toulouse. On anticipe des temp\u00e9ratures d&rsquo;environ 19\u00b0C. Un modeste vent de sud-est sera ressenti par les habitants. Les valeurs tourneront autour des 18\u00b0C au cours de la matin\u00e9e. Demain apr\u00e8s-midi, c&rsquo;est une hausse de plusieurs degr\u00e9s que vont conna\u00eetre les temp\u00e9ratures. Ces valeurs seront comprises entre 22 et 26\u00b0C. Des \u00e9claircies feront leur apparition dans la soir\u00e9e.<\/p>\n<p class=\"mb-4 text-lg md:leading-8 break-words\">Les jours qui suivent s&rsquo;annoncent similaires. Il fera 19\u00b0C en moyenne pour des journ\u00e9es avec un temps ensoleill\u00e9.<\/p>\n<p class=\"mb-4 text-lg md:leading-8 break-words\"><a href=\"https:\/\/www.20minutes.fr\/planete\/previsions-meteo\/4178633-20251011-meteo-toulouse-previsions-samedi-11-octobre-2025?at_medium=RSS%20feed&amp;at_campaign=ynews&amp;utm_source=yahoo&amp;utm_medium=rss&amp;utm_campaign=news_feed&amp;utm_content=read_more_link&quot;\" rel=\"nofollow noopener\" target=\"_blank\" data-ylk=\"slk:Lire la suite sur 20minutes;elm:context_link;itc:0;sec:content-canvas\" class=\"link \">Lire la suite sur 20minutes<\/a><\/p>\n","protected":false},"excerpt":{"rendered":"M\u00e9t\u00e9o &#8211; Un splendide soleil va briller et ce, tout au long de la journ\u00e9e. Les temp\u00e9ratures seront&hellip;\n","protected":false},"author":2,"featured_media":453769,"comment_status":"","ping_status":"","sticky":false,"template":"","format":"standard","meta":{"footnotes":""},"categories":[2816],"tags":[1111,11,1777,674,1011,27,51394,2487,12,2680,25,2312,55606],"class_list":{"0":"post-453768","1":"post","2":"type-post","3":"status-publish","4":"format-standard","5":"has-post-thumbnail","7":"category-toulouse","8":"tag-actu","9":"tag-actualites","10":"tag-eu","11":"tag-europe","12":"tag-fr","13":"tag-france","14":"tag-la-matinee","15":"tag-meteo","16":"tag-news","17":"tag-occitanie","18":"tag-republique-francaise","19":"tag-toulouse","20":"tag-vent-dest"},"share_on_mastodon":{"url":"https:\/\/pubeurope.com\/@fr\/115352682020022863","error":""},"_links":{"self":[{"href":"https:\/\/www.europesays.com\/fr\/wp-json\/wp\/v2\/posts\/453768","targetHints":{"allow":["GET"]}}],"collection":[{"href":"https:\/\/www.europesays.com\/fr\/wp-json\/wp\/v2\/posts"}],"about":[{"href":"https:\/\/www.europesays.com\/fr\/wp-json\/wp\/v2\/types\/post"}],"author":[{"embeddable":true,"href":"https:\/\/www.europesays.com\/fr\/wp-json\/wp\/v2\/users\/2"}],"replies":[{"embeddable":true,"href":"https:\/\/www.europesays.com\/fr\/wp-json\/wp\/v2\/comments?post=453768"}],"version-history":[{"count":0,"href":"https:\/\/www.europesays.com\/fr\/wp-json\/wp\/v2\/posts\/453768\/revisions"}],"wp:featuredmedia":[{"embeddable":true,"href":"https:\/\/www.europesays.com\/fr\/wp-json\/wp\/v2\/media\/453769"}],"wp:attachment":[{"href":"https:\/\/www.europesays.com\/fr\/wp-json\/wp\/v2\/media?parent=453768"}],"wp:term":[{"taxonomy":"category","embeddable":true,"href":"https:\/\/www.europesays.com\/fr\/wp-json\/wp\/v2\/categories?post=453768"},{"taxonomy":"post_tag","embeddable":true,"href":"https:\/\/www.europesays.com\/fr\/wp-json\/wp\/v2\/tags?post=453768"}],"curies":[{"name":"wp","href":"https:\/\/api.w.org\/{rel}","templated":true}]}}