{"id":453778,"date":"2025-10-11T00:28:16","date_gmt":"2025-10-11T00:28:16","guid":{"rendered":"https:\/\/www.europesays.com\/fr\/453778\/"},"modified":"2025-10-11T00:28:16","modified_gmt":"2025-10-11T00:28:16","slug":"maison-de-la-diversite-de-lyon-pouvoir-compter-sur-ses-voisins","status":"publish","type":"post","link":"https:\/\/www.europesays.com\/fr\/453778\/","title":{"rendered":"Maison de la Diversit\u00e9 de Lyon : \u00ab\u00a0pouvoir compter sur ses voisins\u00a0\u00bb"},"content":{"rendered":"<p>Au c\u0153ur du quartier de la Croix-Rousse, la Maison de la Diversit\u00e9 vient d\u2019ouvrir ses portes. Cet habitat participatif et inclusif accueille en priorit\u00e9 des seniors LGBTQIA+ et alli\u00e9s avec la volont\u00e9 de lutter contre l\u2019isolement social.<\/p>\n<p>La premi\u00e8re <strong>Maison de la Diversit\u00e9<\/strong> de Lyon a vu le jour \u00e0 la <strong>Croix-Rousse<\/strong>. L\u2019association <strong><a href=\"https:\/\/audacieusement.org\/\" target=\"_blank\" rel=\"noreferrer noopener\">Les Audacieuses &amp; Audacieux<\/a><\/strong> a port\u00e9 le projet depuis 5 ans. La r\u00e9sidence abrite<a href=\"https:\/\/audacieusement.org\/la-maison-de-la-diversite-de-lyon\/\" target=\"_blank\" rel=\"noreferrer noopener\"> <strong>quatorze logements<\/strong><\/a> de petites surfaces, r\u00e9serv\u00e9s \u00e0 des <strong>personnes de plus de 55 ans, LGBTQIA+<\/strong>, et un appartement \u00e9tudiant afin de cr\u00e9er du <strong>lien interg\u00e9n\u00e9rationnel<\/strong>.<\/p>\n<p><img fetchpriority=\"high\" decoding=\"async\" width=\"1200\" height=\"675\" src=\"https:\/\/www.europesays.com\/fr\/wp-content\/uploads\/2025\/10\/Maison-de-la-Diversite-de-Lyon-inauguration.jpg\" alt=\"Maison de la Diversit\u00e9 de Lyon\" class=\"wp-image-251781\"  \/>inauguration de la Maison de la Diversit\u00e9 de Lyon <\/p>\n<p>Cuisine collective, buanderie, chambre d\u2019amis, jardin sont autant de <strong>lieux partag\u00e9s<\/strong> au coeur de la nouvelle <strong>r\u00e9sidence<\/strong> situ\u00e9e au 65 rue de Belfort.<\/p>\n<p>Ecoutez aussi : <a href=\"https:\/\/www.lyondemain.fr\/le-refuge-jeunes-lgbt-sans-abri\/\" target=\"_blank\" rel=\"noreferrer noopener\">Le Refuge : r\u00e9pondre \u00e0 la crise de sans-abrisme des jeunes LGBT+<\/a><\/p>\n<blockquote class=\"instagram-media\" data-instgrm-captioned=\"\" data-instgrm-permalink=\"https:\/\/www.instagram.com\/reel\/DPl4kahiBUz\/?utm_source=ig_embed&amp;utm_campaign=loading\" data-instgrm-version=\"14\" style=\" background:#FFF; border:0; border-radius:3px; box-shadow:0 0 1px 0 rgba(0,0,0,0.5),0 1px 10px 0 rgba(0,0,0,0.15); margin: 1px; max-width:540px; min-width:326px; padding:0; width:99.375%; width:-webkit-calc(100% - 2px); width:calc(100% - 2px);\"\/>\n<p>Un habitat participatif et inclusif<\/p>\n<p><strong>St\u00e9phane Sauv\u00e9<\/strong>, d\u00e9l\u00e9gu\u00e9 g\u00e9n\u00e9ral de l\u2019association <strong>Les Audacieuses &amp; Audacieux<\/strong>, est \u00e0 l\u2019origine de ce projet. \u00ab\u00a0C\u2019est un <strong>habitat participatif et inclusif<\/strong>. pour <strong>seniors sans aidant familial<\/strong>, et plus particuli\u00e8rement destin\u00e9s aux <strong>seniors de la communaut\u00e9 LGBTQIA+<\/strong>, et des <strong>seniors vivant avec le VIH<\/strong>\u00a0\u00bb pose St\u00e9phane Sauv\u00e9, en pr\u00e9ambule.<\/p>\n<p>Ecoutez le podcast<\/p>\n<p>Maison de la Diversit\u00e9 de Lyon<\/p>\n<p>\u00ab\u00a0Moi je suis <strong>ancien directeur d\u2019EHPAD<\/strong>, je suis <strong>gay<\/strong>, je n\u2019ai <strong>pas d\u2019enfant<\/strong>. J\u2019ai observ\u00e9 des <strong>discriminations<\/strong>, et je me suis pos\u00e9 la question. Si un jour tu es concern\u00e9 par une <strong>perte d\u2019autonomie<\/strong> dans quel environnement tu as envie de vivre. Et je n\u2019avais pas envie de me planquer,\u2026 Je n\u2019avais <strong>pas envie de refaire un coming out<\/strong> dans un nouvel environnement. Ou r\u00e9pondre \u00e0 des questions inappropri\u00e9es. Donc j\u2019ai voulu cr\u00e9er un choix pour celles et ceux qui auraient envie de ce cadre de vie. On va <strong>mutualiser des espaces communs<\/strong>. Une cave, une buanderie partag\u00e9e, une chambre d\u2019amis. Apr\u00e8s, le but du jeu, c\u2019est de <strong>s\u2019engager autour de la solidarit\u00e9 et l\u2019entraide<\/strong> autour du sujet du<strong> bien vieillir<\/strong>. Donc je ne ne vais habiter pas un immeuble lambda. Je sais que je peux <strong>compter sur mon voisin<\/strong> si j\u2019ai besoin\u00a0\u00bb d\u00e9taille <strong>St\u00e9phane Sauv\u00e9<\/strong>.<\/p>\n<p>Ecoutez aussi : <a href=\"https:\/\/www.lyondemain.fr\/cargonotes-le-chant-choral-pour-creer-un-espace-inclusif-lgbt\/\" target=\"_blank\" rel=\"noreferrer noopener\">Cargo\u2019Notes : le chant choral pour cr\u00e9er un espace inclusif LGBT<\/a><\/p>\n<p>\u00ab\u00a0De l\u2019<strong>entraide<\/strong>, de la <strong>solidarit\u00e9<\/strong> et de la <strong>bienveillance<\/strong> entre nous\u2026\u00a0\u00bb<\/p>\n<p><strong>Fran\u00e7ois<\/strong> a 64 ans. Il a int\u00e9gr\u00e9 l\u2019un des <strong>14 appartements<\/strong>. Apr\u00e8s 8 ans de recherches, il a enfin trouv\u00e9 son <strong>lieu de vie<\/strong>.<\/p>\n<p>\u00ab\u00a0L\u00e0 o\u00f9 j\u2019habitais avant, \u00e0 Villeurbanne, mes voisins, je ne les connaissais pas du tout. On ne se disait jamais bonjour. Je n\u2019ai jamais pu demander quoi que ce soit \u00e0 mes voisins. Ici, ce que nous esp\u00e9rons, c\u2019est qu\u2019il y ait de l\u2019<strong>entraide<\/strong>, de la <strong>solidarit\u00e9<\/strong> et de la <strong>bienveillance<\/strong> entre nous. Parce que nous partageons aussi un certain nombre de <strong>sp\u00e9cificit\u00e9s au niveau de notre orientation sexuelle, du genre<\/strong>, etc\u2026 Donc il ne va pas y avoir des m\u00e9chantes blagues avec des m\u00e9chantes questions qui nous blessent sans arr\u00eat. Ou des m\u00e9chantes r\u00e9flexions\u2026\u00a0\u00bb explique<strong> Fran\u00e7ois<\/strong>, marini\u00e8re et bonnet bleu viss\u00e9 sur la t\u00eate.<\/p>\n<p><img loading=\"lazy\" decoding=\"async\" width=\"1200\" height=\"675\" src=\"https:\/\/www.europesays.com\/fr\/wp-content\/uploads\/2025\/10\/Maison-de-la-Diversite-de-Lyon-Francois.jpg\" alt=\"Fran\u00e7ois r\u00e9sident\" class=\"wp-image-251778\"  \/><\/p>\n<p>La <strong>Maison de la Diversit\u00e9<\/strong> de Lyon repr\u00e9sente un <strong>investissement de 3,3 millions d\u2019euros<\/strong> financ\u00e9s par des pr\u00eats immobiliers (<strong>Banque des Territoires<\/strong>), le soutien financier de <strong><a href=\"https:\/\/www.groupearcadevyv.fr\/nos-acteurs\/croix-rouge-habitat\/\" target=\"_blank\" rel=\"noreferrer noopener\">Croix-Rouge Habitat<\/a><\/strong>. La <strong>M\u00e9tropole de Lyon,<\/strong> la <strong>Ville de Lyon<\/strong> et de nombreux partenaires priv\u00e9s ont aussi particip\u00e9 au projet<\/p>\n<p>D\u2019autres <strong>Maisons de la Diversit\u00e9<\/strong> devraient voir le jour en France. Le projet le plus avanc\u00e9 est \u00e0 Strasbourg. mais Lyon restera \u00e0 jamais\u2026.pionnier.<\/p>\n<p>Ecoutez aussi : <a href=\"https:\/\/www.lyondemain.fr\/roles-modeles-transgenre-autre-cercle\/\" target=\"_blank\" rel=\"noreferrer noopener\">L\u2019Autre Cercle : des roles mod\u00e8les pour expliquer la transidentit\u00e9<\/a><\/p>\n<p><img loading=\"lazy\" decoding=\"async\" width=\"1200\" height=\"675\" src=\"https:\/\/www.europesays.com\/fr\/wp-content\/uploads\/2025\/10\/Maison-de-la-Diversite-de-Lyon-facade.jpg\" alt=\"fa\u00e7ade\" class=\"wp-image-251780\"  \/><br \/>\nJ\u2019aime \u00e7a\u00a0:<\/p>\n<p>J\u2019aime chargement\u2026<\/p>\n<p><a class=\"sd-link-color\"\/><\/p>\n<p>\n\tArticles similaires\n<\/p>\n<p>\t\t\t\t<img decoding=\"async\" src=\"https:\/\/www.europesays.com\/fr\/wp-content\/uploads\/2025\/10\/1760142496_321_7866158698e17e8ed633c05e8f8e7fe5d9e057ad78661c4dc34e413abb6b9f19\" alt=\"G\u00e9rald Bouchon\"\/><\/p>\n<p>Pionnier des radios libres, passionn\u00e9 de radio, journaliste et dirigeant de m\u00e9dias \u00e9co-responsables..<\/p>\n<p>\t\t\t<script async src=\"\/\/www.instagram.com\/embed.js\"><\/script><\/p>\n","protected":false},"excerpt":{"rendered":"Au c\u0153ur du quartier de la Croix-Rousse, la Maison de la Diversit\u00e9 vient d\u2019ouvrir ses portes. Cet habitat&hellip;\n","protected":false},"author":2,"featured_media":453779,"comment_status":"","ping_status":"","sticky":false,"template":"","format":"standard","meta":{"footnotes":""},"categories":[1889],"tags":[1111,11,18462,57934,57935,2430,57936,2838,43127,1777,674,1011,27,21095,1908,2428,57937,10510,12,57938,25,57939,57940],"class_list":{"0":"post-453778","1":"post","2":"type-post","3":"status-publish","4":"format-standard","5":"has-post-thumbnail","7":"category-lyon","8":"tag-actu","9":"tag-actualites","10":"tag-aines","11":"tag-alternative-a-lehpad","12":"tag-audacieuses-audacieux","13":"tag-auvergne-rhone-alpes","14":"tag-christophe-dercamp","15":"tag-croix-rousse","16":"tag-entraide","17":"tag-eu","18":"tag-europe","19":"tag-fr","20":"tag-france","21":"tag-lgbtqia","22":"tag-logement","23":"tag-lyon","24":"tag-maison-de-la-diversite","25":"tag-metropole-de-lyon","26":"tag-news","27":"tag-perte-dautonomie","28":"tag-republique-francaise","29":"tag-residence-seniors","30":"tag-stephane-sauve"},"share_on_mastodon":{"url":"https:\/\/pubeurope.com\/@fr\/115352707093002997","error":""},"_links":{"self":[{"href":"https:\/\/www.europesays.com\/fr\/wp-json\/wp\/v2\/posts\/453778","targetHints":{"allow":["GET"]}}],"collection":[{"href":"https:\/\/www.europesays.com\/fr\/wp-json\/wp\/v2\/posts"}],"about":[{"href":"https:\/\/www.europesays.com\/fr\/wp-json\/wp\/v2\/types\/post"}],"author":[{"embeddable":true,"href":"https:\/\/www.europesays.com\/fr\/wp-json\/wp\/v2\/users\/2"}],"replies":[{"embeddable":true,"href":"https:\/\/www.europesays.com\/fr\/wp-json\/wp\/v2\/comments?post=453778"}],"version-history":[{"count":0,"href":"https:\/\/www.europesays.com\/fr\/wp-json\/wp\/v2\/posts\/453778\/revisions"}],"wp:featuredmedia":[{"embeddable":true,"href":"https:\/\/www.europesays.com\/fr\/wp-json\/wp\/v2\/media\/453779"}],"wp:attachment":[{"href":"https:\/\/www.europesays.com\/fr\/wp-json\/wp\/v2\/media?parent=453778"}],"wp:term":[{"taxonomy":"category","embeddable":true,"href":"https:\/\/www.europesays.com\/fr\/wp-json\/wp\/v2\/categories?post=453778"},{"taxonomy":"post_tag","embeddable":true,"href":"https:\/\/www.europesays.com\/fr\/wp-json\/wp\/v2\/tags?post=453778"}],"curies":[{"name":"wp","href":"https:\/\/api.w.org\/{rel}","templated":true}]}}