{"id":453784,"date":"2025-10-11T00:32:12","date_gmt":"2025-10-11T00:32:12","guid":{"rendered":"https:\/\/www.europesays.com\/fr\/453784\/"},"modified":"2025-10-11T00:32:12","modified_gmt":"2025-10-11T00:32:12","slug":"previsions-du-samedi-11-octobre-2025-9","status":"publish","type":"post","link":"https:\/\/www.europesays.com\/fr\/453784\/","title":{"rendered":"pr\u00e9visions du samedi 11 octobre 2025"},"content":{"rendered":"<p class=\"mb-4 text-lg md:leading-8 break-words\"><strong>M\u00e9t\u00e9o &#8211; Un splendide soleil va briller et ce, tout au long de la journ\u00e9e. Les temp\u00e9ratures seront de 15\u00b0C le matin et de 21\u00b0C l&rsquo;apr\u00e8s-midi&#8230;<\/strong><\/p>\n<p class=\"mb-4 text-lg md:leading-8 break-words\">\u00c0 Paris les temp\u00e9ratures seront comprises entre 12 et 22\u00b0C durant la journ\u00e9e. Une petite brise de nord-est sera ressentie par les habitants. Le matin, le vent va progressivement \u00e9loigner la grisaille. Le soleil sera au rendez-vous : un magnifique apr\u00e8s-midi se pr\u00e9sente ! Un temps plus chaud est attendu \u00e9tant donn\u00e9 que le mercure va enregistrer une augmentation. Les valeurs s&rsquo;\u00e9chelonneront entre 19 et 22\u00b0C. Le ciel va l\u00e9g\u00e8rement se d\u00e9gager dans la soir\u00e9e avec des \u00e9claircies. \u00c0 la nuit tomb\u00e9e, le ciel sera clair.<\/p>\n<p class=\"mb-4 text-lg md:leading-8 break-words\">Un bel ensoleillement est attendu demain \u00e0 Paris. Une baisse du mercure est \u00e0 craindre. Il fera 16\u00b0C en moyenne. Un vent de nord-est rafra\u00eechira l\u00e9g\u00e8rement l&rsquo;atmosph\u00e8re. Les temp\u00e9ratures tourneront autour des 15\u00b0C au cours de la matin\u00e9e. Les valeurs vont conna\u00eetre une hausse de plusieurs degr\u00e9s pendant l&rsquo;apr\u00e8s-midi. Les valeurs afficheront entre 19\u00b0C et 21\u00b0C. Le ciel va s&rsquo;\u00e9claircir dans la soir\u00e9e.<\/p>\n<p class=\"mb-4 text-lg md:leading-8 break-words\">Pour les jours \u00e0 venir, la m\u00e9t\u00e9o ne bougera pas. Il va faire un temps relativement ensoleill\u00e9 avec des temp\u00e9ratures d&rsquo;environ 16\u00b0C.<\/p>\n<p class=\"mb-4 text-lg md:leading-8 break-words\"><a href=\"https:\/\/www.20minutes.fr\/planete\/previsions-meteo\/4178632-20251011-meteo-paris-previsions-samedi-11-octobre-2025?at_medium=RSS%20feed&amp;at_campaign=ynews&amp;utm_source=yahoo&amp;utm_medium=rss&amp;utm_campaign=news_feed&amp;utm_content=read_more_link&quot;\" rel=\"nofollow noopener\" target=\"_blank\" data-ylk=\"slk:Lire la suite sur 20minutes;elm:context_link;itc:0;sec:content-canvas\" class=\"link \">Lire la suite sur 20minutes<\/a><\/p>\n","protected":false},"excerpt":{"rendered":"M\u00e9t\u00e9o &#8211; Un splendide soleil va briller et ce, tout au long de la journ\u00e9e. Les temp\u00e9ratures seront&hellip;\n","protected":false},"author":2,"featured_media":453785,"comment_status":"","ping_status":"","sticky":false,"template":"","format":"standard","meta":{"footnotes":""},"categories":[1888],"tags":[1111,1928,11,1927,1777,674,1011,27,55813,44166,12,1926,626,1925,25],"class_list":{"0":"post-453784","1":"post","2":"type-post","3":"status-publish","4":"format-standard","5":"has-post-thumbnail","7":"category-paris","8":"tag-actu","9":"tag-actu-paris","10":"tag-actualites","11":"tag-actualites-paris","12":"tag-eu","13":"tag-europe","14":"tag-fr","15":"tag-france","16":"tag-la-nuit-tombee","17":"tag-le-matin","18":"tag-news","19":"tag-news-paris","20":"tag-paris","21":"tag-paris-news","22":"tag-republique-francaise"},"share_on_mastodon":{"url":"https:\/\/pubeurope.com\/@fr\/115352722296765237","error":""},"_links":{"self":[{"href":"https:\/\/www.europesays.com\/fr\/wp-json\/wp\/v2\/posts\/453784","targetHints":{"allow":["GET"]}}],"collection":[{"href":"https:\/\/www.europesays.com\/fr\/wp-json\/wp\/v2\/posts"}],"about":[{"href":"https:\/\/www.europesays.com\/fr\/wp-json\/wp\/v2\/types\/post"}],"author":[{"embeddable":true,"href":"https:\/\/www.europesays.com\/fr\/wp-json\/wp\/v2\/users\/2"}],"replies":[{"embeddable":true,"href":"https:\/\/www.europesays.com\/fr\/wp-json\/wp\/v2\/comments?post=453784"}],"version-history":[{"count":0,"href":"https:\/\/www.europesays.com\/fr\/wp-json\/wp\/v2\/posts\/453784\/revisions"}],"wp:featuredmedia":[{"embeddable":true,"href":"https:\/\/www.europesays.com\/fr\/wp-json\/wp\/v2\/media\/453785"}],"wp:attachment":[{"href":"https:\/\/www.europesays.com\/fr\/wp-json\/wp\/v2\/media?parent=453784"}],"wp:term":[{"taxonomy":"category","embeddable":true,"href":"https:\/\/www.europesays.com\/fr\/wp-json\/wp\/v2\/categories?post=453784"},{"taxonomy":"post_tag","embeddable":true,"href":"https:\/\/www.europesays.com\/fr\/wp-json\/wp\/v2\/tags?post=453784"}],"curies":[{"name":"wp","href":"https:\/\/api.w.org\/{rel}","templated":true}]}}