{"id":453788,"date":"2025-10-11T00:34:16","date_gmt":"2025-10-11T00:34:16","guid":{"rendered":"https:\/\/www.europesays.com\/fr\/453788\/"},"modified":"2025-10-11T00:34:16","modified_gmt":"2025-10-11T00:34:16","slug":"cac-40-la-bourse-de-paris-chute-face-a-linstabilite-politique-et-aux-tensions-commerciales-avec-la-chine","status":"publish","type":"post","link":"https:\/\/www.europesays.com\/fr\/453788\/","title":{"rendered":"CAC 40 : la Bourse de Paris chute face \u00e0 l\u2019instabilit\u00e9 politique et aux tensions commerciales avec la Chine"},"content":{"rendered":"<p>Paris &#8211; La Bourse de Paris a termin\u00e9 en nette baisse, sous le poids de l\u2019incertitude politique en France et des menaces douani\u00e8res du pr\u00e9sident am\u00e9ricain Donald Trump contre la Chine.<\/p>\n<p>Le CAC 40, l\u2019indice vedette de la Bourse de Paris, a perdu 123,36 points, soit &#8211; 1,53%, pour terminer en dessous de la barre des 8.000 points, \u00e0 7.918 points.<\/p>\n<p>L\u2019indice recule de 2,02% sur l\u2019ensemble de la semaine, marqu\u00e9e par la d\u00e9mission surprise lundi matin du Premier ministre S\u00e9bastien Lecornu, ravivant l\u2019incertitude budg\u00e9taire et politique en France.<\/p>\n<p>Le pr\u00e9sident Emmanuel Macron nommera un Premier ministre \u00abdans les prochaines heures\u00bb, mais pas de gauche, ont rapport\u00e9 vendredi des chefs de parti apr\u00e8s une r\u00e9union de crise \u00e0 l\u2019Elys\u00e9e qui a \u00absid\u00e9r\u00e9\u00bb la gauche, d\u00e9\u00e7ue par l\u2019absence de \u00abr\u00e9ponse claire\u00bb du chef de l\u2019Etat, notamment sur les retraites.<\/p>\n<p>\u00abLe sujet politique fran\u00e7ais peut peser sur le CAC 40 et le reste de l\u2019Europe\u00bb, commente Alexandre Baradez, responsable de l\u2019analyse march\u00e9 \u00e0 IG France, \u00e9voquant \u00abun brouillard politique\u00bb qui dure depuis la dissolution de l\u2019Assembl\u00e9e nationale en juin 2024.<\/p>\n<p>La dissolution avait coup\u00e9 l\u2019herbe sous le pied du CAC 40, qui affichait alors une croissance de 6% depuis janvier. L\u2019indice avait finalement recul\u00e9 de 2,15% sur l\u2019ensemble de l\u2019ann\u00e9e.<\/p>\n<p>L\u2019indice vedette, qui revenait pourtant sur son retard, s\u2019affiche d\u00e9sormais en hausse de 7,28% depuis le d\u00e9but de l\u2019ann\u00e9e 2025, contre 21,76% pour le Dax de Francfort, 23% pour la Bourse de Milan et 21,76% pour Londres.<\/p>\n<p>La Bourse de Paris, atone sur une majeure partie de la s\u00e9ance vendredi, s\u2019est retourn\u00e9e brusquement dans le sillage de Wall Street apr\u00e8s la menace du pr\u00e9sident Donald Trump de lancer une augmentation \u00abmassive\u00bb des droits de douane am\u00e9ricains sur les marchandises chinoises <\/p>\n<p>Dans un message publi\u00e9 sur son r\u00e9seau Truth Social, Donald Trump a jug\u00e9 vendredi que la Chine \u00abdevenait tr\u00e8s hostile\u00bb et a ajout\u00e9 qu\u2019il \u00abne semblait plus y avoir de raison\u00bb de voir son homologue chinois Xi Jinping en Cor\u00e9e du Sud dans deux semaines, comme il l\u2019avait pr\u00e9vu.<\/p>\n<p>Le pr\u00e9sident am\u00e9ricain estime qu\u2019il \u00absera forc\u00e9 de contre-attaquer financi\u00e8rement\u00bb, apr\u00e8s les restrictions d\u00e9cid\u00e9es par la Chine sur les terres rares. <\/p>\n<p>Chute de Stellantis<\/p>\n<p>Avec une chute de 7,29% \u00e0 8,56 euros, Stellantis a connu la pire performance du CAC 40 vendredi.<\/p>\n<p>Le titre avait pourtant progress\u00e9 en d\u00e9but de s\u00e9ance, apr\u00e8s que le constructeur automobile a annonc\u00e9 avoir livr\u00e9 au troisi\u00e8me trimestre 13% de v\u00e9hicules de plus qu&rsquo;\u00e0 la m\u00eame \u00e9poque l\u2019an dernier, une progression tir\u00e9e par les Etats-Unis.<\/p>\n<p>Euronext CAC40<\/p>\n<p>\u00a9 Agence France-Presse<\/p>\n","protected":false},"excerpt":{"rendered":"Paris &#8211; La Bourse de Paris a termin\u00e9 en nette baisse, sous le poids de l\u2019incertitude politique en&hellip;\n","protected":false},"author":2,"featured_media":453789,"comment_status":"","ping_status":"","sticky":false,"template":"","format":"standard","meta":{"footnotes":""},"categories":[1888],"tags":[11,1777,674,1011,27,12,626,25],"class_list":{"0":"post-453788","1":"post","2":"type-post","3":"status-publish","4":"format-standard","5":"has-post-thumbnail","7":"category-paris","8":"tag-actualites","9":"tag-eu","10":"tag-europe","11":"tag-fr","12":"tag-france","13":"tag-news","14":"tag-paris","15":"tag-republique-francaise"},"share_on_mastodon":{"url":"https:\/\/pubeurope.com\/@fr\/115352729343324281","error":""},"_links":{"self":[{"href":"https:\/\/www.europesays.com\/fr\/wp-json\/wp\/v2\/posts\/453788","targetHints":{"allow":["GET"]}}],"collection":[{"href":"https:\/\/www.europesays.com\/fr\/wp-json\/wp\/v2\/posts"}],"about":[{"href":"https:\/\/www.europesays.com\/fr\/wp-json\/wp\/v2\/types\/post"}],"author":[{"embeddable":true,"href":"https:\/\/www.europesays.com\/fr\/wp-json\/wp\/v2\/users\/2"}],"replies":[{"embeddable":true,"href":"https:\/\/www.europesays.com\/fr\/wp-json\/wp\/v2\/comments?post=453788"}],"version-history":[{"count":0,"href":"https:\/\/www.europesays.com\/fr\/wp-json\/wp\/v2\/posts\/453788\/revisions"}],"wp:featuredmedia":[{"embeddable":true,"href":"https:\/\/www.europesays.com\/fr\/wp-json\/wp\/v2\/media\/453789"}],"wp:attachment":[{"href":"https:\/\/www.europesays.com\/fr\/wp-json\/wp\/v2\/media?parent=453788"}],"wp:term":[{"taxonomy":"category","embeddable":true,"href":"https:\/\/www.europesays.com\/fr\/wp-json\/wp\/v2\/categories?post=453788"},{"taxonomy":"post_tag","embeddable":true,"href":"https:\/\/www.europesays.com\/fr\/wp-json\/wp\/v2\/tags?post=453788"}],"curies":[{"name":"wp","href":"https:\/\/api.w.org\/{rel}","templated":true}]}}