{"id":453792,"date":"2025-10-11T00:36:14","date_gmt":"2025-10-11T00:36:14","guid":{"rendered":"https:\/\/www.europesays.com\/fr\/453792\/"},"modified":"2025-10-11T00:36:14","modified_gmt":"2025-10-11T00:36:14","slug":"depuis-le-debut-de-la-guerre-lassociation-de-christiane-beau-accompagne-les-refugies-ukrainiens-de-preuilly-sur-claise","status":"publish","type":"post","link":"https:\/\/www.europesays.com\/fr\/453792\/","title":{"rendered":"depuis le d\u00e9but de la guerre, l\u2019association de Christiane Beau accompagne les r\u00e9fugi\u00e9s ukrainiens de Preuilly-sur-Claise"},"content":{"rendered":"<p>Dans leurs mots, transpara\u00eet la reconnaissance. <a target=\"_self\" href=\"https:\/\/www.lanouvellerepublique.fr\/indre-et-loire\/commune\/chambon\/de-dnipro-au-sud-touraine-le-periple-d-olga-et-ses-enfants-pour-fuir-l-ukraine\" rel=\"noopener\">Il faut s\u2019imaginer devoir tout quitter<\/a>\u00a0: sa famille, ses amis, sa vie, son pays pour en rejoindre un autre, \u00e0 l\u2019autre bout de l\u2019Europe. Un \u00c9tat que l\u2019on ne conna\u00eet pas et dont on ne parle pas la langue. Pour ces Ukrainiens oblig\u00e9s de tout laisser derri\u00e8re eux, l\u2019association Accueil et accompagnement des r\u00e9fugi\u00e9s en Sud-Touraine (AARST) est une boussole. \u00ab\u00a0Notre but, c\u2019est de faciliter, sans discrimination, l\u2019accueil des r\u00e9fugi\u00e9s\u00a0\u00bb, situe Christiane Beau, la pr\u00e9sidente&#8230;. <\/p>\n<p>    Cet article a \u00e9t\u00e9 tronqu\u00e9. Abonnez-vous pour lire l&rsquo;article complet sur notre site.<\/p>\n<p style=\"margin: 0 !important; padding: 0 !important; font-size: 12px !important;\">Cet article a \u00e9t\u00e9 tronqu\u00e9. Abonnez-vous pour lire l&rsquo;article complet.<\/p>\n<p>    <a href=\"https:\/\/www.lanouvellerepublique.fr\/abonnements\" style=\"display: inline-block; margin-top: 5px !important; padding: 6px 12px !important; background: #cb1c27; color: white; text-decoration: none; border-radius: 4px; font-size: 12px !important;\" target=\"_blank\" rel=\"noopener\"><br \/>\n      S&rsquo;abonner<br \/>\n    <\/a><\/p>\n","protected":false},"excerpt":{"rendered":"Dans leurs mots, transpara\u00eet la reconnaissance. Il faut s\u2019imaginer devoir tout quitter\u00a0: sa famille, ses amis, sa vie,&hellip;\n","protected":false},"author":2,"featured_media":453793,"comment_status":"","ping_status":"","sticky":false,"template":"","format":"standard","meta":{"footnotes":""},"categories":[1590],"tags":[1392,11,1057,1777,674,1387,12,52314,3400,220],"class_list":{"0":"post-453792","1":"post","2":"type-post","3":"status-publish","4":"format-standard","5":"has-post-thumbnail","7":"category-ukraine","8":"tag-a-la-une-local","9":"tag-actualites","10":"tag-education","11":"tag-eu","12":"tag-europe","13":"tag-indre-et-loire","14":"tag-news","15":"tag-preuilly-sur-claise","16":"tag-solidarite","17":"tag-ukraine"},"share_on_mastodon":{"url":"https:\/\/pubeurope.com\/@fr\/115352737176451789","error":""},"_links":{"self":[{"href":"https:\/\/www.europesays.com\/fr\/wp-json\/wp\/v2\/posts\/453792","targetHints":{"allow":["GET"]}}],"collection":[{"href":"https:\/\/www.europesays.com\/fr\/wp-json\/wp\/v2\/posts"}],"about":[{"href":"https:\/\/www.europesays.com\/fr\/wp-json\/wp\/v2\/types\/post"}],"author":[{"embeddable":true,"href":"https:\/\/www.europesays.com\/fr\/wp-json\/wp\/v2\/users\/2"}],"replies":[{"embeddable":true,"href":"https:\/\/www.europesays.com\/fr\/wp-json\/wp\/v2\/comments?post=453792"}],"version-history":[{"count":0,"href":"https:\/\/www.europesays.com\/fr\/wp-json\/wp\/v2\/posts\/453792\/revisions"}],"wp:featuredmedia":[{"embeddable":true,"href":"https:\/\/www.europesays.com\/fr\/wp-json\/wp\/v2\/media\/453793"}],"wp:attachment":[{"href":"https:\/\/www.europesays.com\/fr\/wp-json\/wp\/v2\/media?parent=453792"}],"wp:term":[{"taxonomy":"category","embeddable":true,"href":"https:\/\/www.europesays.com\/fr\/wp-json\/wp\/v2\/categories?post=453792"},{"taxonomy":"post_tag","embeddable":true,"href":"https:\/\/www.europesays.com\/fr\/wp-json\/wp\/v2\/tags?post=453792"}],"curies":[{"name":"wp","href":"https:\/\/api.w.org\/{rel}","templated":true}]}}