{"id":453800,"date":"2025-10-11T00:40:15","date_gmt":"2025-10-11T00:40:15","guid":{"rendered":"https:\/\/www.europesays.com\/fr\/453800\/"},"modified":"2025-10-11T00:40:15","modified_gmt":"2025-10-11T00:40:15","slug":"quoi-de-nouveau-du-cote-de-la-randonnee-en-europe","status":"publish","type":"post","link":"https:\/\/www.europesays.com\/fr\/453800\/","title":{"rendered":"Quoi de nouveau du c\u00f4t\u00e9 de la randonn\u00e9e en Europe ?"},"content":{"rendered":"<p>Parmi les moments importants de l\u2019AG de la F\u00e9d\u00e9ration Europ\u00e9enne de la Randonn\u00e9e P\u00e9destre (FERP) &#8211; <a href=\"https:\/\/www.era-ewv-ferp.org\/fr\/\" target=\"_blank\" rel=\"noopener\">European Hiking Federation<\/a>\u00a0<\/p>\n<ul style=\"list-style-type: disc;\">\n<li>La pr\u00e9sentation du bilan 2025 et l\u2019approbation du budget 2026<\/li>\n<li>Le renouvellement du Board, organe de gouvernance de la FERP\u00a0<\/li>\n<\/ul>\n<p style=\"text-align: center;\"> <img loading=\"lazy\" decoding=\"async\" width=\"400\" height=\"300\" alt=\"FERP-board\" src=\"https:\/\/www.europesays.com\/fr\/wp-content\/uploads\/2025\/10\/FERP-staff-480x360.jpg\"\/> <\/p>\n<p>De gauche \u00e0 droite\u00a0:\u00a0<br \/>Steen Kobbero-Hansen, tr\u00e9sorier, danois\u00a0<br \/>Jordi Merino y Urbano, 1er vice-pr\u00e9sident, catalan\u00a0<br \/>Gerhard Ermischer, Pr\u00e9sident, autrichien\u00a0<br \/>Marianne Clart\u00e9, 2\u00e8me vice-pr\u00e9sidente, fran\u00e7aise\u00a0<br \/>Joep Naber, Assesseur, n\u00e9erlandais\u00a0<br \/>Ruben Jordao, 3\u00e8me vice-pr\u00e9sident, portugais\u00a0<\/p>\n<p>\u00a0<br \/> F\u00e9licitations \u00e0 Gerhard Ermischer (Allemagne), \u00e9lu pr\u00e9sident de la FERP. <br \/>Il succ\u00e8de \u00e0 Boris Micic (Serbie), qui achevait son second mandat.\u00a0<br \/>F\u00e9licitations \u00e9galement \u00e0 <a href=\"https:\/\/www.linkedin.com\/in\/marianne-moukomel-clart%C3%A9-3a46b6b8\/\" target=\"_blank\" rel=\"noopener\">Marianne Moukomel Clart\u00e9<\/a>, administratrice f\u00e9d\u00e9rale, co-pr\u00e9sidente de la commission des relations internationales et pr\u00e9sidente du comit\u00e9 des Bouches-du-Rh\u00f4ne, \u00e9lue 2e vice-pr\u00e9sidente.<\/p>\n<p style=\"text-align: center;\">\u00a0 <img loading=\"lazy\" decoding=\"async\" width=\"359\" height=\"320\" alt=\"\" src=\"https:\/\/www.europesays.com\/fr\/wp-content\/uploads\/2025\/10\/marianne-clart\u00e9-ferp-2025-360x480.jpg\"\/><\/p>\n<p style=\"text-align: center;\">Marianne Moukomel Clart\u00e9<\/p>\n<p>\u00a0<br \/><strong>Parmi les priorit\u00e9s de la nouvelle mandature :<\/strong>\u00a0<br \/>&#8211; Renforcer la visibilit\u00e9 de la FERP aupr\u00e8s des institutions europ\u00e9ennes \u00a0<br \/>&#8211; Encourager les \u00e9changes entre clubs de randonn\u00e9e \u00e0 travers l\u2019Europe\u00a0<br \/>&#8211; Lancer le sentier europ\u00e9en E13, la \u00ab ceinture verte de l\u2019Europe \u00bb, sur le trac\u00e9 de l\u2019ancien Rideau de fer \u00a0<br \/>\u00a0<br \/>\u00a0<strong>Un programme enthousiasmant en perspective : les Eurorandos 2026<\/strong><strong>\u00a0<br \/><\/strong>Un grand rassemblement europ\u00e9en de randonneurs \u00e0 ne pas manquer !\u00a0<\/p>\n<p>Les <a href=\"https:\/\/www.eurorando2026.eu\/en\/\" target=\"_blank\" rel=\"noopener\">Eurorandos<\/a> 2026, du 20 au 27 septembre, dans les Monts m\u00e9tallif\u00e8res, \u00e0 la fronti\u00e8re entre l\u2019Allemagne et la R\u00e9publique Tch\u00e8que. <\/p>\n<p style=\"text-align: center;\">\n<p>Le programme Eurorando 2026 offrira une combinaison vari\u00e9e de voyages organis\u00e9s, d&rsquo;itin\u00e9raires de randonn\u00e9e individuels et d&rsquo;un riche accompagnement culturel.\u00a0<\/p>\n<p><strong>Parmi les autres projets<\/strong> :\u00a0<br \/> Fanny Kaikati de l\u2019ONG Tetraktys , partenaire de la FFRandonn\u00e9e, a pr\u00e9sent\u00e9 le projet <a href=\"https:\/\/medtrailsnetwork.com\/fr\/\" target=\"_blank\" rel=\"noopener\">Med Trails Network<\/a> : un futur itin\u00e9raire autour de la M\u00e9diterran\u00e9e, pour f\u00e9d\u00e9rer les acteurs du tourisme durable du sud de l\u2019Europe.\u00a0<br \/>Pour en savoir plus sur l&rsquo;ONG : <a href=\"https:\/\/tetraktys-association.org\/\" target=\"_blank\" rel=\"noopener\">https:\/\/tetraktys-association.org\/<\/a>\u00a0<\/p>\n<p>\u00a9 FFRandonn\u00e9e\u00a0<\/p>\n","protected":false},"excerpt":{"rendered":"Parmi les moments importants de l\u2019AG de la F\u00e9d\u00e9ration Europ\u00e9enne de la Randonn\u00e9e P\u00e9destre (FERP) &#8211; European Hiking&hellip;\n","protected":false},"author":2,"featured_media":453801,"comment_status":"","ping_status":"","sticky":false,"template":"","format":"standard","meta":{"footnotes":""},"categories":[1586],"tags":[11,28225,28226,28217,28218,1777,674,28216,28227,28228,1011,27,28211,28212,28215,28224,28219,28222,12,28213,28221,28220,25,28214,28223],"class_list":{"0":"post-453800","1":"post","2":"type-post","3":"status-publish","4":"format-standard","5":"has-post-thumbnail","7":"category-europe","8":"tag-actualites","9":"tag-animateur-de-randonnee","10":"tag-balisage","11":"tag-clubs-de-randonnee","12":"tag-disciplines-de-randonnee","13":"tag-eu","14":"tag-europe","15":"tag-federation-francaise-de-la-randonnee-pedestre","16":"tag-ffrandonnee","17":"tag-ffrp","18":"tag-fr","19":"tag-france","20":"tag-gr","21":"tag-grande-randonnee","22":"tag-itineraires-de-randonnee","23":"tag-itinerance","24":"tag-longe-cote","25":"tag-marche-nordique","26":"tag-news","27":"tag-promenade-et-randonnee","28":"tag-rando-challenge","29":"tag-raquette-a-neige","30":"tag-republique-francaise","31":"tag-topoguide","32":"tag-trek"},"share_on_mastodon":{"url":"https:\/\/pubeurope.com\/@fr\/115352753377472101","error":""},"_links":{"self":[{"href":"https:\/\/www.europesays.com\/fr\/wp-json\/wp\/v2\/posts\/453800","targetHints":{"allow":["GET"]}}],"collection":[{"href":"https:\/\/www.europesays.com\/fr\/wp-json\/wp\/v2\/posts"}],"about":[{"href":"https:\/\/www.europesays.com\/fr\/wp-json\/wp\/v2\/types\/post"}],"author":[{"embeddable":true,"href":"https:\/\/www.europesays.com\/fr\/wp-json\/wp\/v2\/users\/2"}],"replies":[{"embeddable":true,"href":"https:\/\/www.europesays.com\/fr\/wp-json\/wp\/v2\/comments?post=453800"}],"version-history":[{"count":0,"href":"https:\/\/www.europesays.com\/fr\/wp-json\/wp\/v2\/posts\/453800\/revisions"}],"wp:featuredmedia":[{"embeddable":true,"href":"https:\/\/www.europesays.com\/fr\/wp-json\/wp\/v2\/media\/453801"}],"wp:attachment":[{"href":"https:\/\/www.europesays.com\/fr\/wp-json\/wp\/v2\/media?parent=453800"}],"wp:term":[{"taxonomy":"category","embeddable":true,"href":"https:\/\/www.europesays.com\/fr\/wp-json\/wp\/v2\/categories?post=453800"},{"taxonomy":"post_tag","embeddable":true,"href":"https:\/\/www.europesays.com\/fr\/wp-json\/wp\/v2\/tags?post=453800"}],"curies":[{"name":"wp","href":"https:\/\/api.w.org\/{rel}","templated":true}]}}