{"id":453802,"date":"2025-10-11T00:41:14","date_gmt":"2025-10-11T00:41:14","guid":{"rendered":"https:\/\/www.europesays.com\/fr\/453802\/"},"modified":"2025-10-11T00:41:14","modified_gmt":"2025-10-11T00:41:14","slug":"coupe-de-france-le-sm-caen-a-eu-chaud-bourgoin-jallieu-sorti","status":"publish","type":"post","link":"https:\/\/www.europesays.com\/fr\/453802\/","title":{"rendered":"Coupe de France. Le SM Caen a eu chaud, Bourgoin-Jallieu sorti"},"content":{"rendered":"<p><img loading=\"lazy\" decoding=\"async\" width=\"696\" height=\"464\" class=\"lazyload entry-thumb\" src=\"https:\/\/www.europesays.com\/fr\/wp-content\/uploads\/2025\/10\/ABC_8653-696x464.jpg\" alt=\"J9 Caen - Le Puy-en-Velay (\u00a9 Philippe Le Brech)\" title=\"J9 Caen - Le Puy-en-Velay (\u00a9 Philippe Le Brech)\"\/>Caen &#8211; Le Puy-en-Velay (\u00a9 Philippe Le Brech)<\/p>\n<p style=\"font-size:20px\"><strong>Les deux premi\u00e8res rencontres du cinqui\u00e8me tour de la coupe de France ont eu lieu ce vendredi soir. Si le SM Caen s\u2019en est sorti de justesse face \u00e0 son voisin l\u2019AG Caen (R1), le FC Bourgoin-Jallieu, un des h\u00e9ros de la derni\u00e8re \u00e9dition, s\u2019est fait \u00e9liminer. <\/strong><\/p>\n<p>Le SM Caen pensait sans doute avoir fait le plus dur avec l\u2019ouverture du score de Gnanduillet au quart d\u2019heure de jeu. Mais malgr\u00e9 quelques opportunit\u00e9s de faire le break, Malherbe se faisait rejoindre par l\u2019AG avant la pause via une r\u00e9alisation de Leterrier (37e).<\/p>\n<p>Au retour des vestiaires, le pensionnaire de National se faisait quelques frayeurs, notamment sur une frappe de Quitt\u00e9. Mais apr\u00e8s une premi\u00e8re tentative de Diakit\u00e9 repouss\u00e9e par le poteau (79e), l\u2019\u00e9quipe de D\u2019Ornano finissait par trouver le chemin des filets gr\u00e2ce \u00e0 son d\u00e9fenseur Vinicius Gomes dans le temps additionnel.<\/p>\n<p>Dans l\u2019autre match de la soir\u00e9e, le duel de pensionnaires de National 3 a tourn\u00e9 \u00e0 l\u2019avantage de l\u2019US Feurs, qui s\u2019est impos\u00e9e 2-1 sur la pelouse du FC Bourgoin-Jallieu malgr\u00e9 l\u2019ouverture du score des Nord-Is\u00e9tois.<\/p>\n<p><a href=\"https:\/\/footamateur.ouest-france.fr\/author\/fred\/\" class=\"url\" title=\"Fr\u00e9d\u00e9ric Sougey\" rel=\"nofollow noopener\" target=\"_blank\"> <img decoding=\"async\" src=\"https:\/\/www.europesays.com\/fr\/wp-content\/uploads\/2025\/04\/gnlpcfya_400x400.jpg\" class=\"lazyload photo\" width=\"250\" alt=\"Fr\u00e9d\u00e9ric Sougey\"\/><\/a><\/p>\n<p>Journaliste chez Sports M\u00e9dia<\/p>\n<p>Elev\u00e9 au c\u0153ur des Alpes, Fred quitte (temporairement) son Grenoble ador\u00e9 pour pr\u00eater sa plume et son regard au monde amateur et plus particuli\u00e8rement au Championnat National dont il est un assidu observateur. Fan de tartiflette, de Karim Mokeddem et de Mulholland Drive. Les bonnes choses de la vie, en somme.<\/p>\n<p><a href=\"https:\/\/footamateur.ouest-france.fr\/author\/fred\/\" class=\"url\" title=\"Fr\u00e9d\u00e9ric Sougey\" rel=\"nofollow noopener\" target=\"_blank\"><img decoding=\"async\" src=\"https:\/\/www.europesays.com\/fr\/wp-content\/uploads\/2025\/04\/gnlpcfya_400x400.jpg\" class=\"lazyload photo\" width=\"250\" alt=\"Fr\u00e9d\u00e9ric Sougey\"\/><\/a>Les derniers articles par Fr\u00e9d\u00e9ric Sougey (<a href=\"https:\/\/footamateur.ouest-france.fr\/author\/fred\/\" rel=\"nofollow noopener\" target=\"_blank\">tout voir<\/a>)<\/p>\n","protected":false},"excerpt":{"rendered":"Caen &#8211; Le Puy-en-Velay (\u00a9 Philippe Le Brech) Les deux premi\u00e8res rencontres du cinqui\u00e8me tour de la coupe&hellip;\n","protected":false},"author":2,"featured_media":453803,"comment_status":"","ping_status":"","sticky":false,"template":"","format":"standard","meta":{"footnotes":""},"categories":[1586],"tags":[11,1777,674,1779,1011,27,12,25,1778,364],"class_list":{"0":"post-453802","1":"post","2":"type-post","3":"status-publish","4":"format-standard","5":"has-post-thumbnail","7":"category-europe","8":"tag-actualites","9":"tag-eu","10":"tag-europe","11":"tag-european-union","12":"tag-fr","13":"tag-france","14":"tag-news","15":"tag-republique-francaise","16":"tag-ue","17":"tag-union-europeenne"},"share_on_mastodon":{"url":"https:\/\/pubeurope.com\/@fr\/115352756990757409","error":""},"_links":{"self":[{"href":"https:\/\/www.europesays.com\/fr\/wp-json\/wp\/v2\/posts\/453802","targetHints":{"allow":["GET"]}}],"collection":[{"href":"https:\/\/www.europesays.com\/fr\/wp-json\/wp\/v2\/posts"}],"about":[{"href":"https:\/\/www.europesays.com\/fr\/wp-json\/wp\/v2\/types\/post"}],"author":[{"embeddable":true,"href":"https:\/\/www.europesays.com\/fr\/wp-json\/wp\/v2\/users\/2"}],"replies":[{"embeddable":true,"href":"https:\/\/www.europesays.com\/fr\/wp-json\/wp\/v2\/comments?post=453802"}],"version-history":[{"count":0,"href":"https:\/\/www.europesays.com\/fr\/wp-json\/wp\/v2\/posts\/453802\/revisions"}],"wp:featuredmedia":[{"embeddable":true,"href":"https:\/\/www.europesays.com\/fr\/wp-json\/wp\/v2\/media\/453803"}],"wp:attachment":[{"href":"https:\/\/www.europesays.com\/fr\/wp-json\/wp\/v2\/media?parent=453802"}],"wp:term":[{"taxonomy":"category","embeddable":true,"href":"https:\/\/www.europesays.com\/fr\/wp-json\/wp\/v2\/categories?post=453802"},{"taxonomy":"post_tag","embeddable":true,"href":"https:\/\/www.europesays.com\/fr\/wp-json\/wp\/v2\/tags?post=453802"}],"curies":[{"name":"wp","href":"https:\/\/api.w.org\/{rel}","templated":true}]}}