{"id":453812,"date":"2025-10-11T00:46:13","date_gmt":"2025-10-11T00:46:13","guid":{"rendered":"https:\/\/www.europesays.com\/fr\/453812\/"},"modified":"2025-10-11T00:46:13","modified_gmt":"2025-10-11T00:46:13","slug":"je-pensais-plutot-me-reconvertir-dans-la-dietetique-mais-le-projet-de-quimper-ma-plu-expose-nihel-el-ghoul-titulaire-au-quimper-volley-a-41-ans","status":"publish","type":"post","link":"https:\/\/www.europesays.com\/fr\/453812\/","title":{"rendered":"\u00ab\u00a0Je pensais plut\u00f4t me reconvertir dans la di\u00e9t\u00e9tique, mais le projet de Quimper m\u2019a plu\u00a0\u00bb, expose Nihel El Ghoul, titulaire au Quimper Volley \u00e0 41 ans"},"content":{"rendered":"<p>\u00c9lite f\u00e9minine (3e journ\u00e9e). Quimper &#8211; Rennes EC, ce samedi (20\u00a0h)<\/p>\n<p>Elle pense \u00eatre la doyenne en \u00c9lite f\u00e9minine, mais elle n\u2019en est pas s\u00fbre. \u00c0 41 ans, (depuis le 2 juin), Nihel El Ghoul continue dans tous les cas d\u2019\u00eatre performante sur les terrains d\u2019Elite f\u00e9minine, comme elle l\u2019a montr\u00e9 lors des deux premi\u00e8res journ\u00e9es sous son nouveau maillot du Quimper Volley 29.<\/p>\n<p>Une exp\u00e9rience in\u00e9galable<\/p>\n<p>\u00ab\u00a0Je ne pensais pas me retrouver ici cette saison. Quand j\u2019ai d\u00e9cid\u00e9 de ne pas prolonger \u00e0 Sens, en mars dernier j\u2019avais plut\u00f4t dans l\u2019id\u00e9e de passer \u00e0 autre chose, de me diriger vers la di\u00e9t\u00e9tique avec mon BTS en di\u00e9t\u00e9tique nutrition. Mais des clubs sont venus aux renseignements, dont Quimper, avec un projet qui m\u2019a plu\u00a0: jouer le haut de tableau et se qualifier pour la finale \u00e0 quatre de la Coupe de France f\u00e9d\u00e9rale que je n\u2019ai jamais disput\u00e9e.\u00a0\u00bb<\/p>\n<p>En qu\u00eate d\u2019une \u00ab\u00a0r\u00e9cep 4\u00a0\u00bb (attaquante r\u00e9ceptionneuse au poste 4), l\u2019entra\u00eeneur quimp\u00e9rois se souvient tr\u00e8s bien des premiers contacts. \u00ab\u00a0Je ne lui ai pas garanti une place dans le six majeur, mais elle m\u2019a r\u00e9pondu\u00a0: \u00ab\u00a0Je viens pour le projet. S\u2019il y a meilleure que moi, je me battrai pour jouer, et si je suis la meilleure, je ferai tout pour continuer \u00e0 \u00eatre performante\u00a0\u00bb.\u00a0\u00bb<\/p>\n<p>Un \u00e9tat d\u2019esprit qui a forc\u00e9ment plu au coach cornouaillais en plus d\u2019une exp\u00e9rience in\u00e9galable. \u00ab\u00a0Elle joue juste, sait \u00e0 quel moment il faut acc\u00e9l\u00e9rer, \u00e0 quel moment ne pas faire la faute, \u00e0 quel moment o\u00f9 elle peut jouer petit bras ou retarder le bras pour attaquer. C\u2019est un exemple pour les plus jeunes.\u00a0\u00bb<\/p>\n<p>L\u2019\u00e2ge d\u2019\u00eatre leur m\u00e8re<\/p>\n<p>Des plus jeunes qui pourraient l\u2019avoir pour m\u00e8re, ce dont ne s\u2019offusque pas l\u2019ancienne internationale tunisienne, dont le meilleur souvenir reste d\u2019avoir disput\u00e9 les championnats du monde 2014 en Italie. \u00ab\u00a0Je sais que j\u2019ai l\u2019\u00e2ge d\u2019\u00eatre la maman de certaines joueuses, mais je ne me consid\u00e8re pas comme telle, car dans ma t\u00eate, j\u2019ai 20 ans aussi.\u00a0\u00bb<\/p>\n<p>Jeune dans sa t\u00eate et en forme sur le plan physique, ce qui lui permet de repousser ce qu\u2019on appelle commun\u00e9ment la \u00ab\u00a0petite mort\u00a0\u00bb chez les sportifs qui stoppent leur carri\u00e8re. \u00ab\u00a0Le corps, c\u2019est une machine de travail et la mienne ne l\u00e2che pas. Moi, ce que j\u2019aime, c\u2019est cette routine de l\u2019entra\u00eenement, du vestiaire, de la pr\u00e9paration physique.\u00a0\u00bb<\/p>\n<p>Une derni\u00e8re chose l\u2019a \u00e9galement incit\u00e9 \u00e0 prolonger\u00a0: la Bretagne. \u00ab\u00a0On m\u2019a dit que c\u2019est une tr\u00e8s belle r\u00e9gion. J\u2019ai h\u00e2te de d\u00e9couvrir.\u00a0\u00bb<\/p>\n","protected":false},"excerpt":{"rendered":"\u00c9lite f\u00e9minine (3e journ\u00e9e). Quimper &#8211; Rennes EC, ce samedi (20\u00a0h) Elle pense \u00eatre la doyenne en \u00c9lite&hellip;\n","protected":false},"author":2,"featured_media":453813,"comment_status":"","ping_status":"","sticky":false,"template":"","format":"standard","meta":{"footnotes":""},"categories":[1417],"tags":[1011,27,3319,28440,584,60,1470,1469],"class_list":{"0":"post-453812","1":"post","2":"type-post","3":"status-publish","4":"format-standard","5":"has-post-thumbnail","7":"category-volley","8":"tag-fr","9":"tag-france","10":"tag-quimper","11":"tag-quimper-volley-29","12":"tag-rennes","13":"tag-sports","14":"tag-volley","15":"tag-volleyball"},"share_on_mastodon":{"url":"https:\/\/pubeurope.com\/@fr\/115352776470117328","error":""},"_links":{"self":[{"href":"https:\/\/www.europesays.com\/fr\/wp-json\/wp\/v2\/posts\/453812","targetHints":{"allow":["GET"]}}],"collection":[{"href":"https:\/\/www.europesays.com\/fr\/wp-json\/wp\/v2\/posts"}],"about":[{"href":"https:\/\/www.europesays.com\/fr\/wp-json\/wp\/v2\/types\/post"}],"author":[{"embeddable":true,"href":"https:\/\/www.europesays.com\/fr\/wp-json\/wp\/v2\/users\/2"}],"replies":[{"embeddable":true,"href":"https:\/\/www.europesays.com\/fr\/wp-json\/wp\/v2\/comments?post=453812"}],"version-history":[{"count":0,"href":"https:\/\/www.europesays.com\/fr\/wp-json\/wp\/v2\/posts\/453812\/revisions"}],"wp:featuredmedia":[{"embeddable":true,"href":"https:\/\/www.europesays.com\/fr\/wp-json\/wp\/v2\/media\/453813"}],"wp:attachment":[{"href":"https:\/\/www.europesays.com\/fr\/wp-json\/wp\/v2\/media?parent=453812"}],"wp:term":[{"taxonomy":"category","embeddable":true,"href":"https:\/\/www.europesays.com\/fr\/wp-json\/wp\/v2\/categories?post=453812"},{"taxonomy":"post_tag","embeddable":true,"href":"https:\/\/www.europesays.com\/fr\/wp-json\/wp\/v2\/tags?post=453812"}],"curies":[{"name":"wp","href":"https:\/\/api.w.org\/{rel}","templated":true}]}}