{"id":453816,"date":"2025-10-11T00:48:12","date_gmt":"2025-10-11T00:48:12","guid":{"rendered":"https:\/\/www.europesays.com\/fr\/453816\/"},"modified":"2025-10-11T00:48:12","modified_gmt":"2025-10-11T00:48:12","slug":"le-n1-mondial-lance-sa-preparation-pour-le-six-kings-slam","status":"publish","type":"post","link":"https:\/\/www.europesays.com\/fr\/453816\/","title":{"rendered":"le n\u00b01 mondial lance sa pr\u00e9paration pour le Six Kings Slam"},"content":{"rendered":"<p>                <img decoding=\"async\" src=\"https:\/\/www.europesays.com\/fr\/wp-content\/uploads\/2025\/10\/RICd.jpg\" fetchpriority=\"high\" alt=\"Alcaraz de retour \u00e0 l\u2019entra\u00eenement : le n\u00b01 mondial lance sa pr\u00e9paration pour le Six Kings Slam\"\/><\/p>\n<p>Carlos Alcaraz a repris l\u2019entra\u00eenement \u00e0 El Palmar, concentr\u00e9 sur un objectif : briller au Six Kings Slam \u00e0 Riyad. Battu l\u2019an dernier en finale, le n\u00b01 mondial vise la victoire et le joli pactole promis au vainqueur.<\/p>\n<p>Les choses s\u00e9rieuses reprennent pour Carlos Alcaraz. Absent du circuit depuis son titre \u00e0 l\u2019ATP 500 de Tokyo fin septembre, le n\u00b01 mondial a repris l\u2019entra\u00eenement vendredi sur le court indoor de son acad\u00e9mie \u00e0 El Palmar.<\/p>\n<p>Avant de se pr\u00e9parer pour le Masters 1000 de Paris, Alcaraz fera une escale \u00e0 Riyad, en Arabie saoudite, afin d\u2019y jouer la deuxi\u00e8me \u00e9dition du Six Kings Slam. Une exhibition jou\u00e9e du 15 au 18 octobre qui permettra au vainqueur d\u2019empocher la somme de six millions de dollars.<\/p>\n<p><strong>L\u2019an pass\u00e9, l\u2019Espagnol avait c\u00e9d\u00e9 en finale de cet \u00e9v\u00e8nement contre son rival Jannik Sinner.<\/strong><\/p>\n","protected":false},"excerpt":{"rendered":"Carlos Alcaraz a repris l\u2019entra\u00eenement \u00e0 El Palmar, concentr\u00e9 sur un objectif : briller au Six Kings Slam&hellip;\n","protected":false},"author":2,"featured_media":453817,"comment_status":"","ping_status":"","sticky":false,"template":"","format":"standard","meta":{"footnotes":""},"categories":[1415],"tags":[1011,27,60,1467],"class_list":{"0":"post-453816","1":"post","2":"type-post","3":"status-publish","4":"format-standard","5":"has-post-thumbnail","7":"category-tennis","8":"tag-fr","9":"tag-france","10":"tag-sports","11":"tag-tennis"},"share_on_mastodon":{"url":"https:\/\/pubeurope.com\/@fr\/115352784743846551","error":""},"_links":{"self":[{"href":"https:\/\/www.europesays.com\/fr\/wp-json\/wp\/v2\/posts\/453816","targetHints":{"allow":["GET"]}}],"collection":[{"href":"https:\/\/www.europesays.com\/fr\/wp-json\/wp\/v2\/posts"}],"about":[{"href":"https:\/\/www.europesays.com\/fr\/wp-json\/wp\/v2\/types\/post"}],"author":[{"embeddable":true,"href":"https:\/\/www.europesays.com\/fr\/wp-json\/wp\/v2\/users\/2"}],"replies":[{"embeddable":true,"href":"https:\/\/www.europesays.com\/fr\/wp-json\/wp\/v2\/comments?post=453816"}],"version-history":[{"count":0,"href":"https:\/\/www.europesays.com\/fr\/wp-json\/wp\/v2\/posts\/453816\/revisions"}],"wp:featuredmedia":[{"embeddable":true,"href":"https:\/\/www.europesays.com\/fr\/wp-json\/wp\/v2\/media\/453817"}],"wp:attachment":[{"href":"https:\/\/www.europesays.com\/fr\/wp-json\/wp\/v2\/media?parent=453816"}],"wp:term":[{"taxonomy":"category","embeddable":true,"href":"https:\/\/www.europesays.com\/fr\/wp-json\/wp\/v2\/categories?post=453816"},{"taxonomy":"post_tag","embeddable":true,"href":"https:\/\/www.europesays.com\/fr\/wp-json\/wp\/v2\/tags?post=453816"}],"curies":[{"name":"wp","href":"https:\/\/api.w.org\/{rel}","templated":true}]}}