{"id":453819,"date":"2025-10-11T00:51:11","date_gmt":"2025-10-11T00:51:11","guid":{"rendered":"https:\/\/www.europesays.com\/fr\/453819\/"},"modified":"2025-10-11T00:51:11","modified_gmt":"2025-10-11T00:51:11","slug":"lapproche-gagnante-denrico-cardile-pour-2026","status":"publish","type":"post","link":"https:\/\/www.europesays.com\/fr\/453819\/","title":{"rendered":"L&rsquo;approche gagnante d&rsquo;Enrico Cardile pour 2026"},"content":{"rendered":"<p itemprop=\"description\">Le nouveau directeur technique d&rsquo;Aston<br \/>\nMartin, Enrico Cardile, a partag\u00e9 sa vision ambitieuse pour la<br \/>\nfuture \u00e8re de la Formule 1, affirmant qu\u2019il apportera de la clart\u00e9<br \/>\n\u00e0 l\u2019\u00e9quipe britannique.<\/p>\n<p data-start=\"624\" data-end=\"876\">Interrog\u00e9 sur les raisons de son<br \/>\narriv\u00e9e chez <a href=\"https:\/\/f1i.autojournal.fr\/dossiers\/ecuries-de-f1\/aston-martin-f1-team-357164.html\" target=\"_blank\" rel=\"noopener\"><br \/>\nAston Martin<\/a>, Cardile explique que beaucoup de choses changent<br \/>\nen Formule 1, et que sa nouvelle \u00e9quipe est en bonne voie pour<br \/>\nr\u00e9ussir l\u2019ann\u00e9e prochaine.<\/p>\n<p data-start=\"624\" data-end=\"876\"><a href=\"https:\/\/f1i.autojournal.fr\/magazine\/magazine-features\/portrait\/cardile-ferrari-technique\/\" target=\"_blank\" rel=\"noopener\"><br \/>\nAncien cadre technique de Ferrari<\/a>, il a rejoint Aston Martin<br \/>\navec pour mission de guider le projet 2026. Cardile conc\u00e8de qu\u2019il<br \/>\nexiste une diff\u00e9rence de culture entre les deux \u00e9quipes, mais une<br \/>\ndiff\u00e9rence qui l\u2019enthousiasme.<\/p>\n<p>Cardile va partager son<br \/>\nexp\u00e9rience chez Ferrari<\/p>\n<p data-start=\"214\" data-end=\"447\">L&rsquo;ing\u00e9nieur italien mart\u00e8le son<br \/>\ncredo :\u00a0\u00ab Au final, ce qui compte, c\u2019est de gagner. Nous<br \/>\ndevons garder l\u2019objectif final en t\u00eate : il ne s\u2019agit pas d\u2019avoir<br \/>\nraison ou tort au d\u00e9part, mais de gagner \u00e0 la fin. \u00bb<\/p>\n<p data-start=\"214\" data-end=\"447\">\u00ab C\u2019est tr\u00e8s excitant,<br \/>\nextr\u00eamement dynamique, et j\u2019adore \u00e7a, se r\u00e9jouit Cardile.<br \/>\nCe n\u2019est jamais r\u00e9p\u00e9titif, et c\u2019est absolument addictif. Je<br \/>\nsuis pay\u00e9 pour suivre ma passion, donc comme je le dis souvent,<br \/>\nj\u2019ai de la chance. \u00bb<\/p>\n<p data-start=\"214\" data-end=\"447\">\u00ab Nous essayons de trouver<br \/>\nla meilleure fa\u00e7on de collaborer et de combiner nos efforts, plut\u00f4t<br \/>\nque de travailler en silos, d\u00e9taille-t-il. C\u2019est essentiel<br \/>\npour nous et pour toute \u00e9quipe de F1 : partager l\u2019information,<br \/>\ncr\u00e9er quelque chose qui soit plus riche que la simple somme de ses<br \/>\nparties. \u00bb<\/p>\n<p>La confiance r\u00e8gne chez Aston<br \/>\nMartin<\/p>\n<p data-start=\"1676\" data-end=\"2010\">\u00ab Je ne sais tout<br \/>\nsimplement pas si nous allons y arriver d\u00e8s la premi\u00e8re course, la<br \/>\ndeuxi\u00e8me, la septi\u00e8me ou une autre, explique Cardile. Ce<br \/>\nque nous avons, c\u2019est de l\u2019engagement, de la concentration et la<br \/>\nconfiance que nous ferons les choses correctement. Nous avons tout<br \/>\nce qu\u2019il faut pour faire du bon travail. L\u2019\u00e9chec n\u2019est pas une<br \/>\noption. \u00bb<\/p>\n<p data-start=\"2012\" data-end=\"2335\">Poursuivant sur sa mission, il<br \/>\nd\u00e9clare : \u00ab Vision. J\u2019apporte la vision de l\u2019organisation,<br \/>\nj\u2019apporte de la clart\u00e9, j\u2019apporte la prise de d\u00e9cision. Si je fais<br \/>\ncorrectement mon travail, mon r\u00f4le consiste \u00e0 poser la bonne<br \/>\nquestion au bon moment, \u00e0 comprendre la r\u00e9ponse, et \u00e0 prendre une<br \/>\nd\u00e9cision en cons\u00e9quence. \u00bb<\/p>\n<p data-start=\"2512\" data-end=\"2703\">Cardile a \u00e9galement indiqu\u00e9<br \/>\nque cette volont\u00e9 claire du succ\u00e8s de l\u2019\u00e9quipe dans le cadre des<br \/>\nnouveaux r\u00e8glements est partag\u00e9e par la direction d\u2019Aston Martin,<br \/>\nincluant ses figures cl\u00e9s :\u00a0\u00ab C\u2019est un travail en cours<br \/>\nqui avance \u00e9tape par \u00e9tape. J\u2019ai une vision claire et un plan<br \/>\nclair, convenu avec Andy Cowell, avec Adrian Newey, avec Lawrence<br \/>\n<a href=\"https:\/\/f1i.autojournal.fr\/dossiers\/pilotes-de-f1\/lance-stroll-f1-624935.html\" target=\"_blank\" rel=\"noopener\"><br \/>\nStroll<\/a>, sur ce que nous devons faire pour am\u00e9liorer<br \/>\nl\u2019organisation.\u00bb<\/p>\n","protected":false},"excerpt":{"rendered":"Le nouveau directeur technique d&rsquo;Aston Martin, Enrico Cardile, a partag\u00e9 sa vision ambitieuse pour la future \u00e8re de&hellip;\n","protected":false},"author":2,"featured_media":453820,"comment_status":"","ping_status":"","sticky":false,"template":"","format":"standard","meta":{"footnotes":""},"categories":[1412],"tags":[1709,57941,1451,1452,1453,1454,1455,1011,27,60],"class_list":{"0":"post-453819","1":"post","2":"type-post","3":"status-publish","4":"format-standard","5":"has-post-thumbnail","7":"category-f1","8":"tag-aston-martin","9":"tag-cardile","10":"tag-f1","11":"tag-formula-1","12":"tag-formula1","13":"tag-formule-1","14":"tag-formule1","15":"tag-fr","16":"tag-france","17":"tag-sports"},"share_on_mastodon":{"url":"https:\/\/pubeurope.com\/@fr\/115352796152150122","error":""},"_links":{"self":[{"href":"https:\/\/www.europesays.com\/fr\/wp-json\/wp\/v2\/posts\/453819","targetHints":{"allow":["GET"]}}],"collection":[{"href":"https:\/\/www.europesays.com\/fr\/wp-json\/wp\/v2\/posts"}],"about":[{"href":"https:\/\/www.europesays.com\/fr\/wp-json\/wp\/v2\/types\/post"}],"author":[{"embeddable":true,"href":"https:\/\/www.europesays.com\/fr\/wp-json\/wp\/v2\/users\/2"}],"replies":[{"embeddable":true,"href":"https:\/\/www.europesays.com\/fr\/wp-json\/wp\/v2\/comments?post=453819"}],"version-history":[{"count":0,"href":"https:\/\/www.europesays.com\/fr\/wp-json\/wp\/v2\/posts\/453819\/revisions"}],"wp:featuredmedia":[{"embeddable":true,"href":"https:\/\/www.europesays.com\/fr\/wp-json\/wp\/v2\/media\/453820"}],"wp:attachment":[{"href":"https:\/\/www.europesays.com\/fr\/wp-json\/wp\/v2\/media?parent=453819"}],"wp:term":[{"taxonomy":"category","embeddable":true,"href":"https:\/\/www.europesays.com\/fr\/wp-json\/wp\/v2\/categories?post=453819"},{"taxonomy":"post_tag","embeddable":true,"href":"https:\/\/www.europesays.com\/fr\/wp-json\/wp\/v2\/tags?post=453819"}],"curies":[{"name":"wp","href":"https:\/\/api.w.org\/{rel}","templated":true}]}}